{"id":586071,"date":"2025-12-08T09:54:14","date_gmt":"2025-12-08T09:54:14","guid":{"rendered":"https:\/\/www.europesays.com\/fr\/586071\/"},"modified":"2025-12-08T09:54:14","modified_gmt":"2025-12-08T09:54:14","slug":"un-elu-ecologiste-cautionne-les-messages-anti-police-projetes-pendant-la-fete-des-lumieres-a-lyon","status":"publish","type":"post","link":"https:\/\/www.europesays.com\/fr\/586071\/","title":{"rendered":"un \u00e9lu \u00e9cologiste cautionne les messages anti-police projet\u00e9s pendant la F\u00eate des Lumi\u00e8res \u00e0 Lyon"},"content":{"rendered":"<p itemprop=\"description\"><strong>Condamner.<\/strong><\/p>\n<p>C&rsquo;est le mot qui fut \u00e0 la mode ce week-end \u00e0 Lyon, apr\u00e8s l&rsquo;action des Soul\u00e8vements de la Terre place des Terreaux pendant la F\u00eate des Lumi\u00e8res. Le camp de <a href=\"https:\/\/www.lyonmag.com\/profil-personnalite-lyonnaise\/8\/jean-michel-aulas\" target=\"_blank\" rel=\"noopener\">Jean-Michel Aulas<\/a> exigeait ainsi que les \u00e9lus \u00e9cologistes condamnent, et ne se contentent pas de reposter le message de la pr\u00e9fecture sur X comme l&rsquo;avait fait le pr\u00e9sident de la M\u00e9tropole <a href=\"https:\/\/www.lyonmag.com\/profil-personnalite-lyonnaise\/518\/bruno-bernard\" target=\"_blank\" rel=\"noopener\">Bruno Bernard<\/a>.<\/p>\n<p>La chasse aux soutiens des Soul\u00e8vements de la Terre a port\u00e9 ses fruits puisque Samuel Mecklenburg, adjoint au maire du 4e arrondissement, a \u00e9t\u00e9 surpris en train de publier une story sur Instagram qui soulignait le c\u00f4t\u00e9 \u00ab\u00a0redoutablement efficace\u00a0\u00bb de cette \u00ab\u00a0effraction lumineuse\u00a0\u00bb. Pour rappel, des messages anti-police et anti-RN \u00e9taient projet\u00e9s sur la fa\u00e7ade du Palais Saint-Pierre \u00e0 la fin de l\u2019\u0153uvre place des Terreaux. \u00ab\u00a0Une v\u00e9rit\u00e9 crue au coeur de la f\u00eate\u00a0\u00bb, analysait-il.<\/p>\n<blockquote class=\"twitter-tweet\"><p>&#13;<\/p>\n<p dir=\"ltr\" lang=\"fr\">Pendant que le maire de Lyon condamne les actes intol\u00e9rables de <a href=\"https:\/\/twitter.com\/lessoulevements?ref_src=twsrc%5Etfw\" target=\"_blank\" rel=\"noopener\">@lessoulevements<\/a>, l\u2019adjoint \u00e0 la culture du maire du 4\u00e8me, Samuel Mecklenburg, cautionne et encourage.<\/p>\n<p>Qui croire ?<\/p>\n<p>J\u2019ai honte. Je pense \u00e0 ceux qui nous prot\u00e8gent. Il est temps de mettre fin \u00e0 cette mascarade. <a href=\"https:\/\/t.co\/6DQZCyLoXr\">https:\/\/t.co\/6DQZCyLoXr<\/a> <a href=\"https:\/\/t.co\/1YSCFMlEVZ\">pic.twitter.com\/1YSCFMlEVZ<\/a><\/p>\n<p>&#13;<br \/>\n\u2014 Loic Terrenes (@lterrenes) <a href=\"https:\/\/twitter.com\/lterrenes\/status\/1997755411135365430?ref_src=twsrc%5Etfw\" target=\"_blank\" rel=\"noopener\">December 7, 2025<\/a><\/p><\/blockquote>\n<p>\u00ab\u00a0Outre le rejet sans concession du projet politique n\u00e9o-fasciste du RN, ces messages interrogent le foss\u00e9 b\u00e9ant entre une police municipale garante du soin de proximit\u00e9 et une police nationale dont la doctrine l&rsquo;enferme dans une violence syst\u00e9mique scientifiquement av\u00e9r\u00e9e\u00a0\u00bb, poursuivait Samuel Mecklenburg.<\/p>\n<p>Une position qui s&rsquo;\u00e9loigne de celle de <a href=\"https:\/\/www.lyonmag.com\/profil-personnalite-lyonnaise\/504\/gregory-doucet\" target=\"_blank\" rel=\"noopener\">Gr\u00e9gory Doucet<\/a>, qui avait imm\u00e9diatement condamn\u00e9 \u00ab\u00a0ces propos violents\u00a0\u00bb envers les forces de l&rsquo;ordre.<\/p>\n<p>\t\t  <script async src=\"https:\/\/platform.twitter.com\/widgets.js\" charset=\"utf-8\"><\/script><\/p>\n","protected":false},"excerpt":{"rendered":"Condamner. C&rsquo;est le mot qui fut \u00e0 la mode ce week-end \u00e0 Lyon, apr\u00e8s l&rsquo;action des Soul\u00e8vements de&hellip;\n","protected":false},"author":2,"featured_media":586072,"comment_status":"","ping_status":"","sticky":false,"template":"","format":"standard","meta":{"footnotes":""},"categories":[1889],"tags":[1111,11,2813,2190,2430,1109,251,1112,2811,1777,674,118,1011,27,1922,1110,1114,2428,2810,12,241,316,25,2812,517,800],"class_list":{"0":"post-586071","1":"post","2":"type-post","3":"status-publish","4":"format-standard","5":"has-post-thumbnail","7":"category-lyon","8":"tag-actu","9":"tag-actualites","10":"tag-article","11":"tag-asvel","12":"tag-auvergne-rhone-alpes","13":"tag-breves","14":"tag-culture","15":"tag-depeches","16":"tag-economique","17":"tag-eu","18":"tag-europe","19":"tag-faits-divers","20":"tag-fr","21":"tag-france","22":"tag-info","23":"tag-informations","24":"tag-infos","25":"tag-lyon","26":"tag-lyonmag","27":"tag-news","28":"tag-ol","29":"tag-politique","30":"tag-republique-francaise","31":"tag-sociale","32":"tag-sport","33":"tag-transports"},"share_on_mastodon":{"url":"https:\/\/pubeurope.com\/@fr\/115683345371117201","error":""},"_links":{"self":[{"href":"https:\/\/www.europesays.com\/fr\/wp-json\/wp\/v2\/posts\/586071","targetHints":{"allow":["GET"]}}],"collection":[{"href":"https:\/\/www.europesays.com\/fr\/wp-json\/wp\/v2\/posts"}],"about":[{"href":"https:\/\/www.europesays.com\/fr\/wp-json\/wp\/v2\/types\/post"}],"author":[{"embeddable":true,"href":"https:\/\/www.europesays.com\/fr\/wp-json\/wp\/v2\/users\/2"}],"replies":[{"embeddable":true,"href":"https:\/\/www.europesays.com\/fr\/wp-json\/wp\/v2\/comments?post=586071"}],"version-history":[{"count":0,"href":"https:\/\/www.europesays.com\/fr\/wp-json\/wp\/v2\/posts\/586071\/revisions"}],"wp:featuredmedia":[{"embeddable":true,"href":"https:\/\/www.europesays.com\/fr\/wp-json\/wp\/v2\/media\/586072"}],"wp:attachment":[{"href":"https:\/\/www.europesays.com\/fr\/wp-json\/wp\/v2\/media?parent=586071"}],"wp:term":[{"taxonomy":"category","embeddable":true,"href":"https:\/\/www.europesays.com\/fr\/wp-json\/wp\/v2\/categories?post=586071"},{"taxonomy":"post_tag","embeddable":true,"href":"https:\/\/www.europesays.com\/fr\/wp-json\/wp\/v2\/tags?post=586071"}],"curies":[{"name":"wp","href":"https:\/\/api.w.org\/{rel}","templated":true}]}}