{"id":586075,"date":"2025-12-08T09:57:18","date_gmt":"2025-12-08T09:57:18","guid":{"rendered":"https:\/\/www.europesays.com\/fr\/586075\/"},"modified":"2025-12-08T09:57:18","modified_gmt":"2025-12-08T09:57:18","slug":"amenagement-la-region-signe-deux-contrats-en-seine-saint-denis","status":"publish","type":"post","link":"https:\/\/www.europesays.com\/fr\/586075\/","title":{"rendered":"Am\u00e9nagement : la R\u00e9gion signe deux contrats en Seine-Saint-Denis"},"content":{"rendered":"<p><a href=\"https:\/\/mesinfos.fr\/91540-mennecy\/grand-paris-amenagement-jean-philippe-dugoin-clement-reelu-president-du-conseil-d-administration-235045.html\" rel=\"noopener\" target=\"_blank\">Jean-Philippe Dugoin-Cl\u00e9ment<\/a>, vice-pr\u00e9sident de la R\u00e9gion Ile-de-France, a sign\u00e9 un <a href=\"https:\/\/mesinfos.fr\/ile-de-france\/jean-philippe-dugoin-clement-bienfaiteur-au-nom-de-la-region-179973.html\" rel=\"noopener\" target=\"_blank\">Contrat d\u2019am\u00e9nagement r\u00e9gional\u00a0<\/a>(<strong>CAR<\/strong>) avec la <strong>Ville de Bondy et avec celle de Drancy<\/strong>. <\/p>\n<p>Ces CAR visent le financement par la R\u00e9gion \u00cele-de-France de <strong>quatre op\u00e9rations<\/strong> \u00e0 hauteur de <strong>1,8 million d\u2019euros<\/strong>. <\/p>\n<p>\u00c0 Bondy, la R\u00e9gion soutient le projet de <strong>r\u00e9habilitation de l\u2019accueil de l\u2019h\u00f4tel de ville<\/strong> et celui du r\u00e9am\u00e9nagement des <strong>cours oasis du groupe scolaire Bethinger-Salengro<\/strong>, \u00e0 hauteur de pr\u00e8s de <strong>800 000 euros<\/strong>. \u00c0 Drancy, les deux op\u00e9rations d\u2019am\u00e9nagement, soutenues \u00e0 hauteur d\u2019un million d\u2019euros, concernent la <strong>construction du groupe scolaire du Baillet<\/strong> et l\u2019am\u00e9nagement du <strong>chemin des Barri\u00e8res.<\/strong> <\/p>\n<p>L\u2019accueil de l\u2019h\u00f4tel de ville de Bondy bient\u00f4t plus moderne et plus lisible <\/p>\n<p>S\u2019agissant du premier projet, la Ville de Bondy a d\u00e9cid\u00e9 de r\u00e9am\u00e9nager l\u2019accueil de son h\u00f4tel de ville qui manque de lisibilit\u00e9 (espace fragment\u00e9, faux plafonds de diff\u00e9rents niveaux et rev\u00eatements de sol vari\u00e9s). Seul le <strong>hall d\u2019accueil de 275 m\u00b2<\/strong> et les six bureaux, repr\u00e9sentant un total de 120 m\u00b2, sont concern\u00e9s par le projet. <\/p>\n<p>Ce dernier vise \u00e0 <strong>moderniser et optimiser<\/strong> l\u2019accueil des usagers de l\u2019h\u00f4tel de ville, \u00e0 <strong>r\u00e9organiser les flux,<\/strong> \u00e0 le rendre conforme aux <strong>normes PMR<\/strong>, \u00e0 am\u00e9liorer les <strong>conditions de travail des agents<\/strong> et \u00e0 <strong>r\u00e9duire l\u2019empreinte carbone<\/strong> du b\u00e2timent gr\u00e2ce \u00e0 des \u00e9quipements sobres. L\u2019espace d\u2019accueil, tout en longueur, sera structur\u00e9 en <strong>deux s\u00e9quences<\/strong> principales\u00a0: d\u2019une part une <strong>zone d\u2019attente<\/strong>, qui b\u00e9n\u00e9ficiera d\u2019un traitement diff\u00e9renci\u00e9 du sol, d\u2019un \u00e9clairage LED sp\u00e9cifique et d\u2019une isolation acoustique, et, d\u2019autre part, les <strong>six bureaux.<\/strong><\/p>\n<p>Les travaux commenc\u00e9s en juin dernier seront livr\u00e9s \u00e0 la fin du 1er trimestre 2026. <\/p>\n<p>V\u00e9g\u00e9talisation des cours du groupe scolaire B\u00e9thinger-Salengro\u00a0 <\/p>\n<p>Concernant le <strong>groupe scolaire B\u00e9thinger-Salengro<\/strong>, qui regroupe trois \u00e9tablissements, le projet vise les <strong>4 518 m\u00b2 de cours, notamment <\/strong>caract\u00e9ris\u00e9es par une forte imperm\u00e9abilisation. Les surfaces perm\u00e9ables repr\u00e9senteront 52,5 % des cours (2369,40 m\u00b2), incluant des espaces de motricit\u00e9, ludiques et calmes en copeaux de bois, ainsi que des \u00eelots v\u00e9g\u00e9talis\u00e9s. <\/p>\n<p>Le r\u00e9am\u00e9nagement pr\u00e9voit la cr\u00e9ation de <strong>zones v\u00e9g\u00e9talis\u00e9es<\/strong> et de <strong>noues<\/strong> pour g\u00e9rer les <strong>eaux pluviales<\/strong> et limiter <strong>l\u2019effet d\u2019\u00eelot de chaleur urbain<\/strong>, l\u2019am\u00e9nagement d\u2019espaces p\u00e9dagogiques, de <strong>zones ludiques, <\/strong>de zones de repos, ainsi que de <strong>zones techniques pour le stockage<\/strong>. En outre, 29 arbres et 121 arbustes seront plant\u00e9s. <\/p>\n<p>Les <strong>travaux<\/strong> se d\u00e9rouleront en <strong>deux phases<\/strong> : la d\u00e9pose des \u00e9l\u00e9ments existants (enrob\u00e9s, r\u00e9seaux, mobiliers, bordures) et le nivellement, puis la pose d\u2019enrob\u00e9 clair pour les circulations, la r\u00e9alisation des sout\u00e8nements et l\u2019am\u00e9nagement des espaces perm\u00e9ables. <\/p>\n<p> Un nouveau groupe scolaire pour le futur quartier du Baillet de Drancy <\/p>\n<p>Le <strong>futur quartier du Baillet<\/strong> accueillera <a href=\"https:\/\/mesinfos.fr\/ile-de-france\/logement-pour-jean-philippe-dugoin-clement-une-crise-plus-grave-nous-attend-dans-trois-ou-quatre-ans-152821.html\" rel=\"noopener\" target=\"_blank\">1 200 logements<\/a>, un centre culturel, des commerces, une nouvelle voirie, un parc de 5 400 m\u00b2 ainsi qu\u2019un <strong>groupe scolaire<\/strong>, dont la construction est soutenue par la R\u00e9gion. Le site, construit sur une parcelle d\u00e9pollu\u00e9e de 5 962 m\u00b2, s\u2019ouvrira sur un parvis. <\/p>\n<p>L\u2019\u00e9quipement regroupera une \u00e9cole maternelle de neuf classes, une \u00e9cole \u00e9l\u00e9mentaire de quinze classes, un centre de loisirs, une demi-pension et l\u2019ensemble des salles n\u00e9cessaires aux activit\u00e9s, au repos et \u00e0 l\u2019hygi\u00e8ne des \u00e9l\u00e8ves. <\/p>\n<p>Les deux \u00e9coles disposeront chacune d\u2019un hall ind\u00e9pendant int\u00e9grant leurs espaces centraux et d\u2019un parking semi-enterr\u00e9 pour les enseignants . Le projet garantira une accessibilit\u00e9 universelle et encouragera les mobilit\u00e9s douces. <\/p>\n<p>Con\u00e7u conform\u00e9ment \u00e0 la RE2020 et visant le niveau argent du label B\u00e2timent durable \u00cele-de-France, l\u2019ensemble utilisera des mat\u00e9riaux biosourc\u00e9s et locaux. Les toitures seront v\u00e9g\u00e9talis\u00e9es et accueilleront des potagers p\u00e9dagogiques. L\u2019architecture privil\u00e9giera les apports solaires ma\u00eetris\u00e9s, tout en prot\u00e9geant les cours et les pr\u00e9aux du vent et des nuisances sonores. <\/p>\n<p>Le chantier d\u00e9butera le 19 d\u00e9cembre prochain, pour une livraison pr\u00e9vue \u00e0 la rentr\u00e9e scolaire 2027.<\/p>\n<p> <img decoding=\"async\" alt=\"\" class=\"img-align-center img-size-limited\" data-zoomable=\"\" height=\"1500\" loading=\"lazy\" src=\"https:\/\/www.europesays.com\/fr\/wp-content\/uploads\/2025\/12\/car-drancy1.jpg\" width=\"2000\"\/> \u00a9DR &#8211; Jean-Philippe Dugoin-Cl\u00e9ment, vice-pr\u00e9sident de la R\u00e9gion Ile-de-France, a sign\u00e9 un CAR avec la ville de Drancy, en pr\u00e9sence de sa maire, Aude Lagarde. R\u00e9habilitation compl\u00e8te du chemin des Barri\u00e8res, en mauvais \u00e9tat <\/p>\n<p>Le <strong>chemin des Barri\u00e8res<\/strong>, situ\u00e9 au nord de l\u2019emprise ferroviaire de Drancy, est r\u00e9serv\u00e9 aux mobilit\u00e9s douces et constitue un <strong>espace de rencontre et de convivialit\u00e9<\/strong> pour les habitants. <\/p>\n<p>\u00c9tant en <strong>mauvais \u00e9tat<\/strong> &#8211; enrob\u00e9 d\u00e9grad\u00e9, bas-c\u00f4t\u00e9s envahis par des esp\u00e8ces non-indig\u00e8nes et murs et escaliers ab\u00eem\u00e9s -, sa <strong>r\u00e9habilitation compl\u00e8te<\/strong> a \u00e9t\u00e9 d\u00e9cid\u00e9e par la Ville. <\/p>\n<p>Elle vise, entre autre, la <strong>cr\u00e9ation de 456 m\u00b2 d\u2019espaces verts<\/strong>, avec la plantation de 15 arbres, d\u2019arbustes et de <strong>plantes vivaces<\/strong>, l\u2019installation d\u2019une <strong>jardini\u00e8re<\/strong>, la r\u00e9novation des terrasses et le remplacement de la borne \u00e0 eau. <\/p>\n<p>Des <strong>travaux de voirie et r\u00e9seaux divers<\/strong> (VRD) sont \u00e9galement au programme : reprise de 85 m\u00b2 d\u2019enrob\u00e9 rouge, pose de 479 m\u00b2 d\u2019enrob\u00e9 beige, r\u00e9fection de l\u2019escalier Bizet et cr\u00e9ation d\u2019un parking de 47 m\u00b2 en pavage drainant.<\/p>\n","protected":false},"excerpt":{"rendered":"Jean-Philippe Dugoin-Cl\u00e9ment, vice-pr\u00e9sident de la R\u00e9gion Ile-de-France, a sign\u00e9 un Contrat d\u2019am\u00e9nagement r\u00e9gional\u00a0(CAR) avec la Ville de Bondy&hellip;\n","protected":false},"author":2,"featured_media":586076,"comment_status":"","ping_status":"","sticky":false,"template":"","format":"standard","meta":{"footnotes":""},"categories":[1592],"tags":[1111,11,8853,1777,674,1011,27,662,12,626,25],"class_list":{"0":"post-586075","1":"post","2":"type-post","3":"status-publish","4":"format-standard","5":"has-post-thumbnail","7":"category-ile-de-france","8":"tag-actu","9":"tag-actualites","10":"tag-amu00e9nagement","11":"tag-eu","12":"tag-europe","13":"tag-fr","14":"tag-france","15":"tag-ile-de-france","16":"tag-news","17":"tag-paris","18":"tag-republique-francaise"},"share_on_mastodon":{"url":"https:\/\/pubeurope.com\/@fr\/115683358076152982","error":""},"_links":{"self":[{"href":"https:\/\/www.europesays.com\/fr\/wp-json\/wp\/v2\/posts\/586075","targetHints":{"allow":["GET"]}}],"collection":[{"href":"https:\/\/www.europesays.com\/fr\/wp-json\/wp\/v2\/posts"}],"about":[{"href":"https:\/\/www.europesays.com\/fr\/wp-json\/wp\/v2\/types\/post"}],"author":[{"embeddable":true,"href":"https:\/\/www.europesays.com\/fr\/wp-json\/wp\/v2\/users\/2"}],"replies":[{"embeddable":true,"href":"https:\/\/www.europesays.com\/fr\/wp-json\/wp\/v2\/comments?post=586075"}],"version-history":[{"count":0,"href":"https:\/\/www.europesays.com\/fr\/wp-json\/wp\/v2\/posts\/586075\/revisions"}],"wp:featuredmedia":[{"embeddable":true,"href":"https:\/\/www.europesays.com\/fr\/wp-json\/wp\/v2\/media\/586076"}],"wp:attachment":[{"href":"https:\/\/www.europesays.com\/fr\/wp-json\/wp\/v2\/media?parent=586075"}],"wp:term":[{"taxonomy":"category","embeddable":true,"href":"https:\/\/www.europesays.com\/fr\/wp-json\/wp\/v2\/categories?post=586075"},{"taxonomy":"post_tag","embeddable":true,"href":"https:\/\/www.europesays.com\/fr\/wp-json\/wp\/v2\/tags?post=586075"}],"curies":[{"name":"wp","href":"https:\/\/api.w.org\/{rel}","templated":true}]}}