{"id":586093,"date":"2025-12-08T10:09:21","date_gmt":"2025-12-08T10:09:21","guid":{"rendered":"https:\/\/www.europesays.com\/fr\/586093\/"},"modified":"2025-12-08T10:09:21","modified_gmt":"2025-12-08T10:09:21","slug":"zone-euro-le-moral-des-investisseurs-sameliore-en-decembre-lallemagne-reste-un-frein-selon-lindice-sentix","status":"publish","type":"post","link":"https:\/\/www.europesays.com\/fr\/586093\/","title":{"rendered":"Zone euro: Le moral des investisseurs s&rsquo;am\u00e9liore en d\u00e9cembre, l&rsquo;Allemagne reste un frein, selon l&rsquo;indice Sentix"},"content":{"rendered":"<p>FRANCFORT, 8 d\u00e9cembre (Reuters) &#8211;     L&rsquo;indice Sentix, qui mesure le moral des investisseurs dans la zone euro, est pass\u00e9 de -7,4 en novembre \u00e0 -6,2 en d\u00e9cembre mais l&rsquo;Allemagne, premi\u00e8re \u00e9conomie du bloc, reste un \u00ab\u00a0obstacle\u00a0\u00bb pour la r\u00e9gion, montrent les donn\u00e9es publi\u00e9es lundi. <\/p>\n<p>\n              Les investisseurs interrog\u00e9s par Reuters attendaient une am\u00e9lioration de l&rsquo;indice \u00e0 -7,0.<\/p>\n<p>\n              L&rsquo;enqu\u00eate men\u00e9e aupr\u00e8s de 1.063 investisseurs du 4 au 6 d\u00e9cembre montre que l&rsquo;\u00e9valuation de la situation actuelle s&rsquo;est \u00e9galement am\u00e9lior\u00e9e, passant de -17,5 en novembre \u00e0 -16,5 en d\u00e9cembre. <\/p>\n<p>\n              De m\u00eame pour les pr\u00e9visions \u00e9conomiques pour les six prochains mois qui sont pass\u00e9es de 3,3 en novembre \u00e0 4,8 en d\u00e9cembre.<\/p>\n<p>\n              \u00ab\u00a0On peut tout au plus dire que l&rsquo;\u00e9conomie de la zone euro se stabilise\u00a0\u00bb, temp\u00e8re cependant l&rsquo;institut de recherche \u00e9conomique Sentix dans un communiqu\u00e9.<\/p>\n<p>\n              En Allemagne, l&rsquo;indice Sentix est tomb\u00e9 \u00e0 -22,7 contre -20,4, son niveau le plus bas depuis avril, tandis que l&rsquo;\u00e9valuation de la situation actuelle a recul\u00e9 \u00e0 son niveau le plus bas depuis f\u00e9vrier, \u00e0 -41,8.<\/p>\n<p>\n              \u00ab\u00a0Dans la zone euro, on a donc du mal \u00e0 percevoir l&rsquo;\u00e9lan mondial constat\u00e9 par les participants \u00e0 l&rsquo;enqu\u00eate Sentix pour presque toutes les autres r\u00e9gions et tous les autres pays (&#8230;) Fin 2025, la raison en est \u00e0 chercher du c\u00f4t\u00e9 de l&rsquo;Allemagne, la plus grande \u00e9conomie de la zone euro\u00a0\u00bb, a ajout\u00e9 l&rsquo;institut.  <\/p>\n<p> (R\u00e9dig\u00e9 par Christoph Steitz, version fran\u00e7aise Kate Entringer, \u00e9dit\u00e9 par Blandine H\u00e9nault)<\/p>\n","protected":false},"excerpt":{"rendered":"FRANCFORT, 8 d\u00e9cembre (Reuters) &#8211; L&rsquo;indice Sentix, qui mesure le moral des investisseurs dans la zone euro, est&hellip;\n","protected":false},"author":2,"featured_media":586094,"comment_status":"","ping_status":"","sticky":false,"template":"","format":"standard","meta":{"footnotes":""},"categories":[1587],"tags":[11,672,340,1804,1805,1803,1777,674,1801,12,1802],"class_list":{"0":"post-586093","1":"post","2":"type-post","3":"status-publish","4":"format-standard","5":"has-post-thumbnail","7":"category-allemagne","8":"tag-actualites","9":"tag-allemagne","10":"tag-bourse","11":"tag-bundesrepublik-deutschland","12":"tag-de","13":"tag-deutschland","14":"tag-eu","15":"tag-europe","16":"tag-germany","17":"tag-news","18":"tag-republique-federale-dallemagne"},"share_on_mastodon":{"url":"https:\/\/pubeurope.com\/@fr\/115683404306724341","error":""},"_links":{"self":[{"href":"https:\/\/www.europesays.com\/fr\/wp-json\/wp\/v2\/posts\/586093","targetHints":{"allow":["GET"]}}],"collection":[{"href":"https:\/\/www.europesays.com\/fr\/wp-json\/wp\/v2\/posts"}],"about":[{"href":"https:\/\/www.europesays.com\/fr\/wp-json\/wp\/v2\/types\/post"}],"author":[{"embeddable":true,"href":"https:\/\/www.europesays.com\/fr\/wp-json\/wp\/v2\/users\/2"}],"replies":[{"embeddable":true,"href":"https:\/\/www.europesays.com\/fr\/wp-json\/wp\/v2\/comments?post=586093"}],"version-history":[{"count":0,"href":"https:\/\/www.europesays.com\/fr\/wp-json\/wp\/v2\/posts\/586093\/revisions"}],"wp:featuredmedia":[{"embeddable":true,"href":"https:\/\/www.europesays.com\/fr\/wp-json\/wp\/v2\/media\/586094"}],"wp:attachment":[{"href":"https:\/\/www.europesays.com\/fr\/wp-json\/wp\/v2\/media?parent=586093"}],"wp:term":[{"taxonomy":"category","embeddable":true,"href":"https:\/\/www.europesays.com\/fr\/wp-json\/wp\/v2\/categories?post=586093"},{"taxonomy":"post_tag","embeddable":true,"href":"https:\/\/www.europesays.com\/fr\/wp-json\/wp\/v2\/tags?post=586093"}],"curies":[{"name":"wp","href":"https:\/\/api.w.org\/{rel}","templated":true}]}}