{"id":586095,"date":"2025-12-08T10:10:16","date_gmt":"2025-12-08T10:10:16","guid":{"rendered":"https:\/\/www.europesays.com\/fr\/586095\/"},"modified":"2025-12-08T10:10:16","modified_gmt":"2025-12-08T10:10:16","slug":"strategie-de-securite-americaine-leurope-ne-peut-accepter-une-menace-dinterference","status":"publish","type":"post","link":"https:\/\/www.europesays.com\/fr\/586095\/","title":{"rendered":"Strat\u00e9gie de s\u00e9curit\u00e9 am\u00e9ricaine\u00a0: l\u2019Europe ne peut accepter une \u00ab\u00a0menace d\u2019interf\u00e9rence\u00a0\u00bb"},"content":{"rendered":"<p>\u00ab Ce qu\u2019on ne peut pas accepter c\u2019est cette menace d\u2019interf\u00e9rence dans la vie politique de l\u2019Europe \u00bb, a d\u00e9clar\u00e9 le pr\u00e9sident du Conseil europ\u00e9en, Antonio Costa, lors d\u2019une intervention ce lundi \u00e0 l\u2019Institut Jacques-Delors, \u00e0 Paris, suite aux r\u00e9centes d\u00e9clarations de Donald Trump sur l\u2019UE. \u00ab Les \u00c9tats-Unis ne peuvent pas remplacer les citoyens europ\u00e9ens pour choisir quels sont les bons partis et les mauvais partis \u00bb.<\/p>\n<p>\u00ab Si on est des alli\u00e9s, on doit agir en tant qu\u2019alli\u00e9s \u00bb<\/p>\n<p>L\u2019administration Trump a publi\u00e9, ce vendredi, un document qui red\u00e9finit sa \u00ab<a href=\"https:\/\/www.letelegramme.fr\/monde\/lere-des-migrations-de-masse-doit-prendre-fin-trump-veut-privilegier-la-securite-de-ses-frontieres-6941550.php\" target=\"_blank\" rel=\"noopener\"> Strat\u00e9gie de s\u00e9curit\u00e9 nationale<\/a> \u00bb. Ce texte, dont la publication \u00e9tait tr\u00e8s attendue, couche sur le papier l\u2019offensive lanc\u00e9e par Washington depuis des mois contre le Vieux continent.<\/p>\n<p>Il cible, p\u00eale-m\u00eale, les instances europ\u00e9ennes \u00ab qui sapent la libert\u00e9 politique et la souverainet\u00e9 \u00bb, les politiques migratoires, \u00ab la censure de la libert\u00e9 d\u2019expression et la r\u00e9pression de l\u2019opposition politique, l\u2019effondrement des taux de natalit\u00e9 et la perte des identit\u00e9s nationales et de la confiance en soi \u00bb en Europe.<\/p>\n<p>\u00ab On a des diff\u00e9rences sur notre vision du monde, mais cela va au-del\u00e0 de \u00e7a \u00bb, a soulign\u00e9 lundi Antonio Costa. \u00ab Cette strat\u00e9gie continue \u00e0 parler de l\u2019Europe en tant qu\u2019alli\u00e9e. C\u2019est bien, mais si on est des alli\u00e9s, on doit agir en tant qu\u2019alli\u00e9s \u00bb. \u00ab On respecte la souverainet\u00e9 des uns et des autres. \u00bb<\/p>\n<p>\u00ab Les \u00c9tats-Unis restent un alli\u00e9 important, les \u00c9tats-Unis restent un partenaire \u00e9conomique important, mais notre Europe doit \u00eatre souveraine \u00bb, a-t-il conclu.<\/p>\n<p>D\u00e8s f\u00e9vrier dernier, le vice-pr\u00e9sident am\u00e9ricain, JD Vance, avait constern\u00e9 les Allemands et, plus g\u00e9n\u00e9ralement, les Europ\u00e9ens, lors d\u2019un discours \u00e0 Munich dans lequel il avait affirm\u00e9 que la libert\u00e9 d\u2019expression \u00ab reculait \u00bb sur le continent.<\/p>\n","protected":false},"excerpt":{"rendered":"\u00ab Ce qu\u2019on ne peut pas accepter c\u2019est cette menace d\u2019interf\u00e9rence dans la vie politique de l\u2019Europe \u00bb,&hellip;\n","protected":false},"author":2,"featured_media":586096,"comment_status":"","ping_status":"","sticky":false,"template":"","format":"standard","meta":{"footnotes":""},"categories":[1586],"tags":[11,75,765,73,1777,674,1011,27,74,12,25,364],"class_list":{"0":"post-586095","1":"post","2":"type-post","3":"status-publish","4":"format-standard","5":"has-post-thumbnail","7":"category-europe","8":"tag-actualites","9":"tag-donald-trump","10":"tag-en-continu","11":"tag-etats-unis","12":"tag-eu","13":"tag-europe","14":"tag-fr","15":"tag-france","16":"tag-monde","17":"tag-news","18":"tag-republique-francaise","19":"tag-union-europeenne"},"share_on_mastodon":{"url":"https:\/\/pubeurope.com\/@fr\/115683408465039628","error":""},"_links":{"self":[{"href":"https:\/\/www.europesays.com\/fr\/wp-json\/wp\/v2\/posts\/586095","targetHints":{"allow":["GET"]}}],"collection":[{"href":"https:\/\/www.europesays.com\/fr\/wp-json\/wp\/v2\/posts"}],"about":[{"href":"https:\/\/www.europesays.com\/fr\/wp-json\/wp\/v2\/types\/post"}],"author":[{"embeddable":true,"href":"https:\/\/www.europesays.com\/fr\/wp-json\/wp\/v2\/users\/2"}],"replies":[{"embeddable":true,"href":"https:\/\/www.europesays.com\/fr\/wp-json\/wp\/v2\/comments?post=586095"}],"version-history":[{"count":0,"href":"https:\/\/www.europesays.com\/fr\/wp-json\/wp\/v2\/posts\/586095\/revisions"}],"wp:featuredmedia":[{"embeddable":true,"href":"https:\/\/www.europesays.com\/fr\/wp-json\/wp\/v2\/media\/586096"}],"wp:attachment":[{"href":"https:\/\/www.europesays.com\/fr\/wp-json\/wp\/v2\/media?parent=586095"}],"wp:term":[{"taxonomy":"category","embeddable":true,"href":"https:\/\/www.europesays.com\/fr\/wp-json\/wp\/v2\/categories?post=586095"},{"taxonomy":"post_tag","embeddable":true,"href":"https:\/\/www.europesays.com\/fr\/wp-json\/wp\/v2\/tags?post=586095"}],"curies":[{"name":"wp","href":"https:\/\/api.w.org\/{rel}","templated":true}]}}