{"id":586097,"date":"2025-12-08T10:11:17","date_gmt":"2025-12-08T10:11:17","guid":{"rendered":"https:\/\/www.europesays.com\/fr\/586097\/"},"modified":"2025-12-08T10:11:17","modified_gmt":"2025-12-08T10:11:17","slug":"les-etats-europeens-decideront-ce-soir-sils-laissent-lextreme-droite-regner-a-bruxelles","status":"publish","type":"post","link":"https:\/\/www.europesays.com\/fr\/586097\/","title":{"rendered":"Les \u00c9tats europ\u00e9ens d\u00e9cideront ce soir s\u2019ils laissent l\u2019extr\u00eame droite r\u00e9gner \u00e0 Bruxelles"},"content":{"rendered":"<p><strong>Toute comparaison avec les ann\u00e9es 1930 et la mont\u00e9e du totalitarisme europ\u00e9en est d\u00e9sormais autoris\u00e9e.\u00a0\u00a0\u00a0<\/strong><\/p>\n<p><strong>Alors que le monde se d\u00e9lite sous nos yeux et qu\u2019aucune \u00e9conomie ne pourra r\u00e9sister \u00e0 la destruction de la biosph\u00e8re g\u00e9n\u00e9r\u00e9e par le franchissement de sept des neuf limites plan\u00e9taires, les dirigeants politiques, Ursula von der Leyen, Emmanuel Macron et le chancelier allemand Friedrich Merz en t\u00eate, ont pris fait et cause pour le fascisme am\u00e9ricain de Donald Trump et les multinationales les plus irresponsables et dangereuses pour l\u2019avenir et la s\u00e9curit\u00e9 de l\u2019humanit\u00e9.\u00a0<\/strong><\/p>\n<p><strong>La premi\u00e8re victime de l\u2019alliance in\u00e9dite entre la droite et l\u2019extr\u00eame droite europ\u00e9ennes a donn\u00e9 pleine satisfaction aux lobbies industriels en r\u00e9duisant \u00e0 n\u00e9ant un pilier du Green Deal\u202f: la directive sur le devoir de vigilance des entreprises.\u00a0<\/strong><\/p>\n<p><strong>Ce soir, la France et l\u2019Allemagne de S\u00e9bastien Lecornu et Friedrich Merz doivent renoncer fermement \u00e0 l\u00e9gif\u00e9rer et gouverner avec le soutien de l\u2019extr\u00eame droite europ\u00e9enne. Celle-ci, unie par une culture nationaliste x\u00e9nophobe, anti-immigration et anti-d\u00e9mocratie, comprend des partis ouvertement n\u00e9onazis comme l\u2019AfD en Allemagne.\u00a0<\/strong><\/p>\n<p><strong>Si la France et l\u2019Allemagne \u00e9chouent \u00e0 maintenir le cordon sanitaire, elles n\u2019auront pas seulement ouvert les \u00ab\u202fportes de l\u2019enfer\u202f\u00bb climatique en Europe mais aussi d\u00e9mocratique. S\u00e9bastien Lecornu et Friedrich Merz sont au pied du mur. Les \u00c9tats europ\u00e9ens n\u2019ont pas le droit \u00e0 l\u2019erreur.\u00a0<\/strong><\/p>\n<p>Le 13 novembre 2025\u202f: la bascule brune du Parlement europ\u00e9en<\/p>\n<p>Le 13 novembre 2025, le Parlement europ\u00e9en entrait en terrain inconnu alors qu\u2019une <a href=\"https:\/\/bloomassociation.org\/destruction-du-green-deal-par-l-union-des-droites-et-extremes-droites-europeennes-a-la-demande-du-qatar-et-de-trump\/\" target=\"_blank\" rel=\"noopener\">alliance in\u00e9dite des droites et extr\u00eames droites europ\u00e9ennes<\/a> vidait de sa substance la directive europ\u00e9enne sur le devoir de vigilance, \u00e0 la demande de <a href=\"https:\/\/www.energy.gov\/sites\/default\/files\/2025-10\/USA-Qatar-Joint-Letter.pdf\" target=\"_blank\" rel=\"noopener\">puissances \u00e9trang\u00e8res<\/a> et de <a href=\"https:\/\/www.somo.nl\/the-secretive-cabal-of-us-polluters-that-is-rewriting-the-eus-human-rights-and-climate-law\/\" target=\"_blank\" rel=\"noopener\">multinationales telles qu\u2019ExxonMobil, Chevron, Dow, TotalEnergies ou JPMorgan<\/a>, comme l\u2019a r\u00e9v\u00e9l\u00e9e l\u2019enqu\u00eate du consortium n\u00e9erlandais SOMO.<\/p>\n<p>En pleine COP30, les eurod\u00e9put\u00e9s de droite et d\u2019extr\u00eame droite se sont ainsi prononc\u00e9s pour la suppression pure et simple de plans de transition climatique et pour le d\u00e9mant\u00e8lement du r\u00e9gime de responsabilit\u00e9 civile des grandes entreprises op\u00e9rant sur le march\u00e9 europ\u00e9en, r\u00e9duisant \u00e0 n\u00e9ant les objectifs climatiques europ\u00e9ens et organisant de fait l\u2019impunit\u00e9 des multinationales responsables de travail forc\u00e9 ou d\u2019\u00e9cocide dans leurs cha\u00eenes de valeur.<\/p>\n<p>L\u2019Omnibus I\u202f: un processus ill\u00e9gal de r\u00e9gression du droit<\/p>\n<p>Ce d\u00e9mant\u00e8lement du devoir de vigilance, fruit d\u2019un processus l\u00e9gislatif men\u00e9 tambour battant par la Commission europ\u00e9enne, en violation des principes de bonne administration de l\u2019Union europ\u00e9enne <a href=\"https:\/\/www.ombudsman.europa.eu\/fr\/press-release\/fr\/215989\" target=\"_blank\" rel=\"noopener\">selon la m\u00e9diatrice europ\u00e9enne Teresa Anjinho<\/a>, et en violation des principes constitutionnels europ\u00e9ens <a href=\"https:\/\/media.business-humanrights.org\/media\/documents\/1762756670459.pdf\" target=\"_blank\" rel=\"noopener\">selon plus de cent professeurs de droit et avocats<\/a>, s\u2019inscrit dans une volont\u00e9 de d\u00e9r\u00e9gulation massive des normes environnementales, sanitaires et sociales europ\u00e9ennes par la Commission de Mme Ursula von der Leyen.<\/p>\n<p>La Commission europ\u00e9enne a en effet lanc\u00e9 une vaste entreprise de d\u00e9r\u00e9gulation via <a href=\"https:\/\/commission.europa.eu\/law\/law-making-process\/better-regulation\/simplification-and-implementation\/simplification_en\" target=\"_blank\" rel=\"noopener\">des paquets l\u00e9gislatifs \u201cOmnibus\u201d, d\u00e9j\u00e0 au nombre de treize<\/a>, notamment sur l\u2019alimentation, les pesticides, les produits chimiques et l\u2019environnement, compromettant en quelques mois des l\u00e9gislations europ\u00e9ennes-clefs, r\u00e9sultats d\u2019ann\u00e9es de construction d\u00e9mocratique. Des pans entiers du droit europ\u00e9en pourraient partir en fum\u00e9e, \u00e0 l\u2019instar de la r\u00e9glementation sur les pesticides, dans le viseur d\u2019un Omnibus \u00e0 para\u00eetre, qui pourrait supprimer le processus de r\u00e9examen p\u00e9riodique des pesticides, op\u00e9rant un bond de trente ans en arri\u00e8re.<\/p>\n<p>\t\t\t\t\t\t\tLes voix s\u2019\u00e9l\u00e8vent contre la d\u00e9r\u00e9gulation antid\u00e9mocratique et ultra rapide des r\u00e8gles de l\u2019UE<\/p>\n<p>Suite au cataclysme du 13 novembre, dans lequel <a href=\"https:\/\/www.politico.eu\/article\/epp-votes-with-far-right-to-approve-cuts-to-green-rules\/\" target=\"_blank\" rel=\"noopener\">le \u201ccordon sanitaire\u201d en vigueur au Parlement europ\u00e9en depuis des d\u00e9cennies avait vol\u00e9 en \u00e9clat<\/a>, de multiples voix se sont \u00e9lev\u00e9es pour appeler les institutions europ\u00e9ennes \u00e0 la responsabilit\u00e9 :<\/p>\n<ul>\n<li aria-setsize=\"-1\" data-leveltext=\"\uf0b7\" data-font=\"Symbol\" data-listid=\"1\" data-list-defn-props=\"{&quot;335552541&quot;:1,&quot;335559685&quot;:720,&quot;335559991&quot;:360,&quot;469769226&quot;:&quot;Symbol&quot;,&quot;469769242&quot;:[8226],&quot;469777803&quot;:&quot;left&quot;,&quot;469777804&quot;:&quot;\uf0b7&quot;,&quot;469777815&quot;:&quot;hybridMultilevel&quot;}\" data-aria-posinset=\"1\" data-aria-level=\"1\">Le <a href=\"https:\/\/www.ohchr.org\/en\/press-releases\/2025\/11\/turk-says-revised-eu-corporate-sustainability-rules-must-make-sense-people\" target=\"_blank\" rel=\"noopener\">Haut-Commissaire des Nations Unies aux droits de l\u2019homme<\/a> et le r\u00e9seau europ\u00e9en des institutions nationales des droits de l\u2019homme (ENNHRI) ont soulign\u00e9 l\u2019imp\u00e9ratif de pr\u00e9server l\u2019alignement du devoir de vigilance europ\u00e9en avec les Principes directeurs des Nations unies relatifs aux entreprises et aux droits humains, adopt\u00e9s \u00e0 l\u2019unanimit\u00e9 par le Conseil des droits de l\u2019Homme de l\u2019ONU en 2011.<\/li>\n<\/ul>\n<ul>\n<li aria-setsize=\"-1\" data-leveltext=\"\uf0b7\" data-font=\"Symbol\" data-listid=\"1\" data-list-defn-props=\"{&quot;335552541&quot;:1,&quot;335559685&quot;:720,&quot;335559991&quot;:360,&quot;469769226&quot;:&quot;Symbol&quot;,&quot;469769242&quot;:[8226],&quot;469777803&quot;:&quot;left&quot;,&quot;469777804&quot;:&quot;\uf0b7&quot;,&quot;469777815&quot;:&quot;hybridMultilevel&quot;}\" data-aria-posinset=\"2\" data-aria-level=\"1\">La <a href=\"https:\/\/www.politico.eu\/article\/eu-red-tape-cutting-terrible-political-spectacle-teresa-ribera-says\/\" target=\"_blank\" rel=\"noopener\">vice-pr\u00e9sidente de la Commission europ\u00e9enne Teresa Ribera<\/a> a d\u00e9nonc\u00e9 les ing\u00e9rences \u00e9trang\u00e8res et exhort\u00e9 l\u2019Union europ\u00e9enne \u00e0 d\u00e9cider souverainement, par elle-m\u00eame et pour elle-m\u00eame, plut\u00f4t que d\u2019appliquer des normes fa\u00e7onn\u00e9es ailleurs, d\u00e9non\u00e7ant une d\u00e9r\u00e9gulation mortif\u00e8re.<\/li>\n<\/ul>\n<p>Le gouvernement fran\u00e7ais face \u00e0 un choix d\u00e9cisif<\/p>\n<p>Le 8 d\u00e9cembre, le Parlement, le Conseil et la Commission europ\u00e9enne se r\u00e9unissent \u00e0 huis clos, en trilogue, afin de s\u2019accorder sur une version d\u00e9finitive de la directive \u201cOmnibus I\u201d. Le c\u0153ur du devoir de vigilance sera en jeu, et plus particuli\u00e8rement l\u2019obligation pour les entreprises de mettre en \u0153uvre un plan de transition climatique align\u00e9 sur les objectifs de l\u2019Accord de Paris et la neutralit\u00e9 carbone \u00e0 horizon 2050 (article 22), tout comme l\u2019instauration d\u2019un r\u00e9gime europ\u00e9en harmonis\u00e9 de responsabilit\u00e9 civile afin de permettre l\u2019acc\u00e8s \u00e0 la justice aux victimes de violations des droits humains et de l\u2019environnement par des multinationales op\u00e9rant sur le march\u00e9 europ\u00e9en (article 29).<\/p>\n<p>Auditionn\u00e9 en Commission des affaires \u00e9conomiques de l\u2019Assembl\u00e9e nationale le 19 novembre, le Ministre de l\u2019\u00c9conomie, des Finances Roland Lescure d\u00e9clarait avoir <a href=\"https:\/\/videos.assemblee-nationale.fr\/video.17747787_691dcf8eaed03.commission-des-affaires-economiques--m-roland-lescure-ministre-de-l-economie-des-finances-et-de--19-novembre-2025\" target=\"_blank\" rel=\"noopener\">\u00ab regrett\u00e9 le vote du Parlement europ\u00e9en \u00bb<\/a> et assurait que la France \u00ab souhaitait \u00bb r\u00e9introduire l\u2019harmonisation du r\u00e9gime europ\u00e9en de la responsabilit\u00e9 civile, sans toutefois en faire une ligne rouge et un enjeu diplomatique de premier rang.<\/p>\n<p>Interpell\u00e9 par <a href=\"https:\/\/videos.assemblee-nationale.fr\/video.17854141_693030d91475a\" target=\"_blank\" rel=\"noopener\">la d\u00e9put\u00e9e \u00e9cologiste de la Dr\u00f4me Marie Pochon lors des questions au gouvernement du 3 d\u00e9cembre<\/a>, qui s\u2019inqui\u00e9tait de l\u2019offensive m\u00e9thodique des multinationales am\u00e9ricaines et de la perte de souverainet\u00e9 europ\u00e9enne via une alliance \u201cdes idiots utiles et des patriotes de pacotille de la droite et de l\u2019extr\u00eame droite\u201d, le gouvernement s\u2019est obstin\u00e9 \u00e0 saluer l\u2019initiative de la Commission europ\u00e9enne de \u00ab\u202fsimplifier\u202f\u00bb et sa volont\u00e9 de conclure un accord le 8 d\u00e9cembre, tout en \u00e9vitant de r\u00e9pondre \u00e0 la d\u00e9put\u00e9e concernant la d\u00e9fense des dispositions essentielles du devoir de vigilance europ\u00e9en.<\/p>\n<p>Le 13 novembre, les groupes parlementaires de Fran\u00e7ois-Xavier Bellamy, Jordan Bardella, Marion Mar\u00e9chal Le Pen et Sarah Knafo ont fait alliance pour d\u00e9manteler le devoir de vigilance et engager la destruction du Green Deal et du droit europ\u00e9en. S\u00e9bastien Lecornu ne peut accepter que l\u2019extr\u00eame droite tienne d\u00e9sormais la plume pour l\u00e9gif\u00e9rer. Regarder ailleurs alors que la d\u00e9mocratie europ\u00e9enne menace de sombrer dans l\u2019ab\u00eeme serait une erreur impardonnable.<\/p>\n<p><strong>Le 8 d\u00e9cembre, si la France accepte que le trilogue se conclue par une r\u00e9gression majeure des articles 22 et 29 relatifs aux plans de transition climatique et \u00e0 la responsabilit\u00e9 civile harmonis\u00e9e des entreprises par rapport \u00e0 leur ambition au moment de l\u2019adoption de la directive europ\u00e9enne sur le devoir de vigilance des entreprises en 2024, elle acceptera de faire tomber un premier domino. Apr\u00e8s, l\u2019ensemble du droit europ\u00e9en sera \u00e0 risque.\u00a0\u00a0<\/strong><\/p>\n<p><strong>L\u2019heure des ing\u00e9nieurs du chaos a sonn\u00e9. Il est temps pour le gouvernement d\u2019\u00eatre le garant de l\u2019\u00c9tat de droit, de la souverainet\u00e9, de la paix et de la d\u00e9mocratie europ\u00e9enne.\u00a0\u00a0<\/strong><\/p>\n<p>Cr\u00e9dit photo : Financial Times<\/p>\n","protected":false},"excerpt":{"rendered":"Toute comparaison avec les ann\u00e9es 1930 et la mont\u00e9e du totalitarisme europ\u00e9en est d\u00e9sormais autoris\u00e9e.\u00a0\u00a0\u00a0 Alors que le&hellip;\n","protected":false},"author":2,"featured_media":586098,"comment_status":"","ping_status":"","sticky":false,"template":"","format":"standard","meta":{"footnotes":""},"categories":[1586],"tags":[11,1777,674,1779,1011,27,12,25,1778,364],"class_list":{"0":"post-586097","1":"post","2":"type-post","3":"status-publish","4":"format-standard","5":"has-post-thumbnail","7":"category-europe","8":"tag-actualites","9":"tag-eu","10":"tag-europe","11":"tag-european-union","12":"tag-fr","13":"tag-france","14":"tag-news","15":"tag-republique-francaise","16":"tag-ue","17":"tag-union-europeenne"},"share_on_mastodon":{"url":"https:\/\/pubeurope.com\/@fr\/115683412083050739","error":""},"_links":{"self":[{"href":"https:\/\/www.europesays.com\/fr\/wp-json\/wp\/v2\/posts\/586097","targetHints":{"allow":["GET"]}}],"collection":[{"href":"https:\/\/www.europesays.com\/fr\/wp-json\/wp\/v2\/posts"}],"about":[{"href":"https:\/\/www.europesays.com\/fr\/wp-json\/wp\/v2\/types\/post"}],"author":[{"embeddable":true,"href":"https:\/\/www.europesays.com\/fr\/wp-json\/wp\/v2\/users\/2"}],"replies":[{"embeddable":true,"href":"https:\/\/www.europesays.com\/fr\/wp-json\/wp\/v2\/comments?post=586097"}],"version-history":[{"count":0,"href":"https:\/\/www.europesays.com\/fr\/wp-json\/wp\/v2\/posts\/586097\/revisions"}],"wp:featuredmedia":[{"embeddable":true,"href":"https:\/\/www.europesays.com\/fr\/wp-json\/wp\/v2\/media\/586098"}],"wp:attachment":[{"href":"https:\/\/www.europesays.com\/fr\/wp-json\/wp\/v2\/media?parent=586097"}],"wp:term":[{"taxonomy":"category","embeddable":true,"href":"https:\/\/www.europesays.com\/fr\/wp-json\/wp\/v2\/categories?post=586097"},{"taxonomy":"post_tag","embeddable":true,"href":"https:\/\/www.europesays.com\/fr\/wp-json\/wp\/v2\/tags?post=586097"}],"curies":[{"name":"wp","href":"https:\/\/api.w.org\/{rel}","templated":true}]}}