{"id":586099,"date":"2025-12-08T10:13:21","date_gmt":"2025-12-08T10:13:21","guid":{"rendered":"https:\/\/www.europesays.com\/fr\/586099\/"},"modified":"2025-12-08T10:13:21","modified_gmt":"2025-12-08T10:13:21","slug":"crash-dun-avion-dans-les-pyrenees-un-instructeur-et-trois-jeunes-eleves-sont-decedes","status":"publish","type":"post","link":"https:\/\/www.europesays.com\/fr\/586099\/","title":{"rendered":"Crash d\u2019un avion dans les Pyr\u00e9n\u00e9es\u00a0: \u00ab\u00a0Un instructeur et trois jeunes \u00e9l\u00e8ves\u00a0\u00bb sont d\u00e9c\u00e9d\u00e9s"},"content":{"rendered":"<p>\n                                                                    l&rsquo;essentiel<br \/>\n                                                                Quatre membres de l\u2019ENAC, un instructeur et trois \u00e9l\u00e8ves \u00e2g\u00e9s de 18 \u00e0 25 ans, ont trouv\u00e9 la mort dimanche soir dans le crash de leur avion DR400 dans les Pyr\u00e9n\u00e9es, alors qu\u2019ils approchaient de l\u2019a\u00e9rodrome de Saint-Girons (Ari\u00e8ge).\n                            <\/p>\n<p>C\u2019est avec une tr\u00e8s grande \u00e9motion que le monde de l\u2019aviation pleure ce lundi 8\u00a0d\u00e9cembre 2025 les quatre victimes d\u2019un accident d\u2019avion survenu dimanche soir dans le secteur de Bethmale en Ari\u00e8ge. Un appareil l\u00e9ger \u2014 un monomoteur \u2014 s\u2019est \u00e9cras\u00e9, vers 18h, en milieu montagneux alors qu\u2019il se dirigeait vers l\u2019a\u00e9rodrome de Saint-Girons \u2013 Antichan\u00a0: l\u2019\u00e9pave du DR400 a \u00e9t\u00e9 retrouv\u00e9e dimanche soir dans les Pyr\u00e9n\u00e9es, accompagn\u00e9e des corps des quatre occupants.<\/p>\n<p class=\"std-elt__inline\">\n        <strong>\u00c0 lire aussi :<\/strong><br \/>\n        <a href=\"https:\/\/www.ladepeche.fr\/2025\/12\/08\/lappareil-a-ete-retrouve-dimanche-soir-dans-les-pyrenees-quatre-personnes-decedees-apres-le-crash-dun-avion-13097126.php\" target=\"_blank\" rel=\"noopener\">\u00ab\u00a0L\u2019appareil a \u00e9t\u00e9 retrouv\u00e9 dimanche soir dans les Pyr\u00e9n\u00e9es\u00a0\u00bb\u00a0: quatre personnes d\u00e9c\u00e9d\u00e9es apr\u00e8s le crash d\u2019un avion<\/a>\n    <\/p>\n<p>Il s\u2019agirait \u00ab\u00a0d\u2019un instructeur et de trois jeunes \u00e9l\u00e8ves\u00a0\u00bb \u2014 \u00e2g\u00e9s de 18 \u00e0 25 ans \u2014 issus de l\u2019\u00c9cole nationale de l\u2019aviation civile (ENAC), pr\u00e9cisent les premiers \u00e9l\u00e9ments de l\u2019enqu\u00eate.<\/p>\n<p>Un important dispositif de secours a \u00e9t\u00e9 d\u00e9clench\u00e9 d\u00e8s la disparition de l\u2019appareil\u00a0: deux h\u00e9licopt\u00e8res \u2014 l\u2019un de la gendarmerie, l\u2019autre de la s\u00e9curit\u00e9 civile \u2014 ainsi que des \u00e9quipes au sol ont \u00e9t\u00e9 mobilis\u00e9s pour ratisser la zone difficile d\u2019acc\u00e8s. C\u2019est finalement un h\u00e9licopt\u00e8re de la gendarmerie qui a permis de localiser l\u2019\u00e9pave avant d\u2019abaisser des secouristes de montagne\u00a0: ces derniers n\u2019ont pu que constater le d\u00e9c\u00e8s des quatre personnes \u00e0 bord.<\/p>\n<p>\u00ab\u00a0Sa profonde tristesse\u00a0\u00bb<\/p>\n<p>Le parquet de Foix a \u00e9t\u00e9 saisi\u00a0: une enqu\u00eate a \u00e9t\u00e9 ouverte afin de d\u00e9terminer les causes exactes du crash. \u2014 Une enqu\u00eate qui devra faire la lumi\u00e8re sur ce drame, dont les circonstances restent encore floues.<\/p>\n<p>Dans un communiqu\u00e9 rendu public, le ministre des Transports, Philippe Tabarot, a exprim\u00e9 \u00ab\u00a0sa profonde tristesse\u00a0\u00bb et adress\u00e9 \u00ab\u00a0ses plus sinc\u00e8res condol\u00e9ances et tout (son) soutien aux familles et aux proches des victimes, ainsi qu\u2019\u00e0 leurs camarades et \u00e0 l\u2019ensemble des \u00e9quipes p\u00e9dagogiques de l\u2019ENAC, durement \u00e9prouv\u00e9s par ce terrible drame\u00a0\u00bb. Il a rendu hommage \u00e0 ces \u00ab\u00a0quatre jeunes passionn\u00e9s\u00a0\u00bb qui \u00ab\u00a0incarnaient l\u2019avenir de notre aviation\u00a0\u00bb et soulign\u00e9 que, depuis dimanche soir, \u00ab\u00a0c\u2019est toute la famille de l\u2019a\u00e9ronautique qui est en deuil\u00a0\u00bb.<\/p>\n<p class=\"std-elt__inline\">\n        <strong>\u00c0 lire aussi :<\/strong><br \/>\n        <a href=\"https:\/\/www.ladepeche.fr\/2025\/12\/08\/crash-davion-dans-les-pyrenees-ce-que-lon-sait-sur-ce-drame-qui-a-coute-la-vie-a-quatre-personnes-13097729.php\" target=\"_blank\" rel=\"noopener\">Crash d\u2019avion dans les Pyr\u00e9n\u00e9es\u00a0: ce que l\u2019on sait sur ce drame qui a co\u00fbt\u00e9 la vie \u00e0 quatre personnes<\/a>\n    <\/p>\n<p>Par ailleurs, l\u2019ENAC a annonc\u00e9 la mise en place d\u2019une cellule psychologique et d\u2019\u00e9coute afin d\u2019accompagner les proches et la communaut\u00e9 \u00e9ducative dans ce moment de deuil.<\/p>\n<p>\u00ab\u00a0L\u2019\u00c9cole nationale de l\u2019aviation civile (ENAC) a appris avec une profonde \u00e9motion qu\u2019un accident d\u2019avion, survenu dimanche 7\u00a0d\u00e9cembre en Ari\u00e8ge dans le cadre d\u2019une activit\u00e9 de loisir en a\u00e9roclub, a co\u00fbt\u00e9 la vie \u00e0 trois \u00e9l\u00e8ves et \u00e0 un membre du personnel de l\u2019\u00e9tablissement.<\/p>\n<p>Une enqu\u00eate a \u00e9t\u00e9 ouverte par les autorit\u00e9s comp\u00e9tentes pour d\u00e9terminer les circonstances de cet accident. Un soutien psychologique est mis en place pour les \u00e9l\u00e8ves et le personnel de l\u2019\u00e9cole. L\u2019ENAC exprime toute sa solidarit\u00e9 et son soutien aux familles, aux proches et \u00e0 l\u2019ensemble de la communaut\u00e9 touch\u00e9e par ce drame\u00a0\u00bb, fait savoir l\u2019\u00e9cole dans un communiqu\u00e9.<\/p>\n<p>Le myst\u00e8re demeure sur les raisons du crash. Lorsque les circonstances seront \u00e9tablies, l\u2019enqu\u00eate devra d\u00e9terminer si le drame est le r\u00e9sultat d\u2019un incident technique, d\u2019une erreur de pilotage ou d\u2019un facteur ext\u00e9rieur. Mais pour l\u2019heure, c\u2019est la tristesse et l\u2019incompr\u00e9hension qui dominent dans les rangs de l\u2019aviation.<\/p>\n","protected":false},"excerpt":{"rendered":"l&rsquo;essentiel Quatre membres de l\u2019ENAC, un instructeur et trois \u00e9l\u00e8ves \u00e2g\u00e9s de 18 \u00e0 25 ans, ont trouv\u00e9&hellip;\n","protected":false},"author":2,"featured_media":586100,"comment_status":"","ping_status":"","sticky":false,"template":"","format":"standard","meta":{"footnotes":""},"categories":[2],"tags":[3085,11,2720,118,1011,27,12,25,69955],"class_list":{"0":"post-586099","1":"post","2":"type-post","3":"status-publish","4":"format-standard","5":"has-post-thumbnail","7":"category-actualites","8":"tag-accidents","9":"tag-actualites","10":"tag-ariege","11":"tag-faits-divers","12":"tag-fr","13":"tag-france","14":"tag-news","15":"tag-republique-francaise","16":"tag-saintgirons"},"share_on_mastodon":{"url":"https:\/\/pubeurope.com\/@fr\/115683420102333147","error":""},"_links":{"self":[{"href":"https:\/\/www.europesays.com\/fr\/wp-json\/wp\/v2\/posts\/586099","targetHints":{"allow":["GET"]}}],"collection":[{"href":"https:\/\/www.europesays.com\/fr\/wp-json\/wp\/v2\/posts"}],"about":[{"href":"https:\/\/www.europesays.com\/fr\/wp-json\/wp\/v2\/types\/post"}],"author":[{"embeddable":true,"href":"https:\/\/www.europesays.com\/fr\/wp-json\/wp\/v2\/users\/2"}],"replies":[{"embeddable":true,"href":"https:\/\/www.europesays.com\/fr\/wp-json\/wp\/v2\/comments?post=586099"}],"version-history":[{"count":0,"href":"https:\/\/www.europesays.com\/fr\/wp-json\/wp\/v2\/posts\/586099\/revisions"}],"wp:featuredmedia":[{"embeddable":true,"href":"https:\/\/www.europesays.com\/fr\/wp-json\/wp\/v2\/media\/586100"}],"wp:attachment":[{"href":"https:\/\/www.europesays.com\/fr\/wp-json\/wp\/v2\/media?parent=586099"}],"wp:term":[{"taxonomy":"category","embeddable":true,"href":"https:\/\/www.europesays.com\/fr\/wp-json\/wp\/v2\/categories?post=586099"},{"taxonomy":"post_tag","embeddable":true,"href":"https:\/\/www.europesays.com\/fr\/wp-json\/wp\/v2\/tags?post=586099"}],"curies":[{"name":"wp","href":"https:\/\/api.w.org\/{rel}","templated":true}]}}