{"id":586107,"date":"2025-12-08T10:18:17","date_gmt":"2025-12-08T10:18:17","guid":{"rendered":"https:\/\/www.europesays.com\/fr\/586107\/"},"modified":"2025-12-08T10:18:17","modified_gmt":"2025-12-08T10:18:17","slug":"3-clubs-de-top-14-veulent-le-centre-de-colomiers","status":"publish","type":"post","link":"https:\/\/www.europesays.com\/fr\/586107\/","title":{"rendered":"3 clubs de Top 14 veulent le centre de Colomiers"},"content":{"rendered":"<p style=\"text-align: justify;\"><strong>TRANSFERTS RUGBY \u2013 Selon le Midi Olympique, pas moins de 3 clubs de Top 14 sont sur le coup pour signer Raymond Nu\u2019u.<\/strong><\/p>\n<p style=\"text-align: justify;\">Troisi\u00e8me de <strong>Pro D2<\/strong>, <strong>Colomiers<\/strong> r\u00e9alise un tr\u00e8s bon d\u00e9but de saison et peut r\u00eaver aux phases finales, voire au Top 14 en fin de saison. Le club de Haute-Garonne sait d\u00e9j\u00e0 qu\u2019il va perdre <a href=\"https:\/\/dicodusport.fr\/blog\/transferts-colomiers-rodrigo-marta-devrait-signer-en-top-14\/\" target=\"_blank\" rel=\"noopener\"><strong>Rodrigo<\/strong> <strong>Marta<\/strong><\/a> en fin de saison, puisque le Portugais s\u2019est engag\u00e9 avec la <strong>Section<\/strong> <strong>Paloise<\/strong>. Pour le remplacer, son compatriote <strong>Simao Bento<\/strong> a \u00e9t\u00e9 choisi.<\/p>\n<p><a href=\"https:\/\/dicodusport.fr\/blog\/le-choc-pour-agen-le-saxv-sexporte-encore-le-resume-du-multirugby-de-la-13eme-journee-de-pro-d2\/\" class=\"vlp-link\" title=\"Le choc pour Agen, le SAXV s&#039;exporte encore : le r\u00e9sum\u00e9 du multirugby de la 13\u00e8me journ\u00e9e de Pro D2\" target=\"_blank\" rel=\"noopener\"><img loading=\"lazy\" decoding=\"async\" style=\"max-width: 792px;\" width=\"792\" height=\"445\" class=\"attachment-800x445 size-800x445 perfmatters-lazy\" alt=\"Le choc pour Agen, Le SAXV s'exporte encore : Le r\u00e9sum\u00e9 du multirugby de la 13\u00e8me journ\u00e9e de Pro D2\" src=\"https:\/\/www.europesays.com\/fr\/wp-content\/uploads\/2025\/12\/Le-choc-pour-Agen-Le-SAXV-sexporte-encore-Le-resume-du-multirugby-de-la-13eme-journee-de-Pro-D2.png\"  data-\/><\/p>\n<p>Le choc pour Agen, le SAXV s&rsquo;exporte encore : le r\u00e9sum\u00e9 du multirugby de la 13\u00e8me journ\u00e9e de Pro D2<\/p>\n<p>Agen remporte au forceps le choc face \u00e0 Provence Rugby (27-23). Le SA XV r\u00e9alise un gros coup sur la pelouse de B\u00e9ziers (15-20).<\/p>\n<p>Lire l&rsquo;article<\/p>\n<p>dicodusport.fr<\/p>\n<p>Raymond Nu\u2019u en Top 14 ?<\/p>\n<p style=\"text-align: justify;\">Et <strong>Colomiers<\/strong> pourrait perdre un autre joueur de sa ligne de trois-quarts en fin de saison, en la personne de <strong>Raymond<\/strong> <strong>Nu\u2019u<\/strong>. Arriv\u00e9 en 2023 en France, le centre n\u00e9o-z\u00e9landais de 27 ans est devenu incontournable en encha\u00eenant les performances XXL. Bien qu\u2019engag\u00e9 avec la Colombe jusqu\u2019en 2028, il pourrait plier bagage au terme de la saison en cours.<\/p>\n<p style=\"text-align: justify;\">L\u2019ancien joueur des <strong>Melbourne<\/strong> <strong>Rebels<\/strong> est dans le viseur de pas moins de trois clubs de Top 14. Le <strong>Castres<\/strong> <strong>Olympique<\/strong>, le <strong>LOU<\/strong> et le <strong>Stade<\/strong> <strong>Rochelais<\/strong> ont coch\u00e9 son nom pour l\u2019\u00e9t\u00e9 prochain. <strong>Colomiers<\/strong> est en position de force sur ce dossier, et r\u00e9cup\u00e8rera une belle indemnit\u00e9 si <strong>Raymond<\/strong> <strong>Nu\u2019u<\/strong> trouve un accord avec un des clubs qui le convoitent.<\/p>\n<p>\u00c0 lire aussi<br \/>\n<a href=\"https:\/\/dicodusport.fr\/blog\/classement-actualise-pro-d2-saison-2025-2026\/\" class=\"vlp-link\" title=\"Classement Pro D2 2025-2026 mis \u00e0 jour\" target=\"_blank\" rel=\"noopener\"><img loading=\"lazy\" decoding=\"async\" style=\"max-width: 792px;\" width=\"792\" height=\"445\" class=\"attachment-800x445 size-800x445 perfmatters-lazy\" alt=\"Le classement actualis\u00e9 de la Pro D2 (saison 2025-2026)\" src=\"https:\/\/www.europesays.com\/fr\/wp-content\/uploads\/2025\/12\/Le-classement-actualise-de-la-Pro-D2-saison-2025-2026.png\"  data-\/><\/p>\n<p>Classement Pro D2 2025-2026 mis \u00e0 jour<\/p>\n<p>Retrouvez le classement de la Pro D2 2025-2026 actualis\u00e9 apr\u00e8s les derniers matchs. Cette mise \u00e0 jour permet de suivre pr\u00e9cis\u00e9ment la hi\u00e9rarchie des \u00e9quipes et l\u2019\u00e9volution des positions en t\u00eate comme en bas du tableau.<\/p>\n<p>Lire l&rsquo;article<\/p>\n<p>dicodusport.fr<\/p>\n","protected":false},"excerpt":{"rendered":"TRANSFERTS RUGBY \u2013 Selon le Midi Olympique, pas moins de 3 clubs de Top 14 sont sur le&hellip;\n","protected":false},"author":2,"featured_media":586108,"comment_status":"","ping_status":"","sticky":false,"template":"","format":"standard","meta":{"footnotes":""},"categories":[1416],"tags":[1111,2113,1011,27,2308,479,1468,60,477],"class_list":{"0":"post-586107","1":"post","2":"type-post","3":"status-publish","4":"format-standard","5":"has-post-thumbnail","7":"category-rugby","8":"tag-actu","9":"tag-breve","10":"tag-fr","11":"tag-france","12":"tag-pro-d2","13":"tag-rugby","14":"tag-rugby-football","15":"tag-sports","16":"tag-transferts-rugby"},"share_on_mastodon":{"url":"https:\/\/pubeurope.com\/@fr\/115683440744739693","error":""},"_links":{"self":[{"href":"https:\/\/www.europesays.com\/fr\/wp-json\/wp\/v2\/posts\/586107","targetHints":{"allow":["GET"]}}],"collection":[{"href":"https:\/\/www.europesays.com\/fr\/wp-json\/wp\/v2\/posts"}],"about":[{"href":"https:\/\/www.europesays.com\/fr\/wp-json\/wp\/v2\/types\/post"}],"author":[{"embeddable":true,"href":"https:\/\/www.europesays.com\/fr\/wp-json\/wp\/v2\/users\/2"}],"replies":[{"embeddable":true,"href":"https:\/\/www.europesays.com\/fr\/wp-json\/wp\/v2\/comments?post=586107"}],"version-history":[{"count":0,"href":"https:\/\/www.europesays.com\/fr\/wp-json\/wp\/v2\/posts\/586107\/revisions"}],"wp:featuredmedia":[{"embeddable":true,"href":"https:\/\/www.europesays.com\/fr\/wp-json\/wp\/v2\/media\/586108"}],"wp:attachment":[{"href":"https:\/\/www.europesays.com\/fr\/wp-json\/wp\/v2\/media?parent=586107"}],"wp:term":[{"taxonomy":"category","embeddable":true,"href":"https:\/\/www.europesays.com\/fr\/wp-json\/wp\/v2\/categories?post=586107"},{"taxonomy":"post_tag","embeddable":true,"href":"https:\/\/www.europesays.com\/fr\/wp-json\/wp\/v2\/tags?post=586107"}],"curies":[{"name":"wp","href":"https:\/\/api.w.org\/{rel}","templated":true}]}}