{"id":586111,"date":"2025-12-08T10:23:13","date_gmt":"2025-12-08T10:23:13","guid":{"rendered":"https:\/\/www.europesays.com\/fr\/586111\/"},"modified":"2025-12-08T10:23:13","modified_gmt":"2025-12-08T10:23:13","slug":"jayco-alula-leffectif-2026-actualite","status":"publish","type":"post","link":"https:\/\/www.europesays.com\/fr\/586111\/","title":{"rendered":"Jayco AlUla : L&rsquo;effectif 2026 &#8211; Actualit\u00e9"},"content":{"rendered":"<p style=\"text-align: justify;\">La formation Jayco-AlUla comptera un effectif de 29 coureurs en 2026. <strong><a href=\"https:\/\/www.directvelo.com\/actualite\/125756\/dries-de-pooter-change-de-worldteam\" target=\"_blank\" rel=\"noopener\">La WorldTeam australienne vient officiellement de boucler son effectif ce lundi matin avec les renforts du Belge Dries De Pooter et du revenant australien Rudy Porter<\/a><\/strong>.<\/p>\n<p style=\"text-align: justify;\">Les Australiens\u00a0<strong><a href=\"https:\/\/www.directvelo.com\/coureur\/6765\/michael-matthews\" target=\"_blank\" rel=\"noopener\">Micha\u00ebl Matthews<\/a><\/strong> et\u00a0<strong><a href=\"https:\/\/www.directvelo.com\/coureur\/12919\/ben-o-connor\" target=\"_blank\" rel=\"noopener\">Ben O&rsquo;Connor<\/a><\/strong> ou encore le Suisse\u00a0<strong><a href=\"https:\/\/www.directvelo.com\/coureur\/17411\/mauro-schmid\" target=\"_blank\" rel=\"noopener\">Mauro Schmid<\/a><\/strong> restent les principales t\u00eates d&rsquo;affiche d&rsquo;un collectif qui a fait son march\u00e9 en partie au sein des \u00e9quipes fran\u00e7aises.<\/p>\n<p>L&rsquo;Italien <strong><a href=\"https:\/\/www.directvelo.com\/coureur\/3793\/alessandro-de-marchi\" target=\"_blank\" rel=\"noopener\">Alessandro De Marchi<\/a><\/strong>, qui met fin \u00e0 sa carri\u00e8re cycliste, va devenir directeur sportif au sein de l&rsquo;\u00e9quipe, apr\u00e8s y avoir \u00e9t\u00e9 coureur ces trois derni\u00e8res ann\u00e9es.\u00a0\u00a0<\/p>\n<p><strong>L&rsquo;effectif 2026 de Team Jayco Alula :<br \/><\/strong>Pascal Ackermann, 31 ans (Israel-Premier Tech)\u00a0<br \/>Koen Bouwman, 32 ans<br \/>Amaury Capiot, 32 ans (Ark\u00e9a-B&amp;B-H\u00f4tels)<br \/>Filippo Conca, 27 ans<br \/>Alessandro Covi, 27 ans (UAE Team Emirates XRG)<br \/>Dries De Bondt, 34 ans (Decathlon AG2R La Mondiale)<br \/>Dries De Pooter, 23 ans (Intermarch\u00e9-Wanty)\u00a0<br \/>Davide De Pretto, 23 ans\u00a0<br \/>Robert Donaldson, 23 ans<br \/>Paul Double, 29 ans<br \/>Luke Durbridge, 34 ans<br \/>Felix Engelhardt, 25 ans\u00a0<br \/>Anders Foldager, 24 ans\u00a0<br \/>Patrick Gamper, 28 ans<br \/>Alan Hatherly, 29 ans<br \/>Asbjorn Hellemose, 26 ans\u00a0<br \/>Christopher Juul-Jensen, 36 ans\u00a0<br \/>Jelte Krijnsen, 24 ans<br \/>Micha\u00ebl Matthews, 35 ans\u00a0<br \/>Hamish McKenzie, 21 ans (Hagens Berman Jayco)<br \/>Luka Mezgec, 37 ans<br \/>Kelland O&rsquo;Brien, 27 ans\u00a0<br \/>Ben O\u2019Connor, 30 ans<br \/>Finlay Pickering, 22 ans (Bahrain-Victorious)\u00a0<br \/>Luke Plapp, 25 ans<br \/>Rudy Porter, 24 ans (Trappist)\u00a0<br \/>Mauro Schmid, 26 ans<br \/>Jasha Sutterlin, 33 ans<br \/>Andrea Vendrame, 31 ans (Decathlon AG2R La Mondiale)<\/p>\n<p>Les d\u00e9parts : Hagos Welay Berhe (?),\u00a0Alessandro De Marchi (arr\u00eat), Edward Dunbar (Pinarello-Q36.5), Dylan Groenewegen (Unibet\u00a0Rose Rockets), Chris Harper (Pinarello-Q36.5), Michael Hepburn (?),\u00a0Elmar Reinders (Unibet\u00a0Rose Rockets), Campbell Stewart (?), Maximilian Richard Walscheid (Lidl-Trek) et Filippo Zana (Soudan Quick-Step).\u00a0<\/p>\n<p>\u00a0<\/p>\n","protected":false},"excerpt":{"rendered":"La formation Jayco-AlUla comptera un effectif de 29 coureurs en 2026. La WorldTeam australienne vient officiellement de boucler&hellip;\n","protected":false},"author":2,"featured_media":586112,"comment_status":"","ping_status":"","sticky":false,"template":"","format":"standard","meta":{"footnotes":""},"categories":[1411],"tags":[834,828,836,829,837,827,83,826,824,823,1154,207,814,817,815,816,822,821,832,211,839,1011,27,820,818,819,835,831,830,833,838,60,212,208,825],"class_list":{"0":"post-586111","1":"post","2":"type-post","3":"status-publish","4":"format-standard","5":"has-post-thumbnail","7":"category-cyclisme","8":"tag-attaque","9":"tag-belgique","10":"tag-braquet","11":"tag-bretagne","12":"tag-chute","13":"tag-competition","14":"tag-coupe-de-france","15":"tag-coureur","16":"tag-course-cyclisme","17":"tag-course-cycliste","18":"tag-cycling","19":"tag-cyclisme","20":"tag-direct","21":"tag-direct-velo","22":"tag-directvelo","23":"tag-directvelo-com","24":"tag-epreuve","25":"tag-epreuve-cycliste","26":"tag-federation-francaise-de-cyclisme","27":"tag-ffc","28":"tag-flandres","29":"tag-fr","30":"tag-france","31":"tag-live","32":"tag-live-course","33":"tag-live-epreuve","34":"tag-peloton","35":"tag-radio-peloton","36":"tag-radio-tour","37":"tag-ravitaillement","38":"tag-relance","39":"tag-sports","40":"tag-uci","41":"tag-velo","42":"tag-velos"},"share_on_mastodon":{"url":"https:\/\/pubeurope.com\/@fr\/115683459766210186","error":""},"_links":{"self":[{"href":"https:\/\/www.europesays.com\/fr\/wp-json\/wp\/v2\/posts\/586111","targetHints":{"allow":["GET"]}}],"collection":[{"href":"https:\/\/www.europesays.com\/fr\/wp-json\/wp\/v2\/posts"}],"about":[{"href":"https:\/\/www.europesays.com\/fr\/wp-json\/wp\/v2\/types\/post"}],"author":[{"embeddable":true,"href":"https:\/\/www.europesays.com\/fr\/wp-json\/wp\/v2\/users\/2"}],"replies":[{"embeddable":true,"href":"https:\/\/www.europesays.com\/fr\/wp-json\/wp\/v2\/comments?post=586111"}],"version-history":[{"count":0,"href":"https:\/\/www.europesays.com\/fr\/wp-json\/wp\/v2\/posts\/586111\/revisions"}],"wp:featuredmedia":[{"embeddable":true,"href":"https:\/\/www.europesays.com\/fr\/wp-json\/wp\/v2\/media\/586112"}],"wp:attachment":[{"href":"https:\/\/www.europesays.com\/fr\/wp-json\/wp\/v2\/media?parent=586111"}],"wp:term":[{"taxonomy":"category","embeddable":true,"href":"https:\/\/www.europesays.com\/fr\/wp-json\/wp\/v2\/categories?post=586111"},{"taxonomy":"post_tag","embeddable":true,"href":"https:\/\/www.europesays.com\/fr\/wp-json\/wp\/v2\/tags?post=586111"}],"curies":[{"name":"wp","href":"https:\/\/api.w.org\/{rel}","templated":true}]}}