{"id":586115,"date":"2025-12-08T10:25:16","date_gmt":"2025-12-08T10:25:16","guid":{"rendered":"https:\/\/www.europesays.com\/fr\/586115\/"},"modified":"2025-12-08T10:25:16","modified_gmt":"2025-12-08T10:25:16","slug":"je-lai-dit-parce-que-olivier-marchal-franc-sur-les-raisons-qui-lont-pousse-a-revenir-sur-sa-consommation-de-drogue","status":"publish","type":"post","link":"https:\/\/www.europesays.com\/fr\/586115\/","title":{"rendered":"\u00ab\u00a0Je l&rsquo;ai dit parce que&#8230;\u00a0\u00bb : Olivier Marchal franc sur les raisons qui l&rsquo;ont pouss\u00e9 \u00e0 revenir sur sa consommation de drogue"},"content":{"rendered":"<p><a href=\"https:\/\/www.programme-tv.net\/news\/series-tv\/391852-pax-massilia-netflix-devoile-la-date-de-sortie-pour-la-saison-2-de-la-serie-d-olivier-marchal\/\" data-api-deeplink=\"teleloisirs:\/\/news\/391852\" target=\"_blank\" rel=\"noopener\">La deuxi\u00e8me saison de Pax Massilia<\/a>, une s\u00e9rie polici\u00e8re fran\u00e7aise \u00e9v\u00e9nement beaucoup regard\u00e9e sur Netflix, sort enfin sur la plateforme ce mardi 9 d\u00e9cembre 2025. Olivier Marchal, ancien policier et <a href=\"https:\/\/www.programme-tv.net\/news\/people\/390655-un-pur-bonheur-jean-luc-reichmann-devoile-une-photo-complice-avec-olivier-marchal\/\" data-api-deeplink=\"teleloisirs:\/\/news\/390655\" target=\"_blank\" rel=\"noopener\">d\u00e9sormais acteur et r\u00e9alisateur &#8211; notamment du film 36 quai des Orf\u00e8vres ou de la s\u00e9rie Braquo<\/a> &#8211; \u00e9tait invit\u00e9 sur le plateau de C \u00e0 vous ce samedi 6 d\u00e9cembre. Le cin\u00e9aste qui met r\u00e9guli\u00e8rement <a href=\"https:\/\/www.programme-tv.net\/news\/series-tv\/342849-exclu-tu-le-payes-a-vie-olivier-marchal-sans-filtre-sur-son-passe-dans-la-police\/\" data-api-deeplink=\"teleloisirs:\/\/news\/342849\" target=\"_blank\" rel=\"noopener\">son exp\u00e9rience dans la police au profit de ses oeuvres<\/a>, est donc revenu sur la s\u00e9rie, mais s&rsquo;est \u00e9galement confi\u00e9 sur sa consommation pass\u00e9e de drogue, et les raisons pour lesquelles il a d\u00e9cid\u00e9 d&rsquo;en parler.<\/p>\n<p><a href=\"https:\/\/www.programme-tv.net\/news\/people\/393619-si-on-mavait-dit-quun-jour-jen-prendrai-olivier-marchal-evoque-ses-regrets-d-avoir-commence-a-consommer-de-la-cocaine-a-40-ans\/\" data-api-deeplink=\"teleloisirs:\/\/news\/393619\" target=\"_blank\" rel=\"noopener\">Olivier Marchal, qui a en effet reconnu avoir \u00e9t\u00e9 un consommateur de coca\u00efne<\/a> quand il est arriv\u00e9 dans le showbusiness, a d\u00e9voil\u00e9 quelque peu les coulisses de ce fl\u00e9au. \u00ab\u00a0J&rsquo;en avais jamais pris, j&rsquo;ai commenc\u00e9 \u00e0 40 ans (&#8230;) Je viens d&rsquo;un milieu ouvrier, mon p\u00e8re \u00e9tait p\u00e2tissier, et moi j&rsquo;\u00e9tais flic pour l&rsquo;ordre (&#8230;). J\u00a0\u00bbai bascul\u00e9 l\u00e0-dedans parce que tout le monde en prenait, et puis, vous savez bien, quand les gens en prennent ils sont perch\u00e9s et puis vous, vous \u00eates l\u00e0 comme un c*n, \u00e0 subir les pressions d\u00e8s qu&rsquo;il y avait un film et tout\u00a0\u00bb, a-t-il confi\u00e9 ce samedi 6 d\u00e9cembre.<\/p>\n<p>                        \u00ab\u00a0\u00c7a me permet d&rsquo;en parler\u00a0\u00bb : Olivier Marchal \u00e9voque les raisons pour lesquelles il a d\u00e9cid\u00e9 de parler de sa consommation pass\u00e9e de drogue<\/p>\n<p>\u00ab\u00a0<a href=\"https:\/\/www.programme-tv.net\/news\/tv\/275431-olivier-marchal-revient-sur-son-ancienne-addiction-a-la-cocaine-une-fois-que-jai-eu-foutu-le-pif-dedans\/\" data-api-deeplink=\"teleloisirs:\/\/news\/275431\" target=\"_blank\" rel=\"noopener\">J&rsquo;en prenais pour me d\u00e9tendre et \u00eatre \u00e0 la hauteur des autres.<\/a> Apr\u00e8s, j&rsquo;ai fait un vrai travail. Une fois qu&rsquo;on est tomb\u00e9 dedans, le travail est tr\u00e8s long, <a href=\"https:\/\/www.programme-tv.net\/biographie\/572-delarue-jean-luc\/\" data-link-people=\"ec9d55cb-a10c-4da7-b87c-09e8cdef47aa\" target=\"_blank\" rel=\"noopener\">Jean-Luc Delarue<\/a> en a parl\u00e9, il est mort de \u00e7a. J&rsquo;ai un producteur qui \u00e9tait coca\u00efnomane, lui qui en prenait tous les jours, qui est mort de \u00e7a\u00a0\u00bb, a compl\u00e9t\u00e9 l&rsquo;ancien policier avant de r\u00e9v\u00e9ler pourquoi il avait lev\u00e9 le voile sur ce pass\u00e9 sulfureux, avec les risques que cela comporte.<\/p>\n<p>\u00ab\u00a0Moi je l&rsquo;ai dit parce que <a href=\"https:\/\/www.programme-tv.net\/news\/series-tv\/342293-si-je-navais-pas-eu-denfants-je-serais-mort-depuis-longtemps-olivier-marchal-pax-massilia-se-confie-avec-emotion-sur-sa-famille\/\" data-api-deeplink=\"teleloisirs:\/\/news\/342293\" target=\"_blank\" rel=\"noopener\">\u00e7a me permet d\u00e9j\u00e0 d&rsquo;en parler avec mes enfants<\/a> et puis \u00e7a me permet d&rsquo;en parler&#8230; et puis de savoir surtout, m\u00eame de voir, sur les tournages ; je vois quand un acteur est farin\u00e9 complet, je le vois. Je le sens et donc apr\u00e8s je discute. Parce qu&rsquo;apr\u00e8s \u00e7a fait des gens incontr\u00f4lables, \u00e7a fait des gens qui&#8230;\u00a0\u00bb, explique Olivier Marchal en mimant des montagnes russes avec son bras.<\/p>\n<p>\u00ab\u00a0Et ce ne sont pas forc\u00e9ment des bons acteurs\u00a0\u00bb, a-t-il conclu, confirmant la th\u00e8se de son voisin de table selon laquelle prendre de la coca\u00efne ne permet pas d&rsquo;\u00eatre un bon acteur.<\/p>\n","protected":false},"excerpt":{"rendered":"La deuxi\u00e8me saison de Pax Massilia, une s\u00e9rie polici\u00e8re fran\u00e7aise \u00e9v\u00e9nement beaucoup regard\u00e9e sur Netflix, sort enfin sur&hellip;\n","protected":false},"author":2,"featured_media":586116,"comment_status":"","ping_status":"","sticky":false,"template":"","format":"standard","meta":{"footnotes":""},"categories":[1359],"tags":[4470,244,58,1052,59,1011,27,4467,20270,69957,973],"class_list":{"0":"post-586115","1":"post","2":"type-post","3":"status-publish","4":"format-standard","5":"has-post-thumbnail","7":"category-people","8":"tag-c-u00e0-vous","9":"tag-commentaire","10":"tag-divertissement","11":"tag-drogue","12":"tag-entertainment","13":"tag-fr","14":"tag-france","15":"tag-france-5","16":"tag-olivier-marchal","17":"tag-pax-massilia","18":"tag-people"},"share_on_mastodon":{"url":"https:\/\/pubeurope.com\/@fr\/115683467284618021","error":""},"_links":{"self":[{"href":"https:\/\/www.europesays.com\/fr\/wp-json\/wp\/v2\/posts\/586115","targetHints":{"allow":["GET"]}}],"collection":[{"href":"https:\/\/www.europesays.com\/fr\/wp-json\/wp\/v2\/posts"}],"about":[{"href":"https:\/\/www.europesays.com\/fr\/wp-json\/wp\/v2\/types\/post"}],"author":[{"embeddable":true,"href":"https:\/\/www.europesays.com\/fr\/wp-json\/wp\/v2\/users\/2"}],"replies":[{"embeddable":true,"href":"https:\/\/www.europesays.com\/fr\/wp-json\/wp\/v2\/comments?post=586115"}],"version-history":[{"count":0,"href":"https:\/\/www.europesays.com\/fr\/wp-json\/wp\/v2\/posts\/586115\/revisions"}],"wp:featuredmedia":[{"embeddable":true,"href":"https:\/\/www.europesays.com\/fr\/wp-json\/wp\/v2\/media\/586116"}],"wp:attachment":[{"href":"https:\/\/www.europesays.com\/fr\/wp-json\/wp\/v2\/media?parent=586115"}],"wp:term":[{"taxonomy":"category","embeddable":true,"href":"https:\/\/www.europesays.com\/fr\/wp-json\/wp\/v2\/categories?post=586115"},{"taxonomy":"post_tag","embeddable":true,"href":"https:\/\/www.europesays.com\/fr\/wp-json\/wp\/v2\/tags?post=586115"}],"curies":[{"name":"wp","href":"https:\/\/api.w.org\/{rel}","templated":true}]}}