{"id":586117,"date":"2025-12-08T10:26:14","date_gmt":"2025-12-08T10:26:14","guid":{"rendered":"https:\/\/www.europesays.com\/fr\/586117\/"},"modified":"2025-12-08T10:26:14","modified_gmt":"2025-12-08T10:26:14","slug":"les-syndicats-du-louvre-deposent-un-preavis-de-greve-pour-le-15-decembre","status":"publish","type":"post","link":"https:\/\/www.europesays.com\/fr\/586117\/","title":{"rendered":"Les syndicats du\u00a0Louvre d\u00e9posent un\u00a0pr\u00e9avis de\u00a0gr\u00e8ve pour le\u00a015\u00a0d\u00e9cembre"},"content":{"rendered":"<p>                     <img loading=\"lazy\" decoding=\"async\" src=\"https:\/\/www.europesays.com\/fr\/wp-content\/uploads\/2025\/12\/7f5d900_ftp-1-mkjb3yewnn0p-5577769-01-06.jpg\" alt=\"La grande galerie du Mus\u00e9e du Louvre \u00e0 Paris, le 2\u00a0d\u00e9cembre 2025.\"   width=\"664\" height=\"443\"\/>    La grande galerie du Mus\u00e9e du Louvre \u00e0 Paris, le 2\u00a0d\u00e9cembre 2025.  IAN LANGSDON\/AFP                 <\/p>\n<p class=\"article__paragraph  \">Au Louvre, les \u00e9preuves s\u2019encha\u00eenent. Apr\u00e8s le <a href=\"https:\/\/www.lemonde.fr\/societe\/article\/2025\/11\/28\/cambriolage-du-louvre-tous-les-membres-presumes-du-commando-desormais-mis-en-examen_6655281_3224.html\" target=\"_blank\" rel=\"noopener\">vol rocambolesque des bijoux de la couronne<\/a>, le 19\u00a0octobre, r\u00e9v\u00e9lant les failles de s\u00fbret\u00e9 du mus\u00e9e, la<a href=\"https:\/\/www.lemonde.fr\/culture\/article\/2025\/11\/17\/une-des-galeries-du-louvre-fermee-au-public-a-cause-de-la-fragilite-de-certaines-poutres_6653772_3246.html\" target=\"_blank\" rel=\"noopener\"> fermeture inopin\u00e9e de la galerie Campana<\/a>, \u00e0 cause de poutres fragiles, la fuite le <a href=\"https:\/\/www.lemonde.fr\/culture\/article\/2025\/12\/07\/au-musee-du-louvre-plusieurs-centaines-d-ouvrages-ont-ete-endommagees-par-une-fuite-d-eau_6656384_3246.html\" target=\"_blank\" rel=\"noopener\">26\u00a0novembre d\u2019une canalisation<\/a>, qui a endommag\u00e9 plusieurs centaines d\u2019ouvrages que le personnel s\u2019est employ\u00e9 \u00e0 faire s\u00e9cher en y ins\u00e9rant des buvards, sa pr\u00e9sidente Laurence des Cars voit s\u2019ouvrir un nouveau front, social cette fois. Lundi 8\u00a0d\u00e9cembre, l\u2019ensemble des organisations syndicales du Louvre (CFDT-CGT et SUD) a vot\u00e9 un pr\u00e9avis de gr\u00e8ve pour le 15\u00a0d\u00e9cembre, reconductible<strong> <\/strong>\u2013 le dernier mouvement social \u00e9clair, le 16\u00a0juin, a dur\u00e9 quelques heures. Dans leur viseur, les orientations strat\u00e9giques et le management sec de la direction aux manettes depuis 2021. \u00ab\u00a0L\u2019objectif est de leur mettre la pression pendant une semaine pour obtenir gain de cause\u00a0\u00bb, confie une syndicaliste.<\/p>\n<p class=\"article__paragraph  \">Les syndicats expliquent en pr\u00e9ambule que, \u00ab\u00a0chaque jour, les espaces mus\u00e9ographiques sont ferm\u00e9s bien au-del\u00e0 des pr\u00e9visions du plan d\u2019ouverture garantie, faute d\u2019effectifs en nombre suffisant ainsi qu\u2019en raison des d\u00e9faillances techniques et de la v\u00e9tust\u00e9 du b\u00e2timent constat\u00e9es\u00a0\u00bb. \u00ab\u00a0En parall\u00e8le, ajoutent-ils, les personnels souffrent d\u2019une charge de travail sans cesse accrue, d\u2019une gestion RH [ressources humaines] de plus en plus brutale et d\u2019injonctions contradictoires ne permettant pas une activit\u00e9 de service public sereine.\u00a0\u00bb D\u2019apr\u00e8s les informations du Monde, le nombre de consultations aupr\u00e8s de la psychologue du travail a bondi de 37\u00a0en\u00a02022\u00a0\u00e0 146\u00a0en\u00a02024. Une minorit\u00e9 parmi les 2\u00a0500\u00a0agents du Louvre, mais r\u00e9v\u00e9latrice du malaise ambiant.<\/p>\n<p class=\"reading-mode-only \"><strong>Il vous reste 67.07% de cet article \u00e0 lire. La suite est r\u00e9serv\u00e9e aux abonn\u00e9s.<\/strong><\/p>\n","protected":false},"excerpt":{"rendered":"La grande galerie du Mus\u00e9e du Louvre \u00e0 Paris, le 2\u00a0d\u00e9cembre 2025. IAN LANGSDON\/AFP Au Louvre, les \u00e9preuves&hellip;\n","protected":false},"author":2,"featured_media":586118,"comment_status":"","ping_status":"","sticky":false,"template":"","format":"standard","meta":{"footnotes":""},"categories":[1358],"tags":[1348,1384,1385,1386,58,59,1011,27],"class_list":{"0":"post-586117","1":"post","2":"type-post","3":"status-publish","4":"format-standard","5":"has-post-thumbnail","7":"category-arts-et-design","8":"tag-arts","9":"tag-arts-and-design","10":"tag-arts-et-design","11":"tag-design","12":"tag-divertissement","13":"tag-entertainment","14":"tag-fr","15":"tag-france"},"share_on_mastodon":{"url":"https:\/\/pubeurope.com\/@fr\/115683471885475770","error":""},"_links":{"self":[{"href":"https:\/\/www.europesays.com\/fr\/wp-json\/wp\/v2\/posts\/586117","targetHints":{"allow":["GET"]}}],"collection":[{"href":"https:\/\/www.europesays.com\/fr\/wp-json\/wp\/v2\/posts"}],"about":[{"href":"https:\/\/www.europesays.com\/fr\/wp-json\/wp\/v2\/types\/post"}],"author":[{"embeddable":true,"href":"https:\/\/www.europesays.com\/fr\/wp-json\/wp\/v2\/users\/2"}],"replies":[{"embeddable":true,"href":"https:\/\/www.europesays.com\/fr\/wp-json\/wp\/v2\/comments?post=586117"}],"version-history":[{"count":0,"href":"https:\/\/www.europesays.com\/fr\/wp-json\/wp\/v2\/posts\/586117\/revisions"}],"wp:featuredmedia":[{"embeddable":true,"href":"https:\/\/www.europesays.com\/fr\/wp-json\/wp\/v2\/media\/586118"}],"wp:attachment":[{"href":"https:\/\/www.europesays.com\/fr\/wp-json\/wp\/v2\/media?parent=586117"}],"wp:term":[{"taxonomy":"category","embeddable":true,"href":"https:\/\/www.europesays.com\/fr\/wp-json\/wp\/v2\/categories?post=586117"},{"taxonomy":"post_tag","embeddable":true,"href":"https:\/\/www.europesays.com\/fr\/wp-json\/wp\/v2\/tags?post=586117"}],"curies":[{"name":"wp","href":"https:\/\/api.w.org\/{rel}","templated":true}]}}