{"id":586133,"date":"2025-12-08T10:36:16","date_gmt":"2025-12-08T10:36:16","guid":{"rendered":"https:\/\/www.europesays.com\/fr\/586133\/"},"modified":"2025-12-08T10:36:16","modified_gmt":"2025-12-08T10:36:16","slug":"lunion-europeenne-ne-peut-accepter-une-menace-dinterference","status":"publish","type":"post","link":"https:\/\/www.europesays.com\/fr\/586133\/","title":{"rendered":"l&rsquo;Union europ\u00e9enne ne peut accepter une \u00abmenace d&rsquo;interf\u00e9rence\u00bb"},"content":{"rendered":"<p>\n    \u00abLes \u00c9tats-Unis restent un alli\u00e9 important, les \u00c9tats-Unis restent un partenaire \u00e9conomique important, mais notre Europe doit \u00eatre souveraine\u00bb, a estim\u00e9 le pr\u00e9sident du Conseil europ\u00e9en, Antonio Costa.<\/p>\n<p class=\"fig-paragraph\">L&rsquo;<a href=\"http:\/\/www.lefigaro.fr\/international\/immigration-l-union-europeenne-s-apprete-a-enteriner-un-durcissement-de-sa-politique-20251208\" data-fig-type=\"NewsFlash\" data-gtm-custom-categorie=\"navigation\" data-gtm-custom-action=\"crossclick\" data-gtm-custom-label=\"Contextuel\" data-gtm-event=\"customEventSPE\" data-fig-domain=\"LEFIGARO\" target=\"_blank\" rel=\"noopener\">Union europ\u00e9enne<\/a>\u00a0ne peut accepter une \u00abmenace d&rsquo;interf\u00e9rence\u00bb, a estim\u00e9 lundi le pr\u00e9sident du Conseil europ\u00e9en,\u00a0<a href=\"http:\/\/www.lefigaro.fr\/international\/antonio-costa-l-europe-ne-doit-pas-exclure-une-dette-commune-pour-financer-sa-defense-20250206\" data-fig-type=\"Article\" data-gtm-custom-categorie=\"navigation\" data-gtm-custom-action=\"crossclick\" data-gtm-custom-label=\"Contextuel\" data-gtm-event=\"customEventSPE\" data-fig-domain=\"LEFIGARO\" target=\"_blank\" rel=\"noopener\">Antonio Costa<\/a>, apr\u00e8s la publication de la nouvelle strat\u00e9gie de s\u00e9curit\u00e9 am\u00e9ricaine qui s&rsquo;en prend vivement aux Europ\u00e9ens. \u00abCe qu&rsquo;on ne peut pas accepter c&rsquo;est cette menace d&rsquo;interf\u00e9rence dans la vie politique de l&rsquo;Europe\u00bb, a-t-il d\u00e9clar\u00e9 lors d&rsquo;une intervention \u00e0 l&rsquo;Institut Jacques Delors. \u00abLes \u00c9tats-Unis ne peuvent pas remplacer les citoyens europ\u00e9ens pour choisir quels sont les bons partis et les mauvais partis\u00bb.<\/p>\n<p class=\"fig-body-link\">\n            \u00c0 lire aussi<br \/>\n        <a class=\"fig-body-link__link fig-premium-mark\" href=\"http:\/\/www.lefigaro.fr\/conjoncture\/comment-donald-trump-impose-son-nouvel-ordre-au-commerce-mondial-20250730\" data-fig-type=\"Article\" data-gtm-custom-categorie=\"navigation\" data-gtm-custom-action=\"crossclick\" data-gtm-custom-label=\"Contextuel\" data-gtm-event=\"customEventSPE\" data-fig-domain=\"LEFIGARO\" target=\"_blank\" rel=\"noopener\"><\/p>\n<p>        Comment Donald Trump impose son nouvel ordre au commerce mondial<br \/>\n    <\/a>\n<\/p>\n<p class=\"fig-paragraph\">L&rsquo;administration Trump\u00a0<a href=\"http:\/\/www.lefigaro.fr\/international\/la-nouvelle-strategie-de-securite-americaine-ou-quand-les-etats-unis-sabordent-un-ordre-mondial-qu-ils-avaient-cree-apres-1945-20251207\" data-fig-type=\"Article\" data-gtm-custom-categorie=\"navigation\" data-gtm-custom-action=\"crossclick\" data-gtm-custom-label=\"Contextuel\" data-gtm-event=\"customEventSPE\" data-fig-domain=\"LEFIGARO\" target=\"_blank\" rel=\"noopener\">a publi\u00e9<\/a>\u00a0vendredi un document qui red\u00e9finit sa \u00abStrat\u00e9gie de s\u00e9curit\u00e9 nationale\u00bb. Ce texte, dont la publication \u00e9tait tr\u00e8s attendue, couche sur le papier l&rsquo;offensive lanc\u00e9e par Washington depuis des mois contre le Vieux continent. Il cible, p\u00eale-m\u00eale, les instances europ\u00e9ennes \u00abqui sapent la libert\u00e9 politique et la souverainet\u00e9\u00bb, les politiques migratoires, \u00abla censure de la libert\u00e9 d&rsquo;expression et la r\u00e9pression de l&rsquo;opposition politique, l&rsquo;effondrement des taux de natalit\u00e9 et la perte des identit\u00e9s nationales et de la confiance en soi\u00bb en Europe. \u00abOn a des diff\u00e9rences sur notre vision du monde, mais cela va au-del\u00e0 de \u00e7a\u00bb, a soulign\u00e9 lundi Antonio Costa.<\/p>\n<p>                                            <a class=\"fig-a11y-skip\" href=\"#fig-a11y-skip-main-inarticle\" data-module=\"a11y-skip\" data-context=\"was @visible\"><br \/>\n    Passer la publicit\u00e9<br \/>\n<\/a>            <\/p>\n<p class=\"fig-paragraph\">\u00abCette strat\u00e9gie continue \u00e0 parler de l&rsquo;Europe en tant qu&rsquo;alli\u00e9e. C&rsquo;est bien, mais si on est des alli\u00e9s, on doit agir en tant qu&rsquo;alli\u00e9s\u00bb. \u00abOn respecte la souverainet\u00e9 des uns et des autres.\u00bb \u00abLes \u00c9tats-Unis restent un alli\u00e9 important, les \u00c9tats-Unis restent un partenaire \u00e9conomique important, mais notre Europe doit \u00eatre souveraine\u00bb, a-t-il conclu. D\u00e8s f\u00e9vrier dernier, le vice-pr\u00e9sident am\u00e9ricain, JD Vance, avait constern\u00e9 les Allemands et, plus g\u00e9n\u00e9ralement, les Europ\u00e9ens, lors d&rsquo;un discours \u00e0 Munich dans lequel il avait affirm\u00e9 que la libert\u00e9 d&rsquo;expression \u00abreculait\u00bb sur le continent.<\/p>\n","protected":false},"excerpt":{"rendered":"\u00abLes \u00c9tats-Unis restent un alli\u00e9 important, les \u00c9tats-Unis restent un partenaire \u00e9conomique important, mais notre Europe doit \u00eatre&hellip;\n","protected":false},"author":2,"featured_media":586134,"comment_status":"","ping_status":"","sticky":false,"template":"","format":"standard","meta":{"footnotes":""},"categories":[5],"tags":[11,73,1011,27,14,12,10532,1778,28],"class_list":{"0":"post-586133","1":"post","2":"type-post","3":"status-publish","4":"format-standard","5":"has-post-thumbnail","7":"category-international","8":"tag-actualites","9":"tag-etats-unis","10":"tag-fr","11":"tag-france","12":"tag-international","13":"tag-news","14":"tag-souverainete","15":"tag-ue","16":"tag-world"},"share_on_mastodon":{"url":"https:\/\/pubeurope.com\/@fr\/115683510492462614","error":""},"_links":{"self":[{"href":"https:\/\/www.europesays.com\/fr\/wp-json\/wp\/v2\/posts\/586133","targetHints":{"allow":["GET"]}}],"collection":[{"href":"https:\/\/www.europesays.com\/fr\/wp-json\/wp\/v2\/posts"}],"about":[{"href":"https:\/\/www.europesays.com\/fr\/wp-json\/wp\/v2\/types\/post"}],"author":[{"embeddable":true,"href":"https:\/\/www.europesays.com\/fr\/wp-json\/wp\/v2\/users\/2"}],"replies":[{"embeddable":true,"href":"https:\/\/www.europesays.com\/fr\/wp-json\/wp\/v2\/comments?post=586133"}],"version-history":[{"count":0,"href":"https:\/\/www.europesays.com\/fr\/wp-json\/wp\/v2\/posts\/586133\/revisions"}],"wp:featuredmedia":[{"embeddable":true,"href":"https:\/\/www.europesays.com\/fr\/wp-json\/wp\/v2\/media\/586134"}],"wp:attachment":[{"href":"https:\/\/www.europesays.com\/fr\/wp-json\/wp\/v2\/media?parent=586133"}],"wp:term":[{"taxonomy":"category","embeddable":true,"href":"https:\/\/www.europesays.com\/fr\/wp-json\/wp\/v2\/categories?post=586133"},{"taxonomy":"post_tag","embeddable":true,"href":"https:\/\/www.europesays.com\/fr\/wp-json\/wp\/v2\/tags?post=586133"}],"curies":[{"name":"wp","href":"https:\/\/api.w.org\/{rel}","templated":true}]}}