{"id":586135,"date":"2025-12-08T10:37:11","date_gmt":"2025-12-08T10:37:11","guid":{"rendered":"https:\/\/www.europesays.com\/fr\/586135\/"},"modified":"2025-12-08T10:37:11","modified_gmt":"2025-12-08T10:37:11","slug":"le-personnel-appele-a-une-greve-reconductible-a-partir-du-15-decembre","status":"publish","type":"post","link":"https:\/\/www.europesays.com\/fr\/586135\/","title":{"rendered":"le personnel appel\u00e9 \u00e0 une \u00ab\u00a0gr\u00e8ve reconductible\u00a0\u00bb \u00e0 partir du 15 d\u00e9cembre"},"content":{"rendered":"<p>\n    Cet appel a \u00e9t\u00e9 vot\u00e9 \u00e0 l\u2019unanimit\u00e9 lors d\u2019une assembl\u00e9e g\u00e9n\u00e9rale lundi matin au Louvre.<\/p>\n<p class=\"fig-paragraph\">Les personnels du mus\u00e9e du Louvre \u00e0 Paris sont appel\u00e9s \u00e0 une \u00ab\u00a0gr\u00e8ve reconductible\u00a0\u00bb \u00e0 partir du lundi 15 d\u00e9cembre pour protester contre \u00ab\u00a0des conditions de travail d\u00e9grad\u00e9es\u00a0\u00bb et des \u00ab\u00a0moyens insuffisants\u00a0\u00bb, a d\u00e9clar\u00e9 la CFDT \u00e0 l\u2019AFP lundi matin \u00e0 l\u2019issue d\u2019une intersyndicale. Cet appel d\u00e9pos\u00e9 aupr\u00e8s du minist\u00e8re de la Culture et lanc\u00e9 par la CGT, Sud et la CFDT, a \u00e9t\u00e9 \u00ab\u00a0vot\u00e9 \u00e0 l\u2019unanimit\u00e9\u00a0\u00bb d\u2019une assembl\u00e9e g\u00e9n\u00e9rale qui a rassembl\u00e9 \u00ab\u00a0environ 200 personnes\u00a0\u00bb dans l\u2019auditorium du Louvre, selon ce syndicat.<\/p>\n<p class=\"fig-paragraph\">Selon les informations du\u00a0<a href=\"https:\/\/www.lemonde.fr\/culture\/article\/2025\/12\/08\/les-syndicats-du-louvre-deposent-un-preavis-de-greve-pour-le-15-decembre_6656454_3246.html\" target=\"_blank\" rel=\"nofollow noopener\" data-gtm-custom-categorie=\"navigation\" data-gtm-custom-action=\"crossclick\" data-gtm-custom-label=\"Contextuel\" data-gtm-event=\"customEventSPE\">Monde<\/a>, relay\u00e9es plus t\u00f4t dans la matin\u00e9e, cette gr\u00e8ve aura pour objectif de \u00ab\u00a0mettre la pression pendant une semaine\u00a0\u00bb \u00e0 la direction du mus\u00e9e \u00ab\u00a0pour obtenir gain de cause\u00a0\u00bb. \u00ab\u00a0Chaque jour, les espaces mus\u00e9ographiques sont ferm\u00e9s bien au-del\u00e0 des pr\u00e9visions du plan d\u2019ouverture garantie, faute d\u2019effectifs en nombre suffisant ainsi qu\u2019en raison des d\u00e9faillances techniques et de la v\u00e9tust\u00e9 du b\u00e2timent constat\u00e9es, indique une syndicaliste \u00e0 nos confr\u00e8res. les personnels souffrent d\u2019une charge de travail sans cesse accrue [&#8230;] ne permettant pas une activit\u00e9 de service public sereine.\u00a0\u00bb<\/p>\n<p>                                            <a class=\"fig-a11y-skip\" href=\"#fig-a11y-skip-main-inarticle\" data-module=\"a11y-skip\" data-context=\"was @visible\"><br \/>\n    Passer la publicit\u00e9<br \/>\n<\/a>            <\/p>\n<p class=\"fig-paragraph\">Le Louvre, dans la tourmente depuis le spectaculaire cambriolage du 19 octobre, a d\u00fb \u00e9galement fermer une galerie en novembre en raison de la v\u00e9tust\u00e9 de l\u2019\u00e9difice et a subi il y a deux semaines une fuite d\u2019eau ayant endommag\u00e9 plusieurs centaines d\u2019ouvrages de la biblioth\u00e8que des Antiquit\u00e9s \u00e9gyptiennes.<\/p>\n","protected":false},"excerpt":{"rendered":"Cet appel a \u00e9t\u00e9 vot\u00e9 \u00e0 l\u2019unanimit\u00e9 lors d\u2019une assembl\u00e9e g\u00e9n\u00e9rale lundi matin au Louvre. Les personnels du&hellip;\n","protected":false},"author":2,"featured_media":586136,"comment_status":"","ping_status":"","sticky":false,"template":"","format":"standard","meta":{"footnotes":""},"categories":[4],"tags":[11,1011,27,6151,11274,12,25],"class_list":{"0":"post-586135","1":"post","2":"type-post","3":"status-publish","4":"format-standard","5":"has-post-thumbnail","7":"category-france","8":"tag-actualites","9":"tag-fr","10":"tag-france","11":"tag-greve","12":"tag-louvre","13":"tag-news","14":"tag-republique-francaise"},"share_on_mastodon":{"url":"https:\/\/pubeurope.com\/@fr\/115683514522495860","error":""},"_links":{"self":[{"href":"https:\/\/www.europesays.com\/fr\/wp-json\/wp\/v2\/posts\/586135","targetHints":{"allow":["GET"]}}],"collection":[{"href":"https:\/\/www.europesays.com\/fr\/wp-json\/wp\/v2\/posts"}],"about":[{"href":"https:\/\/www.europesays.com\/fr\/wp-json\/wp\/v2\/types\/post"}],"author":[{"embeddable":true,"href":"https:\/\/www.europesays.com\/fr\/wp-json\/wp\/v2\/users\/2"}],"replies":[{"embeddable":true,"href":"https:\/\/www.europesays.com\/fr\/wp-json\/wp\/v2\/comments?post=586135"}],"version-history":[{"count":0,"href":"https:\/\/www.europesays.com\/fr\/wp-json\/wp\/v2\/posts\/586135\/revisions"}],"wp:featuredmedia":[{"embeddable":true,"href":"https:\/\/www.europesays.com\/fr\/wp-json\/wp\/v2\/media\/586136"}],"wp:attachment":[{"href":"https:\/\/www.europesays.com\/fr\/wp-json\/wp\/v2\/media?parent=586135"}],"wp:term":[{"taxonomy":"category","embeddable":true,"href":"https:\/\/www.europesays.com\/fr\/wp-json\/wp\/v2\/categories?post=586135"},{"taxonomy":"post_tag","embeddable":true,"href":"https:\/\/www.europesays.com\/fr\/wp-json\/wp\/v2\/tags?post=586135"}],"curies":[{"name":"wp","href":"https:\/\/api.w.org\/{rel}","templated":true}]}}