{"id":586150,"date":"2025-12-08T10:47:12","date_gmt":"2025-12-08T10:47:12","guid":{"rendered":"https:\/\/www.europesays.com\/fr\/586150\/"},"modified":"2025-12-08T10:47:12","modified_gmt":"2025-12-08T10:47:12","slug":"un-bar-utilise-un-procede-ingenieux-pour-pouvoir-proposer-des-centaines-de-vins-differents","status":"publish","type":"post","link":"https:\/\/www.europesays.com\/fr\/586150\/","title":{"rendered":"un bar utilise un proc\u00e9d\u00e9 ing\u00e9nieux pour pouvoir proposer des centaines de vins diff\u00e9rents"},"content":{"rendered":"<p>                    Par<br \/>\n        <strong><br \/>\n            <a href=\"https:\/\/actu.fr\/auteur\/fmass\" title=\"Consulter tous les articles de Fabien Massin\" target=\"_blank\" rel=\"noopener\">Fabien Massin<\/a><br \/>\n                    <\/strong><\/p>\n<p>        Publi\u00e9 le<\/p>\n<p>            8 d\u00e9c. 2025 \u00e0 10h56        <\/p>\n<p>Et un de plus. Apr\u00e8s <a href=\"https:\/\/actu.fr\/normandie\/rouen_76540\/en-plein-coeur-de-rouen-un-bar-a-vin-a-la-bonne-franquette-va-remplacer-un-restaurant-emblematique_63303322.html\" target=\"_blank\" rel=\"noopener\">Au 2e<\/a>, <a href=\"https:\/\/actu.fr\/normandie\/rouen_76540\/decouvrez-jaja-le-bar-a-vin-qui-remplace-le-p-tit-verdot-a-rouen_63325669.html\" target=\"_blank\" rel=\"noopener\">Jaja<\/a>, un <strong>nouveau bar \u00e0 vin<\/strong> a ouvert ses portes vendredi 5 d\u00e9cembre 2025 \u00e0 <a href=\"https:\/\/actu.fr\/normandie\/rouen_76540\" target=\"_blank\" rel=\"noopener\">Rouen (Seine-Maritime)<\/a> : il s\u2019agit du Cercle des ar\u00f4mes, rue Martainville. Sa sp\u00e9cificit\u00e9 ? Il utilise un proc\u00e9d\u00e9 ing\u00e9nieux pour pouvoir <strong>proposer 170 vins diff\u00e9rents au verre.\u00a0<\/strong><\/p>\n<p>Des vins de toutes les r\u00e9gions<\/p>\n<p class=\" wall-content\">L\u2019aventure du Cercle des ar\u00f4mes d\u00e9marre en 2017 \u00e0 Colmar, en Alsace, o\u00f9 un premier bar est ouvert, par son fondateur Antoine Castillon. D\u2019autres \u00e9tablissements sur le m\u00eame mod\u00e8le ouvrent \u00e0 partir de 2021 dans plusieurs villes de France, c\u2019est donc d\u00e9sormais le tour de Rouen.\u00a0<\/p>\n<p class=\" wall-content\">Dans la capitale normande, c\u2019est un couple de Rouennais, <strong>Marie (en cuisine) et Fran\u00e7ois (sommelier)<\/strong>, form\u00e9s \u00e0 <a href=\"https:\/\/actu.fr\/normandie\/rouen_76540\/pres-rouen-ce-lycee-hotelier-forme-futurs-stars-restaurants_23533926.html\" target=\"_blank\" rel=\"noopener\">l\u2019\u00e9cole h\u00f4teli\u00e8re de Canteleu<\/a>, qui tient la boutique. C\u00f4t\u00e9 cuisine, dans une salle qui peut accueillir 35 couverts, il y a des charcuteries, des plats r\u00e9gionaux, \u00e0 manger seul ou \u00e0 partager, et des p\u00e2tisseries, Marie \u00e9tant p\u00e2tissi\u00e8re de formation.\u00a0\u00a0<\/p>\n<p class=\" wall-content\">Et donc c\u00f4t\u00e9 vins, la carte propose <strong>un nombre incroyable de vins au verre<\/strong> \u2014 jusqu\u2019\u00e0 170, les prix allant de 5 \u00e0 30 euros \u2014, repr\u00e9sentant des vignobles de toutes les r\u00e9gions, avec \u00e9galement des incursions dans les vins \u00e9trangers pour les plus avertis. Pour cela, Fran\u00e7ois, comme dans les autres Cercles des ar\u00f4mes,<strong> utilise une technique particuli\u00e8re<\/strong>, un outil de la marque Coravin.\u00a0<\/p>\n<p class=\" wall-content\">Pour faire simple, avec cet outil, en per\u00e7ant le bouchon d\u2019une fine aiguille, il est possible de servir un verre de vin sans ouvrir la bouteille. L\u2019anguille sortie, le li\u00e8ge se referme et le vin <strong>peut ainsi se conserver durant 6 mois<\/strong>. Pas besoin ainsi d\u2019ouvrir une bouteille qui devrait \u00eatre consomm\u00e9e rapidement apr\u00e8s ouverture.\u00a0<\/p>\n<p class=\" wall-content\"><strong>\u2022 Fran\u00e7ois explique le proc\u00e9d\u00e9 qu\u2019il utilise pour servir des vins au verre :\u00a0<\/strong><\/p>\n<p>Le Cercle des ar\u00f4mes, 185, rue Martainville \u00e0 Rouen. Ouvert du mardi au samedi \u00e0 partir de 17h.\u00a0<\/p>\n<p>Suivez l\u2019actualit\u00e9 de Rouen sur notre <a href=\"https:\/\/www.whatsapp.com\/channel\/0029VaKfnf99hXF2ddApFB1D\" target=\"_blank\" rel=\"noopener\">cha\u00eene WhatsApp<\/a> et sur notre <a href=\"https:\/\/www.tiktok.com\/@76actu.fr?lang=fr\" target=\"_blank\" rel=\"noopener\">compte TikTok<\/a><\/p>\n<p class=\" wall-content\">Personnalisez votre actualit\u00e9 en ajoutant vos villes et m\u00e9dias en favori avec <a href=\"https:\/\/moncompte.actu.fr\" title=\"D\u00e9couvez Mon Actu\" rel=\"nofollow noopener\" data-trk=\"{&quot;cta&quot;:{&quot;action&quot;:&quot;https:\\\/\\\/moncompte.actu.fr&quot;,&quot;category&quot;:&quot;mon compte&quot;,&quot;from&quot;:&quot;article footer&quot;,&quot;name&quot;:&quot;Mon actu&quot;,&quot;type&quot;:&quot;cta&quot;}}\" target=\"_blank\">Mon Actu<\/a>.<\/p>\n<p>                    <script async src=\"\/\/www.tiktok.com\/embed.js\"><\/script><\/p>\n","protected":false},"excerpt":{"rendered":"Par Fabien Massin Publi\u00e9 le 8 d\u00e9c. 2025 \u00e0 10h56 Et un de plus. Apr\u00e8s Au 2e, Jaja,&hellip;\n","protected":false},"author":2,"featured_media":586151,"comment_status":"","ping_status":"","sticky":false,"template":"","format":"standard","meta":{"footnotes":""},"categories":[9587],"tags":[1111,11,9086,1777,674,1011,27,1652,12,5161,3147,25,9590,69959],"class_list":{"0":"post-586150","1":"post","2":"type-post","3":"status-publish","4":"format-standard","5":"has-post-thumbnail","7":"category-rouen","8":"tag-actu","9":"tag-actualites","10":"tag-bon-plan-a-rouen","11":"tag-eu","12":"tag-europe","13":"tag-fr","14":"tag-france","15":"tag-loisirs-culture","16":"tag-news","17":"tag-normandie","18":"tag-nouveaux-commerces","19":"tag-republique-francaise","20":"tag-rouen","21":"tag-vins-de-bourgogne"},"share_on_mastodon":{"url":"https:\/\/pubeurope.com\/@fr\/115683553637108694","error":""},"_links":{"self":[{"href":"https:\/\/www.europesays.com\/fr\/wp-json\/wp\/v2\/posts\/586150","targetHints":{"allow":["GET"]}}],"collection":[{"href":"https:\/\/www.europesays.com\/fr\/wp-json\/wp\/v2\/posts"}],"about":[{"href":"https:\/\/www.europesays.com\/fr\/wp-json\/wp\/v2\/types\/post"}],"author":[{"embeddable":true,"href":"https:\/\/www.europesays.com\/fr\/wp-json\/wp\/v2\/users\/2"}],"replies":[{"embeddable":true,"href":"https:\/\/www.europesays.com\/fr\/wp-json\/wp\/v2\/comments?post=586150"}],"version-history":[{"count":0,"href":"https:\/\/www.europesays.com\/fr\/wp-json\/wp\/v2\/posts\/586150\/revisions"}],"wp:featuredmedia":[{"embeddable":true,"href":"https:\/\/www.europesays.com\/fr\/wp-json\/wp\/v2\/media\/586151"}],"wp:attachment":[{"href":"https:\/\/www.europesays.com\/fr\/wp-json\/wp\/v2\/media?parent=586150"}],"wp:term":[{"taxonomy":"category","embeddable":true,"href":"https:\/\/www.europesays.com\/fr\/wp-json\/wp\/v2\/categories?post=586150"},{"taxonomy":"post_tag","embeddable":true,"href":"https:\/\/www.europesays.com\/fr\/wp-json\/wp\/v2\/tags?post=586150"}],"curies":[{"name":"wp","href":"https:\/\/api.w.org\/{rel}","templated":true}]}}