{"id":586154,"date":"2025-12-08T10:52:15","date_gmt":"2025-12-08T10:52:15","guid":{"rendered":"https:\/\/www.europesays.com\/fr\/586154\/"},"modified":"2025-12-08T10:52:15","modified_gmt":"2025-12-08T10:52:15","slug":"au-centre-national-dart-contemporain-a-grenoble-un-conflit-autour-dune-accusation-de-violences-sexuelles-sajoute-a-la-crise-sociale","status":"publish","type":"post","link":"https:\/\/www.europesays.com\/fr\/586154\/","title":{"rendered":"Au Centre national d\u2019art contemporain \u00e0 Grenoble, un conflit autour d\u2019une accusation de violences sexuelles s\u2019ajoute \u00e0 la crise sociale"},"content":{"rendered":"<p class=\"sc-cPiKLX AiZTS text-element\">Que se passe-t-il au Magasin ? L\u2019ancienne friche industrielle semblait rena\u00eetre de ses cendres <a href=\"https:\/\/www.liberation.fr\/culture\/le-centre-dart-grenoblois-le-magasin-renait-de-ses-cendres-20221118_THGJZNBZCVELRHJLMIBD356BAM\/\" target=\"_blank\" rel=\"noreferrer noopener\" title=\"https:\/\/www.liberation.fr\/culture\/le-centre-dart-grenoblois-le-magasin-renait-de-ses-cendres-20221118_THGJZNBZCVELRHJLMIBD356BAM\/\">apr\u00e8s des ann\u00e9es difficiles<\/a>. Le lieu grenoblois a \u00e9t\u00e9 labellis\u00e9 centre d\u2019art national cet automne et des expositions remarqu\u00e9es s\u2019y sont d\u00e9roul\u00e9es. Mais, alors que la directrice du lieu, C\u00e9line Kopp, a annonc\u00e9 il y a quelques semaines son d\u00e9part pour le Mus\u00e9e d\u2019art moderne et d\u2019art contemporain de Nice (Mamac), une nouvelle crise est venue percuter l\u2019institution.<\/p>\n<p class=\"sc-cPiKLX AiZTS text-element\">Le 13 novembre, le syndicat SUD culture d\u00e9nonce dans un communiqu\u00e9 des \u00abviolences au travail\u00bb et la gestion d\u2019une situation de violence sexuelle pr\u00e9sum\u00e9e au sein de la structure ayant men\u00e9 au licenciement de la lanceuse d\u2019alerte. Dans la foul\u00e9e, neuf salari\u00e9s<b> <\/b>\u2013<b> <\/b>sur onze, en comptant la directrice \u2013 se mettent en gr\u00e8ve le 19 novembre pour r\u00e9clamer de meilleures conditions de travail et demandent la r\u00e9int\u00e9gration d\u2019une autre de leur coll\u00e8gue mise \u00e0 pied pour faute grave.<\/p>\n<p class=\"sc-cPiKLX AiZTS text-element\">Ce n\u2019est pas la premi\u00e8re crise qui survient au Magasin. Arriv\u00e9e en 2022, C\u00e9line Kopp avait trouv\u00e9 un lieu ferm\u00e9 depuis un an et demi, des tutelles proches du d\u00e9sengagement et une \u00e9quipe en souffrance. Avant elle, le directeur Yves<\/p>\n","protected":false},"excerpt":{"rendered":"Que se passe-t-il au Magasin ? L\u2019ancienne friche industrielle semblait rena\u00eetre de ses cendres apr\u00e8s des ann\u00e9es difficiles.&hellip;\n","protected":false},"author":2,"featured_media":586155,"comment_status":"","ping_status":"","sticky":false,"template":"","format":"standard","meta":{"footnotes":""},"categories":[9566],"tags":[1111,11,2430,1777,674,1011,27,2731,12,25],"class_list":{"0":"post-586154","1":"post","2":"type-post","3":"status-publish","4":"format-standard","5":"has-post-thumbnail","7":"category-grenoble","8":"tag-actu","9":"tag-actualites","10":"tag-auvergne-rhone-alpes","11":"tag-eu","12":"tag-europe","13":"tag-fr","14":"tag-france","15":"tag-grenoble","16":"tag-news","17":"tag-republique-francaise"},"share_on_mastodon":{"url":"https:\/\/pubeurope.com\/@fr\/115683573428556033","error":""},"_links":{"self":[{"href":"https:\/\/www.europesays.com\/fr\/wp-json\/wp\/v2\/posts\/586154","targetHints":{"allow":["GET"]}}],"collection":[{"href":"https:\/\/www.europesays.com\/fr\/wp-json\/wp\/v2\/posts"}],"about":[{"href":"https:\/\/www.europesays.com\/fr\/wp-json\/wp\/v2\/types\/post"}],"author":[{"embeddable":true,"href":"https:\/\/www.europesays.com\/fr\/wp-json\/wp\/v2\/users\/2"}],"replies":[{"embeddable":true,"href":"https:\/\/www.europesays.com\/fr\/wp-json\/wp\/v2\/comments?post=586154"}],"version-history":[{"count":0,"href":"https:\/\/www.europesays.com\/fr\/wp-json\/wp\/v2\/posts\/586154\/revisions"}],"wp:featuredmedia":[{"embeddable":true,"href":"https:\/\/www.europesays.com\/fr\/wp-json\/wp\/v2\/media\/586155"}],"wp:attachment":[{"href":"https:\/\/www.europesays.com\/fr\/wp-json\/wp\/v2\/media?parent=586154"}],"wp:term":[{"taxonomy":"category","embeddable":true,"href":"https:\/\/www.europesays.com\/fr\/wp-json\/wp\/v2\/categories?post=586154"},{"taxonomy":"post_tag","embeddable":true,"href":"https:\/\/www.europesays.com\/fr\/wp-json\/wp\/v2\/tags?post=586154"}],"curies":[{"name":"wp","href":"https:\/\/api.w.org\/{rel}","templated":true}]}}