{"id":586176,"date":"2025-12-08T11:05:13","date_gmt":"2025-12-08T11:05:13","guid":{"rendered":"https:\/\/www.europesays.com\/fr\/586176\/"},"modified":"2025-12-08T11:05:13","modified_gmt":"2025-12-08T11:05:13","slug":"municipales-2026-a-toulouse-ce-candidat-veut-changer-le-nom-de-la-ville-rose","status":"publish","type":"post","link":"https:\/\/www.europesays.com\/fr\/586176\/","title":{"rendered":"Municipales 2026 \u00e0 Toulouse\u00a0: Ce candidat veut changer le nom de la Ville rose"},"content":{"rendered":"<p>\n                                                                    l&rsquo;essentiel<br \/>\n                                                                Ancien chef d\u2019entreprise et t\u00eate d\u2019une liste \u00ab\u00a0ni de gauche, ni de droite\u00a0\u00bb pour les municipales 2026, Pierre Pezzin propose une mesure radicale\u00a0: renommer Toulouse \u00ab\u00a0Tolosa\u00a0\u00bb. Un changement qui se veut \u00e0 la fois une rupture avec le pass\u00e9 et un symbole de puissance et d\u2019ouverture vers le Sud.\n                            <\/p>\n<p data-path-to-node=\"0\">L\u2019ar\u00e8ne politique toulousaine s\u2019anime d\u00e9j\u00e0 en vue des \u00e9lections municipales de 2026 avec l\u2019\u00e9mergence d\u2019une proposition singuli\u00e8re port\u00e9e par Pierre Pezzin, un jeune retrait\u00e9 de 62 ans. Ancien dirigeant de la banque Barclays, il se lance dans la course \u00e0 la mairie avec une liste \u00ab\u00a0d\u2019alternative citoyenne\u00a0\u00bb\u00a0se positionnant r\u00e9solument hors des clivages partisans traditionnels. Son mouvement, \u00ab\u00a0Pour un langage citoyen\u00a0\u00bb, affiche l\u2019ambition d\u2019\u00eatre pleinement repr\u00e9sentatif de la diversit\u00e9 de la population locale.<\/p>\n<p class=\"std-elt__inline\">\n        <strong>\u00c0 lire aussi :<\/strong><br \/>\n        <a href=\"https:\/\/www.ladepeche.fr\/2025\/10\/23\/municipales-2026-a-toulouse-le-candidat-surprise-qui-veut-supprimer-les-parcmetres-13010771.php\" target=\"_blank\" rel=\"noopener\">Municipales 2026 \u00e0 Toulouse\u00a0: qui est Pierre Pezzin, le candidat surprise qui veut supprimer les parcm\u00e8tres\u00a0?<\/a>\n    <\/p>\n<p data-path-to-node=\"1\">La mesure phare de son programme, annonc\u00e9e en rupture avec l\u2019administration actuelle qu\u2019il souhaite remplacer d\u00e8s mars\u00a02026, est le changement de nom de la ville. \u00ab\u00a0D\u00e8s que je serai \u00e9lu maire de Toulouse, je rebaptiserai la ville Tolosa\u00a0\u00bb, affirme cat\u00e9goriquement Pierre Pezzin. Cette initiative est justifi\u00e9e par la n\u00e9cessit\u00e9 de \u00ab\u00a0marquer une rupture avec le pass\u00e9, un pass\u00e9 qui devient de plus en plus lourd en termes de notori\u00e9t\u00e9, financi\u00e8rement aussi\u00a0\u00bb.<\/p>\n<p data-path-to-node=\"2\">Le choix de \u00ab\u00a0Tolosa\u00a0\u00bb\u00a0est charg\u00e9 de symbolisme. L\u2019ancien nom latin de la cit\u00e9 \u00e9voque pour lui une p\u00e9riode o\u00f9 la ville \u00e9tait \u00ab\u00a0tr\u00e8s puissante\u00a0\u00bb, assurant une plus grande ind\u00e9pendance vis-\u00e0-vis des instances nationales. Il y voit ainsi un \u00ab\u00a0symbole de force\u00a0\u00bb. Mais au-del\u00e0 de l\u2019ancrage historique, le candidat y projette une vision tourn\u00e9e vers l\u2019avenir et le Sud.<\/p>\n<p class=\"std-elt__inline\">\n        <strong>\u00c0 lire aussi :<\/strong><br \/>\n        <a href=\"https:\/\/www.ladepeche.fr\/article\/2012\/05\/26\/1362773-avec-plc-pierre-pezzin-parle-le-citoyen.html\" target=\"_blank\" rel=\"noopener\">Avec PLC, Pierre Pezzin parle le citoyen<\/a>\n    <\/p>\n<p data-path-to-node=\"3\">\u00ab\u00a0Tolosa, c\u2019est un nom \u00e0 consonance latine donn\u00e9 il y a des mill\u00e9naires de \u00e7a par des gens aussi venus du Sud, les Romains\u00a0\u00bb, explique Pezzin. Cette orientation g\u00e9ographique est pour lui essentielle, car elle repr\u00e9sente \u00ab\u00a0toute la force de cette collaboration et des \u00e9changes humains vers le sud\u00a0\u00bb. Il mentionne explicitement l\u2019Espagne, l\u2019Italie, le Maghreb et l\u2019Afrique subsaharienne, communaut\u00e9s qu\u2019il juge \u00ab\u00a0tr\u00e8s repr\u00e9sent\u00e9es \u00e0 Toulouse\u00a0\u00bb et dont il souhaite faire \u00ab\u00a0une force\u00a0\u00bb\u00a0pour la ville.<\/p>\n<p data-path-to-node=\"4\">Sur le plan pratique, l\u2019ambition de restaurer le nom historique est loin d\u2019\u00eatre une simple formalit\u00e9. Les proc\u00e9dures l\u00e9gales pour le changement de nom d\u2019une commune sont strictes, n\u00e9cessitant un vote favorable du conseil municipal, un accord du conseil d\u00e9partemental de Haute-Garonne, puis un d\u00e9cret officiel de l\u2019\u00c9tat. De plus, la motivation ne peut \u00eatre uniquement symbolique ou politique. Cependant, le nom de \u00ab\u00a0Tolosa\u00a0\u00bb\u00a0\u00e9tant l\u2019appellation latine historique de la cit\u00e9, il pourrait s\u2019inscrire dans une d\u00e9marche de restauration historique potentiellement jug\u00e9e acceptable. Pierre Pezzin minimise les contraintes logistiques, arguant que le nom \u00ab\u00a0Tolosa\u00a0\u00bb\u00a0est d\u00e9j\u00e0 pr\u00e9sent sur la signalisation routi\u00e8re en p\u00e9riph\u00e9rie, aux c\u00f4t\u00e9s de \u00ab\u00a0Toulouse\u00a0\u00bb. Pour lui, il suffirait \u00ab\u00a0d\u2019inverser les panneaux\u00a0\u00bb\u00a0pour mettre \u00ab\u00a0Tolosa en haut et Toulouse en bas\u00a0\u00bb\u00a0et le changement \u00ab\u00a0se fera tr\u00e8s facilement\u00a0\u00bb. Mais, rien ne le garantit.<\/p>\n","protected":false},"excerpt":{"rendered":"l&rsquo;essentiel Ancien chef d\u2019entreprise et t\u00eate d\u2019une liste \u00ab\u00a0ni de gauche, ni de droite\u00a0\u00bb pour les municipales 2026,&hellip;\n","protected":false},"author":2,"featured_media":586177,"comment_status":"","ping_status":"","sticky":false,"template":"","format":"standard","meta":{"footnotes":""},"categories":[2816],"tags":[1111,11,1777,674,1011,27,329,2722,3434,12,2680,316,25,2312,37919],"class_list":{"0":"post-586176","1":"post","2":"type-post","3":"status-publish","4":"format-standard","5":"has-post-thumbnail","7":"category-toulouse","8":"tag-actu","9":"tag-actualites","10":"tag-eu","11":"tag-europe","12":"tag-fr","13":"tag-france","14":"tag-france-monde","15":"tag-haute-garonne","16":"tag-municipales-2026","17":"tag-news","18":"tag-occitanie","19":"tag-politique","20":"tag-republique-francaise","21":"tag-toulouse","22":"tag-u00c9lections"},"share_on_mastodon":{"url":"https:\/\/pubeurope.com\/@fr\/115683624595969681","error":""},"_links":{"self":[{"href":"https:\/\/www.europesays.com\/fr\/wp-json\/wp\/v2\/posts\/586176","targetHints":{"allow":["GET"]}}],"collection":[{"href":"https:\/\/www.europesays.com\/fr\/wp-json\/wp\/v2\/posts"}],"about":[{"href":"https:\/\/www.europesays.com\/fr\/wp-json\/wp\/v2\/types\/post"}],"author":[{"embeddable":true,"href":"https:\/\/www.europesays.com\/fr\/wp-json\/wp\/v2\/users\/2"}],"replies":[{"embeddable":true,"href":"https:\/\/www.europesays.com\/fr\/wp-json\/wp\/v2\/comments?post=586176"}],"version-history":[{"count":0,"href":"https:\/\/www.europesays.com\/fr\/wp-json\/wp\/v2\/posts\/586176\/revisions"}],"wp:featuredmedia":[{"embeddable":true,"href":"https:\/\/www.europesays.com\/fr\/wp-json\/wp\/v2\/media\/586177"}],"wp:attachment":[{"href":"https:\/\/www.europesays.com\/fr\/wp-json\/wp\/v2\/media?parent=586176"}],"wp:term":[{"taxonomy":"category","embeddable":true,"href":"https:\/\/www.europesays.com\/fr\/wp-json\/wp\/v2\/categories?post=586176"},{"taxonomy":"post_tag","embeddable":true,"href":"https:\/\/www.europesays.com\/fr\/wp-json\/wp\/v2\/tags?post=586176"}],"curies":[{"name":"wp","href":"https:\/\/api.w.org\/{rel}","templated":true}]}}