{"id":586178,"date":"2025-12-08T11:06:23","date_gmt":"2025-12-08T11:06:23","guid":{"rendered":"https:\/\/www.europesays.com\/fr\/586178\/"},"modified":"2025-12-08T11:06:23","modified_gmt":"2025-12-08T11:06:23","slug":"pres-de-lille-cette-brasserie-reputee-organise-une-grande-vente-dusine-avec-des-bieres-a-prix-casses","status":"publish","type":"post","link":"https:\/\/www.europesays.com\/fr\/586178\/","title":{"rendered":"Pr\u00e8s de Lille, cette brasserie r\u00e9put\u00e9e organise une grande vente d&rsquo;usine avec des bi\u00e8res \u00e0 prix cass\u00e9s"},"content":{"rendered":"<p>                    Par<br \/>\n        <strong><br \/>\n            <a href=\"https:\/\/actu.fr\/auteur\/nicolas-demollien\" title=\"Consulter tous les articles de Nicolas Demollien\" target=\"_blank\" rel=\"noopener\">Nicolas Demollien<\/a><br \/>\n                    <\/strong><\/p>\n<p>        Publi\u00e9 le<\/p>\n<p>            8 d\u00e9c. 2025 \u00e0 11h17        <\/p>\n<p>C\u2019est le moment de <b>se faire plaisir<\/b> ! A quelques kilom\u00e8tres de <a href=\"https:\/\/actu.fr\/hauts-de-france\/lille_59350\" target=\"_blank\" rel=\"noopener\">Lille<\/a> (Nord), une <b>brasserie r\u00e9put\u00e9e<\/b> organise un grand \u00e9v\u00e9nement <b>du mercredi 10 au samedi 13 d\u00e9cembre 2025<\/b>. Au menu : une <b>vente d\u2019usine<\/b> avec des <a href=\"https:\/\/actu.fr\/tag\/biere\" target=\"_blank\" rel=\"noopener\">bi\u00e8res<\/a> \u00e0 <b>prix cass\u00e9s<\/b>. Elle est sign\u00e9e de la <b>brasserie lilloise<\/b> et se d\u00e9roulera \u00e0 <a href=\"https:\/\/actu.fr\/hauts-de-france\/roncq_59508\" target=\"_blank\" rel=\"noopener\">Roncq<\/a>.<\/p>\n<p>Une vente d\u2019usine avec des bi\u00e8res \u00e0 prix cass\u00e9s \u00e0 Roncq<\/p>\n<p class=\" wall-content\">Il y aura \u00ab\u00a0des\u00a0<b>prix r\u00e9duits<\/b> sur une <b>large s\u00e9lection<\/b> de nos produits\u00a0\u00bb, promet ainsi l\u2019entreprise. L\u2019occasion de d\u00e9couvrir une s\u00e9lection de recettes artisanales avec des <b>d\u00e9gustations gratuites sur place<\/b> \u00ab\u00a0pour \u00e9veiller les papilles et partager un moment convivial autour de notre passion pour la bi\u00e8re artisanale !\u00a0\u00a0<\/p>\n<p class=\" wall-content\">Pour m\u00e9moire, la brasserie lilloise propose les bi\u00e8res iconiques <b>Lyd\u00e9ric, Achille ou encore Phinaert<\/b>. Avec des recettes vari\u00e9es et diff\u00e9rentes dans chacune des \u00ab\u00a0marques\u00a0\u00bb.<\/p>\n<p class=\" wall-content\">La vente se tiendra au 24, avenue de l\u2019Europe. Vous pourrez vous y rendre de 10h \u00e0 19h mercredi, jeudi et vendredi, de 10h \u00e0 16h le samedi.<\/p>\n<p class=\" wall-content\">Une belle opportunit\u00e9 de faire de bonnes affaires et de pr\u00e9parer au mieux les f\u00eates de fin d\u2019ann\u00e9e. Et la brasserie d\u2019inviter : \u00ab\u00a0Venez nombreux et partagez l\u2019\u00e9v\u00e9nement avec vos amis et votre famille !\u00a0\u00bb<\/p>\n<p class=\" wall-content\">Plus d\u2019infos cet \u00e9v\u00e9nement et sur la marque sur le site <a href=\"https:\/\/www.brasserie-lilloise.com\/grande-vente-de-noel-\" target=\"_blank\" rel=\"noopener\">brasserie-lilloise.com<\/a><\/p>\n<p class=\" wall-content\">Personnalisez votre actualit\u00e9 en ajoutant vos villes et m\u00e9dias en favori avec <a href=\"https:\/\/moncompte.actu.fr\" title=\"D\u00e9couvez Mon Actu\" rel=\"nofollow noopener\" data-trk=\"{&quot;cta&quot;:{&quot;action&quot;:&quot;https:\\\/\\\/moncompte.actu.fr&quot;,&quot;category&quot;:&quot;mon compte&quot;,&quot;from&quot;:&quot;article footer&quot;,&quot;name&quot;:&quot;Mon actu&quot;,&quot;type&quot;:&quot;cta&quot;}}\" target=\"_blank\">Mon Actu<\/a>.<\/p>\n","protected":false},"excerpt":{"rendered":"Par Nicolas Demollien Publi\u00e9 le 8 d\u00e9c. 2025 \u00e0 11h17 C\u2019est le moment de se faire plaisir !&hellip;\n","protected":false},"author":2,"featured_media":586179,"comment_status":"","ping_status":"","sticky":false,"template":"","format":"standard","meta":{"footnotes":""},"categories":[2815],"tags":[1111,11,7722,6557,1777,674,1011,27,811,1307,12,25,104],"class_list":{"0":"post-586178","1":"post","2":"type-post","3":"status-publish","4":"format-standard","5":"has-post-thumbnail","7":"category-lille","8":"tag-actu","9":"tag-actualites","10":"tag-biere","11":"tag-bon-plan-a-lille","12":"tag-eu","13":"tag-europe","14":"tag-fr","15":"tag-france","16":"tag-hauts-de-france","17":"tag-lille","18":"tag-news","19":"tag-republique-francaise","20":"tag-societe"},"share_on_mastodon":{"url":"https:\/\/pubeurope.com\/@fr\/115683628562537801","error":""},"_links":{"self":[{"href":"https:\/\/www.europesays.com\/fr\/wp-json\/wp\/v2\/posts\/586178","targetHints":{"allow":["GET"]}}],"collection":[{"href":"https:\/\/www.europesays.com\/fr\/wp-json\/wp\/v2\/posts"}],"about":[{"href":"https:\/\/www.europesays.com\/fr\/wp-json\/wp\/v2\/types\/post"}],"author":[{"embeddable":true,"href":"https:\/\/www.europesays.com\/fr\/wp-json\/wp\/v2\/users\/2"}],"replies":[{"embeddable":true,"href":"https:\/\/www.europesays.com\/fr\/wp-json\/wp\/v2\/comments?post=586178"}],"version-history":[{"count":0,"href":"https:\/\/www.europesays.com\/fr\/wp-json\/wp\/v2\/posts\/586178\/revisions"}],"wp:featuredmedia":[{"embeddable":true,"href":"https:\/\/www.europesays.com\/fr\/wp-json\/wp\/v2\/media\/586179"}],"wp:attachment":[{"href":"https:\/\/www.europesays.com\/fr\/wp-json\/wp\/v2\/media?parent=586178"}],"wp:term":[{"taxonomy":"category","embeddable":true,"href":"https:\/\/www.europesays.com\/fr\/wp-json\/wp\/v2\/categories?post=586178"},{"taxonomy":"post_tag","embeddable":true,"href":"https:\/\/www.europesays.com\/fr\/wp-json\/wp\/v2\/tags?post=586178"}],"curies":[{"name":"wp","href":"https:\/\/api.w.org\/{rel}","templated":true}]}}