{"id":586180,"date":"2025-12-08T11:07:14","date_gmt":"2025-12-08T11:07:14","guid":{"rendered":"https:\/\/www.europesays.com\/fr\/586180\/"},"modified":"2025-12-08T11:07:14","modified_gmt":"2025-12-08T11:07:14","slug":"13c-a-belfort-15c-a-lille-17c-a-biarritz-comment-expliquer-le-redoux-des-temperatures-cette-semaine","status":"publish","type":"post","link":"https:\/\/www.europesays.com\/fr\/586180\/","title":{"rendered":"13\u00b0C \u00e0 Belfort, 15\u00b0C \u00e0 Lille, 17\u00b0C \u00e0 Biarritz\u00a0: comment expliquer le redoux des temp\u00e9ratures cette semaine\u00a0?"},"content":{"rendered":"<p>Une grande douceur touche la France cette semaine avec parfois plus de 15 degr\u00e9s au nord du pays et jusqu&rsquo;\u00e0 20 degr\u00e9s au pied des Pyr\u00e9n\u00e9es. Malgr\u00e9 quelques averses, l&rsquo;ambiance restera printani\u00e8re au moins jusqu&rsquo;\u00e0 la fin de la semaine. Mais comment expliquer ce redoux\u00a0? ICI fait le point. <\/p>\n<p>Rangez le bonnet et les gants cette semaine, <strong>les temp\u00e9ratures sont printani\u00e8res<\/strong>\u00a0! Le pays gagne une dizaine de degr\u00e9s avec des maximales dignes d&rsquo;un mois d&rsquo;avril ce lundi apr\u00e8s-midi\u00a0: 15 degr\u00e9s \u00e0 Bourges comme \u00e0 Lille, 17 degr\u00e9s \u00e0 Biarritz, 13 degr\u00e9s \u00e0 Belfort et \u00e0 Lyon, voire jusqu&rsquo;\u00e0 20 degr\u00e9s pr\u00e8s des Pyr\u00e9n\u00e9es,\u00a0<a target=\"_blank\" rel=\"nofollow noopener noreferrer\" class=\"IciLink ici-link IciArticleLink g-ici-body-regular-1 underline brand svelte-1chfe2s\" href=\"https:\/\/meteofrance.com\/actualites-et-dossiers\/actualites\/fin-de-semaine-perturbee-et-de-plus-en-plus-douce\">selon M\u00e9t\u00e9o France<\/a>.\u00a0<a class=\"IciLink ici-link IciArticleLink g-ici-body-regular-1 underline brand svelte-1chfe2s\" href=\"https:\/\/www.francebleu.fr\/infos\/meteo\/meteo-grande-douceur-pluies-et-belles-eclaircies-quel-temps-pour-cette-semaine-7088438\" target=\"_blank\" rel=\"noopener\">Cet \u00e9pisode doit durer au moins jusqu&rsquo;\u00e0 la fin de la semaine<\/a>.<\/p>\n<p>Mais comment l&rsquo;expliquer\u00a0? Alors que le d\u00e9but du mois de d\u00e9cembre \u00e9tait marqu\u00e9 par \u00ab\u00a0une descente d&rsquo;air polaire maritime\u00a0\u00bb qui apportait des temp\u00e9ratures tr\u00e8s froides selon franceinfo, cette fois, une d\u00e9pression sur l&rsquo;Atlantique \u00ab\u00a0fait remonter de l&rsquo;air chaud subtropical\u00a0\u00bb du Maroc\u00a0sur la France.<\/p>\n<p>Une nouvelle illustration du d\u00e9r\u00e8glement climatique<\/p>\n<p>Cet <strong>\u00e9v\u00e9nement est de moins en moins rare<\/strong>\u00a0selon Robert Vautard, climatologue et directeur de recherche au CNRS. Pour lui,\u00a0c&rsquo;est surtout une \u00e9ni\u00e8me illustration du d\u00e9r\u00e8glement climatique.\u00a0\u00bbDes temp\u00e9ratures de plus de 15 degr\u00e9s en r\u00e9gion parisienne, on a vu \u00e7a une vingtaine de fois depuis 80 ans, dont une dizaine de fois depuis 20 ans\u00a0\u00bb, a-t-il d\u00e9taill\u00e9 sur franceinfo. Le caract\u00e8re exceptionnel de ces temp\u00e9ratures se caract\u00e9rise surtout par des minimales tr\u00e8s \u00e9lev\u00e9es. \u00ab\u00a0On ne bat pas de records mais nous n&rsquo;en sommes pas loin du tout\u00a0\u00bb, a-t-il par ailleurs soulign\u00e9.<\/p>\n<p>Des cons\u00e9quences sur la v\u00e9g\u00e9tation\u00a0?<\/p>\n<p>La v\u00e9g\u00e9tation, habitu\u00e9e au froid depuis plusieurs semaines, peut-elle mal vivre ce redoux\u00a0? \u00ab\u00a0La v\u00e9g\u00e9tation a besoin de froid l&rsquo;hiver, c&rsquo;est le cycle naturel,\u00a0rappelle Robert Vautard. D\u00e8s qu&rsquo;on sort des limites normales, elle peut se demander ce qu&rsquo;il se passe. Elle peut s&rsquo;imaginer que le printemps va arriver\u00a0\u00bb. Le sp\u00e9cialiste \u00e9voque de possibles \u00ab\u00a0d\u00e9r\u00e8glements dans les \u00e9cosyst\u00e8mes\u00a0\u00bb. Une plante \u00ab\u00a0si elle pense que l\u2019hiver est termin\u00e9 et qu\u2019elle va commencer \u00e0 red\u00e9marrer, les bourgeons vont commencer \u00e0 arriver, la s\u00e8ve va commencer \u00e0 circuler de nouveau. (&#8230;) Le risque, c\u2019est d\u2019avoir de nouveau un \u00e9pisode de froid qui peut faire geler les jeunes pousses\u00a0\u00bb, expliquait en 2024 aupr\u00e8s de\u00a0<a target=\"_blank\" rel=\"external noopener\" class=\"IciLink ici-link IciArticleLink g-ici-body-regular-1 underline brand svelte-1chfe2s\" href=\"https:\/\/www.franceinfo.fr\/environnement\/meteo\/meteo-comment-le-redoux-affecte-t-il-les-plantes_6319755.html\">franceinfo<\/a>, Pascal Flament, un horticulteur.<\/p>\n<p>Robert Vautard appelle aussi \u00e0 surveiller la situation en moyenne montagne \u00ab\u00a0dans les vall\u00e9es alpines et pyr\u00e9n\u00e9ennes\u00a0\u00bb, notamment si de fortes pluies s&rsquo;ajoutent \u00e0 une fonte des neiges. \u00ab\u00a0Cela augmente le risque de crues\u00a0\u00bb, a-t-il affirm\u00e9.<\/p>\n<p>\u00c0 lire aussi   <img decoding=\"async\" src=\"https:\/\/www.europesays.com\/fr\/wp-content\/uploads\/2025\/12\/1765192033_746_400x400\" alt=\"\" style=\"--_image-preview:url('data:image\/jpeg;base64,\/9j\/2wBDACgcHiMeGSgjISMtKygwPGRBPDc3PHtYXUlkkYCZlo+AjIqgtObDoKrarYqMyP\/L2u71\/\/\/\/m8H\/\/\/\/6\/+b9\/\/j\/2wBDASstLTw1PHZBQXb4pYyl+Pj4+Pj4+Pj4+Pj4+Pj4+Pj4+Pj4+Pj4+Pj4+Pj4+Pj4+Pj4+Pj4+Pj4+Pj4+Pj4+Pj\/wAARCAAXACoDASIAAhEBAxEB\/8QAFwABAQEBAAAAAAAAAAAAAAAAAAIBA\/\/EABcQAQEBAQAAAAAAAAAAAAAAAAABEhH\/xAAXAQEBAQEAAAAAAAAAAAAAAAABAAID\/8QAFREBAQAAAAAAAAAAAAAAAAAAABH\/2gAMAwEAAhEDEQA\/AAVjk2M41UhoRlmHaRuRU51IAkXAAXFgE\/\/Z');\" loading=\"lazy\" fetchpriority=\"low\" aria-hidden=\"true\" class=\"svelte-1cksh76 rounded\" onload=\"this.__e=event\" onerror=\"this.__e=event\"\/>\u00c0 lire aussi   <img decoding=\"async\" src=\"https:\/\/www.europesays.com\/fr\/wp-content\/uploads\/2025\/12\/1765192034_333_400x400\" alt=\"\" style=\"--_image-preview:url('data:image\/jpeg;base64,\/9j\/2wBDACgcHiMeGSgjISMtKygwPGRBPDc3PHtYXUlkkYCZlo+AjIqgtObDoKrarYqMyP\/L2u71\/\/\/\/m8H\/\/\/\/6\/+b9\/\/j\/2wBDASstLTw1PHZBQXb4pYyl+Pj4+Pj4+Pj4+Pj4+Pj4+Pj4+Pj4+Pj4+Pj4+Pj4+Pj4+Pj4+Pj4+Pj4+Pj4+Pj4+Pj\/wAARCAAXACoDASIAAhEBAxEB\/8QAFwABAQEBAAAAAAAAAAAAAAAAAAEDAv\/EABYQAQEBAAAAAAAAAAAAAAAAAAASEf\/EABYBAQEBAAAAAAAAAAAAAAAAAAABAv\/EABURAQEAAAAAAAAAAAAAAAAAAAAR\/9oADAMBAAIRAxEAPwDqlphRTNWN6WmFLRSNqSmVFJSMNXQRpdXQQNXQB\/\/Z');\" loading=\"lazy\" fetchpriority=\"low\" aria-hidden=\"true\" class=\"svelte-1cksh76 rounded\" onload=\"this.__e=event\" onerror=\"this.__e=event\"\/><\/p>\n","protected":false},"excerpt":{"rendered":"Une grande douceur touche la France cette semaine avec parfois plus de 15 degr\u00e9s au nord du pays&hellip;\n","protected":false},"author":2,"featured_media":586181,"comment_status":"","ping_status":"","sticky":false,"template":"","format":"standard","meta":{"footnotes":""},"categories":[2815],"tags":[1111,11,1777,674,1011,27,811,1307,12,25],"class_list":{"0":"post-586180","1":"post","2":"type-post","3":"status-publish","4":"format-standard","5":"has-post-thumbnail","7":"category-lille","8":"tag-actu","9":"tag-actualites","10":"tag-eu","11":"tag-europe","12":"tag-fr","13":"tag-france","14":"tag-hauts-de-france","15":"tag-lille","16":"tag-news","17":"tag-republique-francaise"},"share_on_mastodon":{"url":"https:\/\/pubeurope.com\/@fr\/115683633308782059","error":""},"_links":{"self":[{"href":"https:\/\/www.europesays.com\/fr\/wp-json\/wp\/v2\/posts\/586180","targetHints":{"allow":["GET"]}}],"collection":[{"href":"https:\/\/www.europesays.com\/fr\/wp-json\/wp\/v2\/posts"}],"about":[{"href":"https:\/\/www.europesays.com\/fr\/wp-json\/wp\/v2\/types\/post"}],"author":[{"embeddable":true,"href":"https:\/\/www.europesays.com\/fr\/wp-json\/wp\/v2\/users\/2"}],"replies":[{"embeddable":true,"href":"https:\/\/www.europesays.com\/fr\/wp-json\/wp\/v2\/comments?post=586180"}],"version-history":[{"count":0,"href":"https:\/\/www.europesays.com\/fr\/wp-json\/wp\/v2\/posts\/586180\/revisions"}],"wp:featuredmedia":[{"embeddable":true,"href":"https:\/\/www.europesays.com\/fr\/wp-json\/wp\/v2\/media\/586181"}],"wp:attachment":[{"href":"https:\/\/www.europesays.com\/fr\/wp-json\/wp\/v2\/media?parent=586180"}],"wp:term":[{"taxonomy":"category","embeddable":true,"href":"https:\/\/www.europesays.com\/fr\/wp-json\/wp\/v2\/categories?post=586180"},{"taxonomy":"post_tag","embeddable":true,"href":"https:\/\/www.europesays.com\/fr\/wp-json\/wp\/v2\/tags?post=586180"}],"curies":[{"name":"wp","href":"https:\/\/api.w.org\/{rel}","templated":true}]}}