{"id":586192,"date":"2025-12-08T11:14:15","date_gmt":"2025-12-08T11:14:15","guid":{"rendered":"https:\/\/www.europesays.com\/fr\/586192\/"},"modified":"2025-12-08T11:14:15","modified_gmt":"2025-12-08T11:14:15","slug":"derniere-date-de-tournee-a-paris-pour-princesses-leya-actu-metal-webzine","status":"publish","type":"post","link":"https:\/\/www.europesays.com\/fr\/586192\/","title":{"rendered":"Derni\u00e8re date de tourn\u00e9e \u00e0 Paris pour Princesses Leya &#8211; ACTU METAL &#8211; Webzine"},"content":{"rendered":"<p><strong>Princesses Leya<\/strong>, groupe fran\u00e7ais men\u00e9 par les humoristes <strong>Schoumsky<\/strong> et <strong>Dedo<\/strong>, vient d&rsquo;\u00e9cumer les salles fran\u00e7aises et s&rsquo;offre une date parisienne pour cl\u00f4turer sa tourn\u00e9e en beaut\u00e9. Entre gros son, th\u00e9\u00e2tre et com\u00e9die, <strong>Princesses Leya<\/strong> fait l&rsquo;unanimit\u00e9 sur sc\u00e8ne avec, selon leurs mots, \u00ab\u00a0<a href=\"https:\/\/www.facebook.com\/zeprincessesleya\/videos\/665584733154846\/\" target=\"_blank\" rel=\"noopener\">le concert le plus idiot de la galaxie<\/a>\u00ab\u00a0.<\/p>\n<p>Le quatuor jouera le 12 d\u00e9cembre au <strong>Supersonic Records<\/strong> \u00e0 Paris, avec <strong>Francis Mac Douglas<\/strong> en premi\u00e8re partie, avant de se consacrer \u00e0 la pr\u00e9paration de son troisi\u00e8me album, pr\u00e9vu via <strong>Label Athome<\/strong>.<\/p>\n","protected":false},"excerpt":{"rendered":"Princesses Leya, groupe fran\u00e7ais men\u00e9 par les humoristes Schoumsky et Dedo, vient d&rsquo;\u00e9cumer les salles fran\u00e7aises et s&rsquo;offre&hellip;\n","protected":false},"author":2,"featured_media":586193,"comment_status":"","ping_status":"","sticky":false,"template":"","format":"standard","meta":{"footnotes":""},"categories":[1888],"tags":[17,1111,1928,11,1927,1697,1777,674,1011,27,12,1926,626,1925,69963,25,69964,4441],"class_list":{"0":"post-586192","1":"post","2":"type-post","3":"status-publish","4":"format-standard","5":"has-post-thumbnail","7":"category-paris","8":"tag-17","9":"tag-actu","10":"tag-actu-paris","11":"tag-actualites","12":"tag-actualites-paris","13":"tag-concert","14":"tag-eu","15":"tag-europe","16":"tag-fr","17":"tag-france","18":"tag-news","19":"tag-news-paris","20":"tag-paris","21":"tag-paris-news","22":"tag-princesses-leya","23":"tag-republique-francaise","24":"tag-supersonic-records","25":"tag-tournee"},"share_on_mastodon":{"url":"https:\/\/pubeurope.com\/@fr\/115683660009299587","error":""},"_links":{"self":[{"href":"https:\/\/www.europesays.com\/fr\/wp-json\/wp\/v2\/posts\/586192","targetHints":{"allow":["GET"]}}],"collection":[{"href":"https:\/\/www.europesays.com\/fr\/wp-json\/wp\/v2\/posts"}],"about":[{"href":"https:\/\/www.europesays.com\/fr\/wp-json\/wp\/v2\/types\/post"}],"author":[{"embeddable":true,"href":"https:\/\/www.europesays.com\/fr\/wp-json\/wp\/v2\/users\/2"}],"replies":[{"embeddable":true,"href":"https:\/\/www.europesays.com\/fr\/wp-json\/wp\/v2\/comments?post=586192"}],"version-history":[{"count":0,"href":"https:\/\/www.europesays.com\/fr\/wp-json\/wp\/v2\/posts\/586192\/revisions"}],"wp:featuredmedia":[{"embeddable":true,"href":"https:\/\/www.europesays.com\/fr\/wp-json\/wp\/v2\/media\/586193"}],"wp:attachment":[{"href":"https:\/\/www.europesays.com\/fr\/wp-json\/wp\/v2\/media?parent=586192"}],"wp:term":[{"taxonomy":"category","embeddable":true,"href":"https:\/\/www.europesays.com\/fr\/wp-json\/wp\/v2\/categories?post=586192"},{"taxonomy":"post_tag","embeddable":true,"href":"https:\/\/www.europesays.com\/fr\/wp-json\/wp\/v2\/tags?post=586192"}],"curies":[{"name":"wp","href":"https:\/\/api.w.org\/{rel}","templated":true}]}}