{"id":586206,"date":"2025-12-08T11:22:19","date_gmt":"2025-12-08T11:22:19","guid":{"rendered":"https:\/\/www.europesays.com\/fr\/586206\/"},"modified":"2025-12-08T11:22:19","modified_gmt":"2025-12-08T11:22:19","slug":"50-000-jeunes-manifestent-contre-le-service-militaire-volontaire-et-le-rearmement","status":"publish","type":"post","link":"https:\/\/www.europesays.com\/fr\/586206\/","title":{"rendered":"50.000 jeunes manifestent contre le service militaire volontaire et le r\u00e9armement"},"content":{"rendered":"<p><video controls=\"\" src=\"https:\/\/contre-attaque.net\/wp-content\/uploads\/2025\/12\/signal-2025-12-08-101417.mp4\"\/><\/p>\n<p>\u00abPas de conscription\u00a0!\u00bb, \u00abVous n\u2019aurez pas nos vies\u00bb, \u00abArm\u00e9e, hors de nos \u00e9coles\u00bb, \u00abNous sommes jeunes, nous sommes bruyants, parce que vous nous volez nos vies\u00bb ou encore \u00abGuerre \u00e0 la guerre\u00bb. Vendredi 5 d\u00e9cembre, l\u2019Allemagne \u00e9tait recouverte de slogans et de banderoles contre la guerre et le militarisme. Une superbe mobilisation, in\u00e9dite depuis des d\u00e9cennies, initi\u00e9e par la jeunesse. Une journ\u00e9e de lutte qui redonne de l\u2019espoir, et qui devrait nous inspirer en France.<\/p>\n<p>Sur le mod\u00e8le des gr\u00e8ves pour le climat, 50.000 jeunes au moins se sont mis en gr\u00e8ve vendredi, contre le projet de service militaire \u00abvolontaire\u00bb. Le gouvernement d\u00e9battait ce jour l\u00e0 d\u2019une loi imposant des examens m\u00e9dicaux et des questionnaires obligatoires aux hommes de 18 ans, en vue d\u2019un possible enr\u00f4lement. L\u2019objectif est de recruter au moins 20.000 jeunes par an dans l\u2019arm\u00e9e, pour atteindre une force de 270.000 hommes pr\u00eats \u00e0 la guerre d\u2019ici 2035. Si ce service est pr\u00e9sent\u00e9 comme \u00e9tant consenti et pay\u00e9, les autorit\u00e9s annoncent d\u00e9j\u00e0 qu\u2019il pourrait devenir obligatoire s\u2019il n\u2019y a pas assez de recrues. Une conscription g\u00e9n\u00e9rale forc\u00e9e est m\u00eame envisag\u00e9e. Ce service devrait entrer en vigueur d\u00e8s le 1er janvier 2026.<\/p>\n<p>Cette \u00abgr\u00e8ve scolaire contre le service militaire\u00bb a eu lieu dans plus de 90 villes, dont Hambourg, Bochum, Bielefeld, M\u00fcnster, Cologne, D\u00fcsseldorf et Stuttgart. \u00c0 Berlin, des milliers de manifestant\u00b7es ont pris les rues, et certain\u00b7es ont m\u00eame protest\u00e9 devant le Parlement.<\/p>\n<p>En Allemagne, le r\u00e9armement se fait \u00e0 marche forc\u00e9e. Les budgets militaires ont explos\u00e9 en quelques ann\u00e9es seulement, les usines d\u2019armes tournent \u00e0 plein r\u00e9gime et le gouvernement ambitionne d\u2019avoir l\u2019arm\u00e9e la plus puissante d\u2019Europe, tout en multipliant les d\u00e9clarations bellicistes. Nos dirigeants nous emm\u00e8nent vers la guerre et acc\u00e9l\u00e8rent leur agenda, \u00e0 nous d\u2019en faire de m\u00eame.<\/p>\n","protected":false},"excerpt":{"rendered":"\u00abPas de conscription\u00a0!\u00bb, \u00abVous n\u2019aurez pas nos vies\u00bb, \u00abArm\u00e9e, hors de nos \u00e9coles\u00bb, \u00abNous sommes jeunes, nous sommes&hellip;\n","protected":false},"author":2,"featured_media":586207,"comment_status":"","ping_status":"","sticky":false,"template":"","format":"standard","meta":{"footnotes":""},"categories":[1587],"tags":[11,672,1804,1805,1803,1777,674,1801,4075,12,1802,29810,133],"class_list":{"0":"post-586206","1":"post","2":"type-post","3":"status-publish","4":"format-standard","5":"has-post-thumbnail","7":"category-allemagne","8":"tag-actualites","9":"tag-allemagne","10":"tag-bundesrepublik-deutschland","11":"tag-de","12":"tag-deutschland","13":"tag-eu","14":"tag-europe","15":"tag-germany","16":"tag-jeunesse","17":"tag-news","18":"tag-republique-federale-dallemagne","19":"tag-service-militaire","20":"tag-video"},"share_on_mastodon":{"url":"https:\/\/pubeurope.com\/@fr\/115683691445054815","error":""},"_links":{"self":[{"href":"https:\/\/www.europesays.com\/fr\/wp-json\/wp\/v2\/posts\/586206","targetHints":{"allow":["GET"]}}],"collection":[{"href":"https:\/\/www.europesays.com\/fr\/wp-json\/wp\/v2\/posts"}],"about":[{"href":"https:\/\/www.europesays.com\/fr\/wp-json\/wp\/v2\/types\/post"}],"author":[{"embeddable":true,"href":"https:\/\/www.europesays.com\/fr\/wp-json\/wp\/v2\/users\/2"}],"replies":[{"embeddable":true,"href":"https:\/\/www.europesays.com\/fr\/wp-json\/wp\/v2\/comments?post=586206"}],"version-history":[{"count":0,"href":"https:\/\/www.europesays.com\/fr\/wp-json\/wp\/v2\/posts\/586206\/revisions"}],"wp:featuredmedia":[{"embeddable":true,"href":"https:\/\/www.europesays.com\/fr\/wp-json\/wp\/v2\/media\/586207"}],"wp:attachment":[{"href":"https:\/\/www.europesays.com\/fr\/wp-json\/wp\/v2\/media?parent=586206"}],"wp:term":[{"taxonomy":"category","embeddable":true,"href":"https:\/\/www.europesays.com\/fr\/wp-json\/wp\/v2\/categories?post=586206"},{"taxonomy":"post_tag","embeddable":true,"href":"https:\/\/www.europesays.com\/fr\/wp-json\/wp\/v2\/tags?post=586206"}],"curies":[{"name":"wp","href":"https:\/\/api.w.org\/{rel}","templated":true}]}}