{"id":586210,"date":"2025-12-08T11:24:21","date_gmt":"2025-12-08T11:24:21","guid":{"rendered":"https:\/\/www.europesays.com\/fr\/586210\/"},"modified":"2025-12-08T11:24:21","modified_gmt":"2025-12-08T11:24:21","slug":"elle-a-eu-une-relation-avec-une-star-du-foot-portugais-neymar-implique-qui-est-la-compagne-de-lando-norris","status":"publish","type":"post","link":"https:\/\/www.europesays.com\/fr\/586210\/","title":{"rendered":"Elle a eu une relation avec une star du foot portugais, Neymar impliqu\u00e9&#8230; Qui est la compagne de Lando Norris\u00a0?"},"content":{"rendered":"<p class=\"app_entry_lead\">\n<p>                    <a title=\"\u00a0\u00a9\u00a0Every Second Media\/\/SIPA (publi\u00e9e le 08\/12\/2025)\" href=\"https:\/\/www.europesays.com\/fr\/wp-content\/uploads\/2025\/12\/83577287.jpg\" class=\"fancy\"><\/p>\n<p>                            <img loading=\"lazy\" decoding=\"async\" src=\"https:\/\/www.europesays.com\/fr\/wp-content\/uploads\/2025\/12\/83577287.jpg\" alt=\"Elle a eu une relation avec une star du foot portugais, Neymar impliqu\u00e9... Qui est la compagne de Lando Norris\u00a0?\" width=\"1500\" height=\"950\"\/><\/p>\n<p>                    <\/a><\/p>\n<p>                Le pilote britannique a \u00e9t\u00e9 sacr\u00e9 champion du monde de Formule 1\u00a0et sa compagne fait parler d&rsquo;elle.<\/p>\n<p>Arriv\u00e9 3e au dernier GP de la saison \u00e0 Abu Dhabi, Lando Norris a remport\u00e9 son premier titre de champion du monde de Formule 1. Une cons\u00e9cration m\u00e9rit\u00e9e au fil de la saison malgr\u00e9 un retour tonitruant de Max Verstappen, quadruple champion du monde. Mais depuis son titre, la compagne de Lando Norris fait parler d&rsquo;elle en raison d&rsquo;une ancienne relation&#8230;<\/p>\n<p>Margarida \u00ab\u00a0Magui\u00a0\u00bb Corceiro partage la vie du pilote britannique depuis 2023 avant de se s\u00e9parer en raison du souhait de Norris de se consacrer \u00e0 sa carri\u00e8re de pilote. La mannequin et influenceuse a \u00e9galement eu une relation par le pass\u00e9 avec la star du foot portugais, Joao Felix.\u00a0Quelques mois avant leur rupture, l&rsquo;influenceuse s&rsquo;\u00e9tait retrouv\u00e9e au c\u0153ur de rumeurs d&rsquo;infid\u00e9lit\u00e9 avec\u00a0Neymar, au\u00a0PSG \u00e0 l&rsquo;\u00e9poque. Selon le site portugais\u00a0Flash, la star auriverde aurait aim\u00e9 plusieurs photos du mannequin sur les r\u00e9seaux sociaux, au moment o\u00f9 cette derni\u00e8re s&rsquo;\u00e9tait rendue \u00e0 Paris.\u00a0<\/p>\n<p>Cette derni\u00e8re avait du prendre la parole pour mettre un terme aux rumeurs. \u00ab\u00a0Vous savez d\u00e9j\u00e0 que je ne lis pratiquement plus rien de ce qui se dit sur moi dans la presse. D&rsquo;abord, parce que 90\u00a0% du temps, ce qui est publi\u00e9 est un mensonge (\u00e0 tel point qu&rsquo;ils sont capables de sortir deux couvertures compl\u00e8tement contradictoires en deux jours), ensuite, parce que si c&rsquo;est un mensonge, \u00e7a n&rsquo;apporte rien de nouveau, ni \u00e0 moi ni \u00e0 vous.\u00a0Allons-nous normaliser le regard critique port\u00e9 sur une femme qui a des amis, qui est heureuse et qui vit sa vie\u00a0? Cela me semble injuste et d\u00e9raisonnable. Je ne suis pas la seule \u00e0 vivre cela, et je ne serai pas la derni\u00e8re. J&rsquo;esp\u00e8re simplement que mon t\u00e9moignage vous aidera \u00e0 r\u00e9fl\u00e9chir \u00e0 ce sujet et \u00e0 comprendre qu&rsquo;il n&rsquo;est pas normal de se priver d&rsquo;amis ou de fa\u00e7onner sa vie simplement parce que la soci\u00e9t\u00e9 l&rsquo;entend ainsi\u00a0\u00ab\u00a0.<\/p>\n","protected":false},"excerpt":{"rendered":"Le pilote britannique a \u00e9t\u00e9 sacr\u00e9 champion du monde de Formule 1\u00a0et sa compagne fait parler d&rsquo;elle. Arriv\u00e9&hellip;\n","protected":false},"author":2,"featured_media":586211,"comment_status":"","ping_status":"","sticky":false,"template":"","format":"standard","meta":{"footnotes":""},"categories":[1586],"tags":[11,69965,51761,1777,674,1779,51763,1011,27,1031,12,51767,25,1778,364],"class_list":{"0":"post-586210","1":"post","2":"type-post","3":"status-publish","4":"format-standard","5":"has-post-thumbnail","7":"category-europe","8":"tag-actualites","9":"tag-cms-linternaute-9398023","10":"tag-controller-content","11":"tag-eu","12":"tag-europe","13":"tag-european-union","14":"tag-format-papier","15":"tag-fr","16":"tag-france","17":"tag-magazine","18":"tag-news","19":"tag-parallaxeinfeed","20":"tag-republique-francaise","21":"tag-ue","22":"tag-union-europeenne"},"share_on_mastodon":{"url":"https:\/\/pubeurope.com\/@fr\/115683700122949450","error":""},"_links":{"self":[{"href":"https:\/\/www.europesays.com\/fr\/wp-json\/wp\/v2\/posts\/586210","targetHints":{"allow":["GET"]}}],"collection":[{"href":"https:\/\/www.europesays.com\/fr\/wp-json\/wp\/v2\/posts"}],"about":[{"href":"https:\/\/www.europesays.com\/fr\/wp-json\/wp\/v2\/types\/post"}],"author":[{"embeddable":true,"href":"https:\/\/www.europesays.com\/fr\/wp-json\/wp\/v2\/users\/2"}],"replies":[{"embeddable":true,"href":"https:\/\/www.europesays.com\/fr\/wp-json\/wp\/v2\/comments?post=586210"}],"version-history":[{"count":0,"href":"https:\/\/www.europesays.com\/fr\/wp-json\/wp\/v2\/posts\/586210\/revisions"}],"wp:featuredmedia":[{"embeddable":true,"href":"https:\/\/www.europesays.com\/fr\/wp-json\/wp\/v2\/media\/586211"}],"wp:attachment":[{"href":"https:\/\/www.europesays.com\/fr\/wp-json\/wp\/v2\/media?parent=586210"}],"wp:term":[{"taxonomy":"category","embeddable":true,"href":"https:\/\/www.europesays.com\/fr\/wp-json\/wp\/v2\/categories?post=586210"},{"taxonomy":"post_tag","embeddable":true,"href":"https:\/\/www.europesays.com\/fr\/wp-json\/wp\/v2\/tags?post=586210"}],"curies":[{"name":"wp","href":"https:\/\/api.w.org\/{rel}","templated":true}]}}