{"id":586216,"date":"2025-12-08T11:27:19","date_gmt":"2025-12-08T11:27:19","guid":{"rendered":"https:\/\/www.europesays.com\/fr\/586216\/"},"modified":"2025-12-08T11:27:19","modified_gmt":"2025-12-08T11:27:19","slug":"quand-la-vierge-marie-sauva-la-france-de-la-cgt","status":"publish","type":"post","link":"https:\/\/www.europesays.com\/fr\/586216\/","title":{"rendered":"quand la Vierge Marie sauva la France de la CGT"},"content":{"rendered":"<p>Le 8\u00a0d\u00e9cembre 1947, jour de l&rsquo;Immacul\u00e9e Conception, la Vierge Marie appara\u00eet \u00e0 quatre fillettes dans une \u00e9glise de Touraine. La Dame leur demande de prier pour la France. Les enfants s&rsquo;ex\u00e9cutent et, le lendemain, les gr\u00e8ves violentes organis\u00e9es par la CGT et le Parti communiste fran\u00e7ais\u00a0prennent fin. Miracle ou co\u00efncidence\u00a0? Au sortir de la guerre, le pays encore meurtri relance son \u00e9conomie avec l&rsquo;aide des Am\u00e9ricains. Cependant, les leaders communistes Jacques Duclos et Maurice Thorez re\u00e7oivent des ordres pr\u00e9cis, l&rsquo;un du Kominform (centralise les relations entre les Partis communistes europ\u00e9ens), l&rsquo;autre de Staline. Le PCF doit demeurer un parti d&rsquo;opposition et mettre en \u0153uvre les actions n\u00e9cessaires pour faire \u00e9chouer le plan Marshall en s&rsquo;appuyant sur les revendications des masses po&#8230;<\/p>\n<p>Toute l\u2019actualit\u00e9 \u00e0 1\u20ac le premier mois<\/p>\n<p><a href=\"https:\/\/abo.lepoint.fr\/?provenance=21EDI020098\" class=\"btn\" title=\"S&#039;abonner\" data-gtm=\"click:abo|display:abo\" data-campaign=\"paywall_maison\" target=\"_blank\" rel=\"noopener\">S&rsquo;abonner<\/a><\/p>\n<p>ou<\/p>\n<p>La newsletter culture<\/p>\n<p class=\"period\">Tous les mercredis \u00e0 16h<\/p>\n<p>Recevez l\u2019actualit\u00e9 culturelle de la semaine \u00e0 ne pas manquer ainsi que les Enqu\u00eates, d\u00e9cryptages, portraits, tendances\u2026<\/p>\n<p>Merci !<br \/>Votre inscription a bien \u00e9t\u00e9 prise en compte avec l&rsquo;adresse email :<\/p>\n<p>Pour d\u00e9couvrir toutes nos autres newsletters, rendez-vous ici : <a href=\"https:\/\/moncompte.lepoint.fr\/\" title=\"\" target=\"_blank\" rel=\"noopener\">MonCompte<\/a><\/p>\n<p>En vous inscrivant, vous acceptez les <a href=\"https:\/\/www.lepoint.fr\/html\/cgu\/\" title=\"Conditions g\u00e9n\u00e9rales d&#039;utilisation\" target=\"_blank\" rel=\"noopener\">conditions g\u00e9n\u00e9rales d\u2019utilisations<\/a> et notre <a href=\"https:\/\/www.lepoint.fr\/html\/politique-de-protection-donnees-personnelles\/\" title=\"Politique de confidentialit\u00e9\" target=\"_blank\" rel=\"noopener\">politique de confidentialit\u00e9<\/a>.<\/p>\n","protected":false},"excerpt":{"rendered":"Le 8\u00a0d\u00e9cembre 1947, jour de l&rsquo;Immacul\u00e9e Conception, la Vierge Marie appara\u00eet \u00e0 quatre fillettes dans une \u00e9glise de&hellip;\n","protected":false},"author":2,"featured_media":586217,"comment_status":"","ping_status":"","sticky":false,"template":"","format":"standard","meta":{"footnotes":""},"categories":[4],"tags":[11,1271,1011,27,6151,69966,12,8387,25],"class_list":{"0":"post-586216","1":"post","2":"type-post","3":"status-publish","4":"format-standard","5":"has-post-thumbnail","7":"category-france","8":"tag-actualites","9":"tag-cgt","10":"tag-fr","11":"tag-france","12":"tag-greve","13":"tag-maurice-thorez","14":"tag-news","15":"tag-parti-communiste","16":"tag-republique-francaise"},"share_on_mastodon":{"url":"https:\/\/pubeurope.com\/@fr\/115683711028148396","error":""},"_links":{"self":[{"href":"https:\/\/www.europesays.com\/fr\/wp-json\/wp\/v2\/posts\/586216","targetHints":{"allow":["GET"]}}],"collection":[{"href":"https:\/\/www.europesays.com\/fr\/wp-json\/wp\/v2\/posts"}],"about":[{"href":"https:\/\/www.europesays.com\/fr\/wp-json\/wp\/v2\/types\/post"}],"author":[{"embeddable":true,"href":"https:\/\/www.europesays.com\/fr\/wp-json\/wp\/v2\/users\/2"}],"replies":[{"embeddable":true,"href":"https:\/\/www.europesays.com\/fr\/wp-json\/wp\/v2\/comments?post=586216"}],"version-history":[{"count":0,"href":"https:\/\/www.europesays.com\/fr\/wp-json\/wp\/v2\/posts\/586216\/revisions"}],"wp:featuredmedia":[{"embeddable":true,"href":"https:\/\/www.europesays.com\/fr\/wp-json\/wp\/v2\/media\/586217"}],"wp:attachment":[{"href":"https:\/\/www.europesays.com\/fr\/wp-json\/wp\/v2\/media?parent=586216"}],"wp:term":[{"taxonomy":"category","embeddable":true,"href":"https:\/\/www.europesays.com\/fr\/wp-json\/wp\/v2\/categories?post=586216"},{"taxonomy":"post_tag","embeddable":true,"href":"https:\/\/www.europesays.com\/fr\/wp-json\/wp\/v2\/tags?post=586216"}],"curies":[{"name":"wp","href":"https:\/\/api.w.org\/{rel}","templated":true}]}}