{"id":586224,"date":"2025-12-08T11:36:19","date_gmt":"2025-12-08T11:36:19","guid":{"rendered":"https:\/\/www.europesays.com\/fr\/586224\/"},"modified":"2025-12-08T11:36:19","modified_gmt":"2025-12-08T11:36:19","slug":"le-clan-mbappe-veut-fapper-tres-fort","status":"publish","type":"post","link":"https:\/\/www.europesays.com\/fr\/586224\/","title":{"rendered":"Le clan Mbapp\u00e9 veut fapper tr\u00e8s fort"},"content":{"rendered":"<p><b>Le SM Caen vit une saison bien gal\u00e8re en National. Le clan Mbapp\u00e9 est plus que jamais mis sous pression par les fans et supporters du club normand. <\/b><\/p>\n<p>Apr\u00e8s 15 journ\u00e9es disput\u00e9es en National, le SM Caen pointe \u00e0 la 9e place du classement. Si la mont\u00e9e \u00e9tait esp\u00e9r\u00e9e en fin de saison, elle va \u00eatre tr\u00e8s difficile \u00e0 atteindre. La pression se fait de plus en plus grande sur le clan <a href=\"https:\/\/www.foot01.com\/equipe-de-france\/edf-la-norvege-ne-pense-qua-humilier-mbappe\" target=\"_self\" rel=\"noopener\">Mbapp\u00e9<\/a>, qui ne r\u00e9ussit pas grand-chose depuis son rachat du club normand. Beaucoup au club esp\u00e8rent que le prochain <a href=\"https:\/\/www.foot01.com\/mercato\" title=\"Mercato\" target=\"_blank\" rel=\"noopener\">mercato<\/a> hivernal sera actif au SM Caen, avec l&rsquo;arriv\u00e9e de joueurs qui permettront de passer un cap. Avant de reprendre le championnat de National, Caen aura six semaines de coupure. Une coupure qui doit permettre aux Normands de changer les choses.Mbapp\u00e9 doit agir, et vite\u00a0<\/p>\n<p>Selon les derni\u00e8res informations de Ouest France, Reda Hammache, directeur du recrutement, sera particuli\u00e8rement attendu au tournant. Du renfort est attendu, avec notamment les arriv\u00e9es d&rsquo;un ailier et d&rsquo;un attaquant de pointe. L&rsquo;entra\u00eeneur Maxime d\u2019Ornano veut en tout cas des joueurs qui n&rsquo;auront pas besoin de p\u00e9riode d&rsquo;adaptation et qui pourront donc apporter tout de suite. Egalement, l&rsquo;enjeu sera de refaire du SM Caen un club qui attire, alors que le stade finit forc\u00e9ment par se d\u00e9peupler. La peur est de voir tout un club couler petit \u00e0 petit. Aux Mbapp\u00e9 de changer les choses et donner un coup de fouet \u00e0 leur projet. C&rsquo;est l&rsquo;image de Caen mais aussi de Kylian Mbapp\u00e9 qui pourraient prendre cher en cas de nouvel \u00e9chec en fin de saison.\u00a0<\/p>\n<p><img decoding=\"async\" src=\"https:\/\/www.europesays.com\/fr\/wp-content\/uploads\/2025\/11\/96611.png\" alt=\"K. Mbapp\u00e9\" class=\"w-16 h-16 object-cover rounded-full\"\/><\/p>\n<p>K. Mbapp\u00e9<\/p>\n<p><img decoding=\"async\" src=\"https:\/\/www.europesays.com\/fr\/wp-content\/uploads\/2025\/09\/fr.png\" alt=\"France\" class=\"w-6 h-4 object-cover\"\/>France \u2022 \u00c2ge 26 \u2022 Attaquant<\/p>\n<p>Kylian Mbapp\u00e9 aura une ann\u00e9e charg\u00e9e entre la situation \u00e0 Caen, sa saison avec le Real Madrid et la prochaine Coupe du monde 2026 avec l&rsquo;\u00e9quipe de France. A 26 ans, l&rsquo;ancien du PSG est \u00e0 un tournant de sa carri\u00e8re. S&rsquo;il a connu de grosses difficult\u00e9s il y a quelques mois, tout va mieux, lui qui empile les buts sous les couleurs du Real Madrid.<\/p>\n","protected":false},"excerpt":{"rendered":"Le SM Caen vit une saison bien gal\u00e8re en National. Le clan Mbapp\u00e9 est plus que jamais mis&hellip;\n","protected":false},"author":2,"featured_media":586225,"comment_status":"","ping_status":"","sticky":false,"template":"","format":"standard","meta":{"footnotes":""},"categories":[1410],"tags":[63,1011,27,6477,1434,69967,60],"class_list":{"0":"post-586224","1":"post","2":"type-post","3":"status-publish","4":"format-standard","5":"has-post-thumbnail","7":"category-football","8":"tag-football","9":"tag-fr","10":"tag-france","11":"tag-kylian-mbappe","12":"tag-mercato","13":"tag-smc","14":"tag-sports"},"share_on_mastodon":{"url":"https:\/\/pubeurope.com\/@fr\/115683747403451830","error":""},"_links":{"self":[{"href":"https:\/\/www.europesays.com\/fr\/wp-json\/wp\/v2\/posts\/586224","targetHints":{"allow":["GET"]}}],"collection":[{"href":"https:\/\/www.europesays.com\/fr\/wp-json\/wp\/v2\/posts"}],"about":[{"href":"https:\/\/www.europesays.com\/fr\/wp-json\/wp\/v2\/types\/post"}],"author":[{"embeddable":true,"href":"https:\/\/www.europesays.com\/fr\/wp-json\/wp\/v2\/users\/2"}],"replies":[{"embeddable":true,"href":"https:\/\/www.europesays.com\/fr\/wp-json\/wp\/v2\/comments?post=586224"}],"version-history":[{"count":0,"href":"https:\/\/www.europesays.com\/fr\/wp-json\/wp\/v2\/posts\/586224\/revisions"}],"wp:featuredmedia":[{"embeddable":true,"href":"https:\/\/www.europesays.com\/fr\/wp-json\/wp\/v2\/media\/586225"}],"wp:attachment":[{"href":"https:\/\/www.europesays.com\/fr\/wp-json\/wp\/v2\/media?parent=586224"}],"wp:term":[{"taxonomy":"category","embeddable":true,"href":"https:\/\/www.europesays.com\/fr\/wp-json\/wp\/v2\/categories?post=586224"},{"taxonomy":"post_tag","embeddable":true,"href":"https:\/\/www.europesays.com\/fr\/wp-json\/wp\/v2\/tags?post=586224"}],"curies":[{"name":"wp","href":"https:\/\/api.w.org\/{rel}","templated":true}]}}