{"id":586226,"date":"2025-12-08T11:37:13","date_gmt":"2025-12-08T11:37:13","guid":{"rendered":"https:\/\/www.europesays.com\/fr\/586226\/"},"modified":"2025-12-08T11:37:13","modified_gmt":"2025-12-08T11:37:13","slug":"cest-dur-je-paye-pour","status":"publish","type":"post","link":"https:\/\/www.europesays.com\/fr\/586226\/","title":{"rendered":"C&rsquo;est dur. Je paye pour\u2026"},"content":{"rendered":"<p>Par <a class=\"author_recette\" id=\"author_name\" href=\"https:\/\/www.nextplz.fr\/auteur\/yvan-styve\" target=\"_blank\" rel=\"noopener\">Yvan Styve<\/a><br \/>\n&#8211; Publi\u00e9 le<br \/>\n08 D\u00e9c 2025 \u00e0<br \/>\n10:00 &#8211; Modifi\u00e9 le 08 D\u00e9c 2025 \u00e0 10:15<\/p>\n<p class=\"article-intro excerpt\">L\u00e9a Salam\u00e9 traverse une temp\u00eate<br \/>\nm\u00e9diatique sans pr\u00e9c\u00e9dent depuis sa prise de fonction au 20h.<br \/>\nPourtant, malgr\u00e9 les attaques r\u00e9p\u00e9t\u00e9es, elle affiche une volont\u00e9 de<br \/>\nfer pour tenir son poste.<\/p>\n<p>Les figures m\u00e9diatiques cristallisent d\u00e9sormais autant<br \/>\nd\u00a0\u00bbadmiration que de critiques dans l&rsquo;ar\u00e8ne publique contemporaine.<br \/>\nPar cons\u00e9quent, chaque prise de parole devient un exercice<br \/>\np\u00e9rilleux sous le feu des projecteurs num\u00e9riques. Ainsi, la moindre<br \/>\napproximation d\u00e9clenche des vagues de commentaires acerbes sur les<br \/>\nr\u00e9seaux sociaux devenus juges impitoyables. L\u00e9a Salam\u00e9 incarne<br \/>\nparfaitement cette r\u00e9alit\u00e9 du journalisme moderne o\u00f9 l&rsquo;exposition<br \/>\nm\u00e9diatique rime avec vuln\u00e9rabilit\u00e9 constante. D&rsquo;ailleurs, ses<br \/>\nd\u00e9buts au journal t\u00e9l\u00e9vis\u00e9 de France 2 illustrent cette tension<br \/>\nentre exigence professionnelle et pression sociale. N\u00e9anmoins, son<br \/>\nparcours r\u00e9v\u00e8le \u00e9galement une r\u00e9silience remarquable face aux<br \/>\npol\u00e9miques qui jalonnent son quotidien.<\/p>\n<p>La s\u00e9quence qui fait encore<br \/>\nr\u00e9agir<\/p>\n<p>L\u00e9a Salam\u00e9 collectionne les moments controvers\u00e9s qui alimentent<br \/>\nles conversations sur les plateaux t\u00e9l\u00e9vis\u00e9s depuis plusieurs<br \/>\nann\u00e9es. En effet, lors d&rsquo;une \u00e9mission m\u00e9morable de On n&rsquo;est pas<br \/>\ncouch\u00e9, la journaliste avait provoqu\u00e9 un malaise g\u00e9n\u00e9ral. Aymeric<br \/>\nCaron \u00e9voquait alors une \u00e9tude affirmant que \u00ab\u00a0les v\u00e9g\u00e9tariens<br \/>\n\u00e9taient de meilleurs amants que les non-v\u00e9g\u00e9tariens\u00a0\u00bb. De plus,<br \/>\nil pr\u00e9cisait que \u00ab\u00a0le fait de manger de la viande ce n&rsquo;est pas<br \/>\nbon pour tout ce qui est cardio-vasculaire\u00a0\u00bb. Toutefois,<br \/>\nl&rsquo;intervention suivante a marqu\u00e9 les esprits de fa\u00e7on inattendue et<br \/>\ntotalement impr\u00e9visible dans ce contexte. Sans retenue aucune, L\u00e9a<br \/>\nSalam\u00e9 <a href=\"https:\/\/www.nextplz.fr\/people\/507498-la-qualite-du-sprme-est-moins-bonne-gros-derapage-de-lea-salame-jt-de-france-2-en-plein-direct\" target=\"_blank\" rel=\"noopener\"><br \/>\navait lanc\u00e9 cette r\u00e9plique cinglante qui allait faire le tour du<br \/>\nweb<\/a> : \u00ab\u00a0Mais il para\u00eet que la qualit\u00e9 du sperme est moins<br \/>\nbonne\u00a0\u00bb. Aymeric Caron avait imm\u00e9diatement r\u00e9pliqu\u00e9 avec une<br \/>\nquestion aussi directe qu&#8217;embarrassante pour l&rsquo;animatrice<br \/>\nsilencieuse jusqu&rsquo;alors. Cette s\u00e9quence illustre parfaitement le<br \/>\nstyle de la journaliste qui ne recule devant aucune provocation<br \/>\nm\u00e9diatique.<\/p>\n<p>L\u00e9a Salam\u00e9 face<br \/>\naux critiques du JT de France 2<\/p>\n<p>Les d\u00e9buts tumultueux au journal de vingt heures p\u00e8sent<br \/>\nlourdement sur les \u00e9paules de cette professionnelle aguerrie.<br \/>\nEffectivement, selon les r\u00e9v\u00e9lations du Parisien, L\u00e9a Salam\u00e9 aurait<br \/>\nconfi\u00e9 son d\u00e9couragement profond \u00e0 ses proches r\u00e9cemment. Durant<br \/>\nles vacances de la Toussaint, elle aurait notamment d\u00e9clar\u00e9 avec<br \/>\nune franchise d\u00e9sarmante et troublante : \u00ab\u00a0C&rsquo;est dur. Je paye<br \/>\npour plein de choses qui me d\u00e9passent. Faut juste que je<br \/>\ntienne\u00a0\u00bb. Alexandre Kara, patron de l&rsquo;information du service<br \/>\npublic, apporte un \u00e9clairage pr\u00e9cieux sur cette p\u00e9riode d\u00e9licate.<br \/>\nIl explique que \u00ab\u00a0L\u00e9a est arriv\u00e9e extr\u00eamement humble\u00a0\u00bb et<br \/>\nqu&rsquo;elle consid\u00e9rait ses d\u00e9buts comme \u00ab\u00a0un stage<br \/>\nd&rsquo;observation\u00a0\u00bb. De surcro\u00eet, il reconna\u00eet qu&rsquo;elle \u00ab\u00a0a pu<br \/>\ntomber dans des pi\u00e8ges \u00e0 sa prise de fonction\u00a0\u00bb. Cependant, le<br \/>\ndirecteur affirme sa conviction que la journaliste ne baissera<br \/>\njamais les bras malgr\u00e9 tout. Il ajoute d&rsquo;ailleurs que \u00ab\u00a0les<br \/>\nattaques la blessent quarante-huit heures puis elle repart au<br \/>\ncombat avec une puissante force int\u00e9rieure\u00a0\u00bb.<\/p>\n<p>Entre vie<br \/>\npriv\u00e9e et carri\u00e8re publique pour L\u00e9a Salam\u00e9<\/p>\n<p>La sph\u00e8re personnelle de la journaliste r\u00e9v\u00e8le une femme aux<br \/>\nconvictions tranch\u00e9es malgr\u00e9 les apparences polic\u00e9es. En outre,<br \/>\ninterrog\u00e9e sur son couple avec Rapha\u00ebl Glucksmann, eurod\u00e9put\u00e9 et<br \/>\np\u00e8re de leur fils Gabriel, <a href=\"https:\/\/www.nextplz.fr\/people\/508435-lea-salame-cash-sur-son-couple-avec-raphael-glucksmann-je-le-bute\" target=\"_blank\" rel=\"noopener\"><br \/>\nelle livre quelques confidences<\/a>. Questionn\u00e9e sur ses \u00e9ventuels<br \/>\nd\u00e9fauts en amour, elle r\u00e9pond avec une spontan\u00e9it\u00e9 rafra\u00eechissante<br \/>\net d\u00e9sarmante : \u00ab\u00a0Non, je ne suis pas tr\u00e8s jalouse, pas tr\u00e8s<br \/>\npossessive, j&rsquo;ai d&rsquo;autres d\u00e9fauts !\u00a0\u00bb. N\u00e9anmoins, lorsqu&rsquo;on lui<br \/>\ndemande si le couple pratique une relation ouverte, sa r\u00e9ponse fuse<br \/>\nimm\u00e9diatement. Elle r\u00e9torque sans la moindre h\u00e9sitation ni filtre<br \/>\navec une franchise d\u00e9concertante pour l&rsquo;antenne : \u00ab\u00a0Ah non, je<br \/>\nle bute !\u00a0\u00bb. Cette d\u00e9claration tranche radicalement avec<br \/>\nl&rsquo;image pos\u00e9e qu&rsquo;elle projette habituellement lors de ses<br \/>\ninterventions t\u00e9l\u00e9visuelles. Par ailleurs, elle reconna\u00eet s&rsquo;imposer<br \/>\ndes r\u00e8gles strictes concernant la carri\u00e8re politique de son<br \/>\ncompagnon m\u00e9diatique. Elle confie ainsi qu&rsquo;elle se \u00ab\u00a0mettrait en<br \/>\nretrait\u00a0\u00bb pendant les p\u00e9riodes \u00e9lectorales pour prot\u00e9ger ses<br \/>\n\u00e9quipes professionnelles.<\/p>\n","protected":false},"excerpt":{"rendered":"Par Yvan Styve &#8211; Publi\u00e9 le 08 D\u00e9c 2025 \u00e0 10:00 &#8211; Modifi\u00e9 le 08 D\u00e9c 2025 \u00e0&hellip;\n","protected":false},"author":2,"featured_media":586227,"comment_status":"","ping_status":"","sticky":false,"template":"","format":"standard","meta":{"footnotes":""},"categories":[1359],"tags":[58,59,1011,27,973,65861],"class_list":{"0":"post-586226","1":"post","2":"type-post","3":"status-publish","4":"format-standard","5":"has-post-thumbnail","7":"category-people","8":"tag-divertissement","9":"tag-entertainment","10":"tag-fr","11":"tag-france","12":"tag-people","13":"tag-trend"},"share_on_mastodon":{"url":"https:\/\/pubeurope.com\/@fr\/115683750353491317","error":""},"_links":{"self":[{"href":"https:\/\/www.europesays.com\/fr\/wp-json\/wp\/v2\/posts\/586226","targetHints":{"allow":["GET"]}}],"collection":[{"href":"https:\/\/www.europesays.com\/fr\/wp-json\/wp\/v2\/posts"}],"about":[{"href":"https:\/\/www.europesays.com\/fr\/wp-json\/wp\/v2\/types\/post"}],"author":[{"embeddable":true,"href":"https:\/\/www.europesays.com\/fr\/wp-json\/wp\/v2\/users\/2"}],"replies":[{"embeddable":true,"href":"https:\/\/www.europesays.com\/fr\/wp-json\/wp\/v2\/comments?post=586226"}],"version-history":[{"count":0,"href":"https:\/\/www.europesays.com\/fr\/wp-json\/wp\/v2\/posts\/586226\/revisions"}],"wp:featuredmedia":[{"embeddable":true,"href":"https:\/\/www.europesays.com\/fr\/wp-json\/wp\/v2\/media\/586227"}],"wp:attachment":[{"href":"https:\/\/www.europesays.com\/fr\/wp-json\/wp\/v2\/media?parent=586226"}],"wp:term":[{"taxonomy":"category","embeddable":true,"href":"https:\/\/www.europesays.com\/fr\/wp-json\/wp\/v2\/categories?post=586226"},{"taxonomy":"post_tag","embeddable":true,"href":"https:\/\/www.europesays.com\/fr\/wp-json\/wp\/v2\/tags?post=586226"}],"curies":[{"name":"wp","href":"https:\/\/api.w.org\/{rel}","templated":true}]}}