{"id":586228,"date":"2025-12-08T11:38:16","date_gmt":"2025-12-08T11:38:16","guid":{"rendered":"https:\/\/www.europesays.com\/fr\/586228\/"},"modified":"2025-12-08T11:38:16","modified_gmt":"2025-12-08T11:38:16","slug":"james-colomina-decouvrez-les-deux-sculptures-quil-expose-dans-une-galerie-toulousaine","status":"publish","type":"post","link":"https:\/\/www.europesays.com\/fr\/586228\/","title":{"rendered":"James Colomina\u00a0: d\u00e9couvrez les deux sculptures qu\u2019il expose dans une galerie toulousaine"},"content":{"rendered":"<p>\n                                                                    l&rsquo;essentiel<br \/>\n                                                                Le street-artiste toulousain James Colomina expose deux \u0153uvres captivantes dans une galerie \u00e0 Toulouse. \u00ab\u00a0Dear Bear\u00a0\u00bb et \u00ab\u00a0Paint love\u00a0\u00bb m\u00ealent tendresse et gravit\u00e9. Ces cr\u00e9ations uniques, visibles en d\u00e9cembre, t\u00e9moignent de son engagement artistique et social.\n                            <\/p>\n<p>On peut d\u00e9couvrir actuellement deux \u0153uvres de l\u2019artiste de street-art toulousain James Colomina \u00e0 <a href=\"https:\/\/l.instagram.com\/?u=http%3A%2F%2Fwww.inarteveritas.com%2F%3Futm_source%3Dig%26utm_medium%3Dsocial%26utm_content%3Dlink_in_bio%26fbclid%3DPAZXh0bgNhZW0CMTEAc3J0YwZhcHBfaWQMMjU2MjgxMDQwNTU4AAGnj21MdZX-wX3gP9umK8RcrS6T09pYxHHK-nt1Ud9paVaH33DWbwUyTXFoX8o_aem_rfK3WAAMF27XQurNlJ4oXA&amp;e=AT0KePqfArvbIy2oF81AB--N6KvzXSWJOAmyqrKXB_wr_NNdtfRaL30A2OIRkPbAGSe3r5a2D2Zj5T-4ZmfbO4R3w_q56E9WnMHAigUpag\" target=\"_blank\" rel=\"noopener\">la galerie In Arte Veritas<\/a>, rue de la\u00a0Trinit\u00e9 \u00e0 Toulouse. Un pur moment de tendresse. Repr\u00e9senter l\u2019enfance, c\u2019est parler des enfants \u00e0 prot\u00e9ger, des enfants en nous, de la toute-puissance d\u2019un enfant, de sa cr\u00e9ativit\u00e9 perp\u00e9tuelle, de sa vuln\u00e9rabilit\u00e9 et de sa libert\u00e9. Ces deux \u0153uvres, visibles en d\u00e9cembre, sont \u00ab\u00a0une chance pour Toulouse\u00a0\u00bb, d\u2019apr\u00e8s Audrey Marchal, directrice. Il s\u2019agit de \u00ab\u00a0Dear Bear\u00a0\u00bb et \u00ab\u00a0Paint love\u00a0\u00bb, pi\u00e8ce unique. On y retrouve \u00e9videmment la tendresse et la gravit\u00e9, ce m\u00e9lange de douceur et de d\u00e9nonciation.<\/p>\n<p>        <img decoding=\"async\" class=\"std-img__img responsive-img\" src=\"https:\/\/www.europesays.com\/fr\/wp-content\/uploads\/2025\/12\/1765193894_799_image.jpg\" alt=\"&quot;Dear Bear&quot;, une des \u0153uvres de James Colomina expos\u00e9e \u00e0 Toulouse.\"\/><\/p>\n<p>                \u00ab\u00a0Dear Bear\u00a0\u00bb, une des \u0153uvres de James Colomina expos\u00e9e \u00e0 Toulouse.<br \/>\n                                    DR<\/p>\n<p>On ne pr\u00e9sente plus le natif de Toulouse et fid\u00e8le de c\u0153ur, signal\u00e9 dans les guides touristiques et sur leurs couvertures. Ses \u0153uvres internationales au message fort, souvent sous l\u2019aspect d\u2019un enfant en r\u00e9sine rouge, frappent les esprits. Le rouge couleur qui vient \u00e0 l\u2019\u0153il, passion et r\u00e9sistance. On se rappelle de cet enfant flottant sur les canaux d\u2019Amsterdam, retourn\u00e9, un drapeau \u00ab\u00a0I\u2019m fine\u00a0\u00bb pour d\u00e9noncer l\u2019immobilisme face \u00e0 la mont\u00e9e des eaux. Ou encore de \u00ab\u00a0Poutine sur son char\u00a0\u00bb dans un jardin d\u2019enfants de New York, le char \u00e9tant un jouet d\u2019enfant\u2026 Mais aussi du Trump repr\u00e9sent\u00e9 dans une posture provocante, relay\u00e9e par Reuters. Il est entr\u00e9 au Straatmuseum d\u2019Amsterdam, ce qui est rare pour un artiste vivant.<\/p>\n<p>        <img decoding=\"async\" class=\"std-img__img responsive-img\" src=\"https:\/\/www.europesays.com\/fr\/wp-content\/uploads\/2025\/12\/1765193895_265_image.jpg\" alt=\"La galerie In Arte Veritas accueille deux sculptures de Colomina en d\u00e9cembre.\"\/><\/p>\n<p>                La galerie In Arte Veritas accueille deux sculptures de Colomina en d\u00e9cembre.<br \/>\n                                    DR<\/p>\n<p>Il a install\u00e9 des \u0153uvres en Ukraine d\u00e8s le d\u00e9but du conflit, qui lui ont valu des timbres \u00e0 son effigie, \u00ab\u00a0Art War\u00a0\u00bb, peut-on y lire. \u00c0 Barcelone, il a pos\u00e9 des installations anti-racistes. Plus il gagne en notori\u00e9t\u00e9, plus il prend des risques, Colomina est un artiste visionnaire qui transforme l\u2019espace public et parle \u00e0 tous po\u00e9tiquement et essentiellement.<\/p>\n<p>Galerie In Arte Veritas, 10 rue de la\u00a0Trinit\u00e9. www.inarteveritas.com. Ouvert du mardi au samedi\u00a010 h-12\u00a0h\u00a030, et de 14\u00a0h \u00e0 19\u00a0h, T\u00e9l. 09\u00a071\u00a047\u00a023\u00a098).<\/p>\n<p>                                                                                                                                                                                                        <script async src=\"\/\/www.instagram.com\/embed.js\"><\/script><\/p>\n","protected":false},"excerpt":{"rendered":"l&rsquo;essentiel Le street-artiste toulousain James Colomina expose deux \u0153uvres captivantes dans une galerie \u00e0 Toulouse. \u00ab\u00a0Dear Bear\u00a0\u00bb et&hellip;\n","protected":false},"author":2,"featured_media":586229,"comment_status":"","ping_status":"","sticky":false,"template":"","format":"standard","meta":{"footnotes":""},"categories":[1358],"tags":[1348,1384,1385,872,1386,58,59,1349,1011,27,2722,2312],"class_list":{"0":"post-586228","1":"post","2":"type-post","3":"status-publish","4":"format-standard","5":"has-post-thumbnail","7":"category-arts-et-design","8":"tag-arts","9":"tag-arts-and-design","10":"tag-arts-et-design","11":"tag-culture-et-loisirs","12":"tag-design","13":"tag-divertissement","14":"tag-entertainment","15":"tag-expositions","16":"tag-fr","17":"tag-france","18":"tag-haute-garonne","19":"tag-toulouse"},"share_on_mastodon":{"url":"https:\/\/pubeurope.com\/@fr\/115683755868197770","error":""},"_links":{"self":[{"href":"https:\/\/www.europesays.com\/fr\/wp-json\/wp\/v2\/posts\/586228","targetHints":{"allow":["GET"]}}],"collection":[{"href":"https:\/\/www.europesays.com\/fr\/wp-json\/wp\/v2\/posts"}],"about":[{"href":"https:\/\/www.europesays.com\/fr\/wp-json\/wp\/v2\/types\/post"}],"author":[{"embeddable":true,"href":"https:\/\/www.europesays.com\/fr\/wp-json\/wp\/v2\/users\/2"}],"replies":[{"embeddable":true,"href":"https:\/\/www.europesays.com\/fr\/wp-json\/wp\/v2\/comments?post=586228"}],"version-history":[{"count":0,"href":"https:\/\/www.europesays.com\/fr\/wp-json\/wp\/v2\/posts\/586228\/revisions"}],"wp:featuredmedia":[{"embeddable":true,"href":"https:\/\/www.europesays.com\/fr\/wp-json\/wp\/v2\/media\/586229"}],"wp:attachment":[{"href":"https:\/\/www.europesays.com\/fr\/wp-json\/wp\/v2\/media?parent=586228"}],"wp:term":[{"taxonomy":"category","embeddable":true,"href":"https:\/\/www.europesays.com\/fr\/wp-json\/wp\/v2\/categories?post=586228"},{"taxonomy":"post_tag","embeddable":true,"href":"https:\/\/www.europesays.com\/fr\/wp-json\/wp\/v2\/tags?post=586228"}],"curies":[{"name":"wp","href":"https:\/\/api.w.org\/{rel}","templated":true}]}}