{"id":586242,"date":"2025-12-08T11:46:18","date_gmt":"2025-12-08T11:46:18","guid":{"rendered":"https:\/\/www.europesays.com\/fr\/586242\/"},"modified":"2025-12-08T11:46:18","modified_gmt":"2025-12-08T11:46:18","slug":"le-design-des-samsung-galaxy-s26-et-une-charge-plus-rapide-devoiles-par-one-ui-8-5-lui-meme-frandroid","status":"publish","type":"post","link":"https:\/\/www.europesays.com\/fr\/586242\/","title":{"rendered":"Le design des Samsung Galaxy S26 et une charge plus rapide d\u00e9voil\u00e9s par One UI 8.5 lui-m\u00eame \u2014 Frandroid"},"content":{"rendered":"<p>Des rendus sch\u00e9matiques int\u00e9gr\u00e9s dans une version en d\u00e9veloppement de One UI 8.5 r\u00e9v\u00e8lent le design des Galaxy S26, S26 Plus et S26 Ultra et \u00e9voquent une mont\u00e9e en puissance des vitesses filaire et sans fil, en attendant la pr\u00e9sentation officielle de Samsung.\u200b<\/p>\n<p><a href=\"https:\/\/images.frandroid.com\/wp-content\/uploads\/2025\/11\/maxresdefault-13.jpg\" target=\"_blank\" class=\"article-content__figure\" rel=\"noopener\"><img fetchpriority=\"high\" decoding=\"async\" loading=\"eager\" width=\"1200\" height=\"675\" src=\"https:\/\/www.europesays.com\/fr\/wp-content\/uploads\/2025\/12\/maxresdefault-13.jpg\" alt=\"\" class=\"wp-image-2857101 wp-image wp-image\"  \/><\/a><\/p>\n<p>Les prochaines r\u00e9f\u00e9rences haut de gamme de <a href=\"https:\/\/www.frandroid.com\/marques\/samsung\/2852309_samsung-galaxy-s26-voici-leur-date-de-lancement-et-elle-plus-proche-que-prevu\" target=\"_blank\" rel=\"noopener\">Samsung sont attendus au d\u00e9but de l\u2019ann\u00e9e prochaine<\/a>. La marque devrait organiser un \u00e9v\u00e8nement sp\u00e9cial fin f\u00e9vrier si on en croit les rumeurs \u00e0 ce sujet. En attendant, les sp\u00e9culations concernant les fiches techniques vont bon train et c\u2019est \u00e0 la faveur de l\u2019examen du code de la surcouche logicielle One UI 8.5 que l\u2019on en apprend plus sur les capacit\u00e9s de recharge des prochains <a href=\"https:\/\/www.frandroid.com\/marques\/samsung\/2870861_galaxy-s26-samsung-pret-a-tout-pour-battre-liphone-17-quitte-a-faire-des-sacrifices\" target=\"_blank\" rel=\"noopener\">Galaxy S26<\/a>, <a href=\"https:\/\/www.frandroid.com\/marques\/samsung\/2863451_voici-a-quoi-ressemblera-le-samsung-galaxy-s26-plus-qui-remplace-le-galaxy-s26-edge\" target=\"_blank\" rel=\"noopener\">S26 Plus<\/a> et <a href=\"https:\/\/www.frandroid.com\/marques\/samsung\/2873119_le-galaxy-s26-ultra-pourrait-changer-la-donne-grace-cette-grosse-amelioration-photo\" target=\"_blank\" rel=\"noopener\">S26 Ultra<\/a> mais \u00e9galement sur leurs designs.<\/p>\n<p class=\"shortcode-container see-more\">\n    Pour aller plus loin<br \/><a href=\"https:\/\/www.frandroid.com\/marques\/samsung\/2849839_samsung-galaxy-s26-ultra-design-ecran-fenetre-de-sortie-prix-tout-ce-quon-sait-sur-le-futur-smartphone\" target=\"_blank\" rel=\"noopener\">Samsung Galaxy S26 Ultra : design, \u00e9cran, fen\u00eatre de sortie, prix\u2026 Tout ce qu\u2019on sait sur le futur smartphone<\/a>\n            <\/p>\n<p>Un syst\u00e8me qui d\u00e9voile le design\u00a0?<\/p>\n<p>Les lignes du <a href=\"https:\/\/www.frandroid.com\/marques\/2897607_samsung-one-ui-8-5-pourquoi-cette-mise-a-jour-sera-bien-plus-importante-que-prevu-pour-les-galaxy-s26\" target=\"_blank\" rel=\"noopener\">code de One UI 8.5<\/a> qui serait d\u00e9ploy\u00e9 en m\u00eame temps que la sortie des Galaxy S26 r\u00e9v\u00e8lent des images cach\u00e9es. Celles-ci mettent en \u00e9vidence l\u2019arri\u00e8re des appareils et les associent \u00e0 trois noms de code : M1 et M2 pour les mod\u00e8les S26 et S26 Plus, M3 pour le S26 Ultra.\u200b<\/p>\n<p><a href=\"https:\/\/www.europesays.com\/fr\/wp-content\/uploads\/2025\/12\/samsung-galaxy-s26-schema.jpg\" target=\"_blank\" class=\"article-content__figure\"><img loading=\"lazy\" decoding=\"async\" width=\"883\" height=\"589\" src=\"https:\/\/www.europesays.com\/fr\/wp-content\/uploads\/2025\/12\/samsung-galaxy-s26-schema.jpg\" alt=\"\" class=\"wp-image-2901485 wp-image\"  \/><\/a>Sch\u00e9ma des Galaxy S26<\/p>\n<p class=\"shortcode-container see-more\">\n    Pour aller plus loin<br \/><a href=\"https:\/\/www.frandroid.com\/marques\/samsung\/2895625_voici-comment-one-ui-8-5-veut-en-finir-avec-les-applications-pleines-de-pubs\" target=\"_blank\" rel=\"noopener\">Voici comment One UI 8.5 veut en finir avec les applications pleines de pubs<\/a>\n            <\/p>\n<p>Ces rendus confirment le virage esth\u00e9tique engag\u00e9 par Samsung avec l\u2019abandon des modules photo \u00ab flottants \u00bb au profit d\u2019une \u00eele de cam\u00e9ra de forme ovale, positionn\u00e9e en haut \u00e0 gauche du dos. Sur les Galaxy S26 et S26 Plus, cette \u00ab\u00a0\u00eele\u00a0\u00bb accueille trois objectifs align\u00e9s verticalement, chacun ench\u00e2ss\u00e9 dans une d\u00e9coupe circulaire, ce qui rapproche la gamme des signatures visuelles d\u00e9j\u00e0 vues sur le Galaxy Z Fold 7 et certains mod\u00e8les de la s\u00e9rie Galaxy A.<\/p>\n<p class=\"shortcode-container see-more\">\n    Pour aller plus loin<br \/><a href=\"https:\/\/www.frandroid.com\/marques\/samsung\/2732711_test-du-samsung-galaxy-z-fold-7\" target=\"_blank\" rel=\"noopener\">Test du Samsung Galaxy Z Fold 7 : tellement kiffant et frustrant<\/a>\n            <\/p>\n<p>Pour sa part, le <a href=\"https:\/\/www.frandroid.com\/marques\/2834311_galaxy-s26-ultra-une-premiere-photo-fuite-et-devoile-un-module-photo-surdimensionne\" target=\"_blank\" rel=\"noopener\">Galaxy S26 Ultra<\/a> reprend la m\u00eame base, mais y ajoute deux capteurs suppl\u00e9mentaires dispos\u00e9s \u00e0 c\u00f4t\u00e9 de la colonne principale, confirmant les fuites ant\u00e9rieures attribu\u00e9es \u00e0 des leakers bien connus du secteur.\u200b<\/p>\n<p class=\"bottom-text\">                <a href=\"https:\/\/www.youtube.com\/watch?v=RUCMiwTi8OU\" target=\"_blank\" rel=\"noopener\">Lien YouTube<\/a>                                    <a href=\"https:\/\/www.youtube.com\/subscription_center?add_user=FrAndroidTube\" target=\"_blank\" rel=\"noopener\">S\u2019abonner \u00e0 Frandroid<\/a>                            <\/p>\n<p>                Ce contenu est bloqu\u00e9 car vous n\u2019avez pas accept\u00e9 les cookies et autres traceurs. Ce contenu est fourni par YouTube.<br \/>Pour pouvoir le visualiser, vous devez accepter l\u2019usage \u00e9tant op\u00e9r\u00e9 par YouTube avec vos donn\u00e9es qui pourront \u00eatre utilis\u00e9es pour les finalit\u00e9s suivantes : vous permettre de visualiser et de partager des contenus avec des m\u00e9dias sociaux, favoriser le d\u00e9veloppement et l\u2019am\u00e9lioration des produits d\u2019Humanoid et de ses partenaires, vous afficher des publicit\u00e9s personnalis\u00e9es par rapport \u00e0 votre profil et activit\u00e9, vous d\u00e9finir un profil publicitaire personnalis\u00e9, mesurer la performance des publicit\u00e9s et du contenu de ce site et mesurer l\u2019audience de ce site <a href=\"#\" class=\"js-privacy\" target=\"_blank\">(en savoir plus)<\/a>            <\/p>\n<p>                En cliquant sur \u00ab J\u2019accepte tout \u00bb, vous consentez aux finalit\u00e9s susmentionn\u00e9es pour l\u2019ensemble des cookies et autres traceurs d\u00e9pos\u00e9s par Humanoid et <a class=\"embed-consent-overlay-vendors-link\" href=\"#preferences-vendeurs\">ses partenaires<\/a>.            <\/p>\n<p>                Vous gardez la possibilit\u00e9 de retirer votre consentement \u00e0 tout moment. Pour plus d\u2019informations, nous vous invitons \u00e0 prendre connaissance de notre <a href=\"https:\/\/www.frandroid.com\/politique-cookies\" target=\"_blank\" rel=\"noopener\">Politique cookies<\/a>.            <\/p>\n<p>            J\u2019accepte tout        <\/p>\n<p class=\"embed-consent-overlay-manage-choices\">            <a href=\"#preferences-publicitaires\">G\u00e9rer mes choix<\/a>        <\/p>\n<p>Face aux Galaxy S25 actuels, cette approche renforce une impression de coh\u00e9rence formelle sur l\u2019ensemble du catalogue, tout en offrant un rep\u00e8re visuel plus marqu\u00e9 \u00e0 l\u2019arri\u00e8re. Face aux iPhone qui ont pris un autre virage et aux Pixel de Google qui utilisent une barre horizontale, cette signature esth\u00e9tique des Samsung leur permettrait de rester imm\u00e9diatement identifiables sans rompre avec les codes de la marque. En revanche, ces rendus sch\u00e9matiques ne livrent aucun d\u00e9tail sur les finitions, les mat\u00e9riaux ou les coloris, qui demeurent \u00e0 ce stade l\u2019objet de simples sp\u00e9culations.\u200b<\/p>\n<p>Charge filaire et sans fil : mont\u00e9e en puissance annonc\u00e9e<\/p>\n<p>Outre le design, One UI 8.5 contient des indices sur l\u2019\u00e9volution de la charge au sein de la gamme Galaxy S26, via l\u2019apparition de nouvelles r\u00e9f\u00e9rences \u00e0 \u00ab Super Fast Wireless Charging \u00bb et \u00ab Super Fast Charging 3.0 \u00bb. Cette terminologie in\u00e9dite laisse penser que Samsung pr\u00e9pare un palier sup\u00e9rieur de puissance, tant en filaire qu\u2019en sans fil, au moins pour une partie de la s\u00e9rie.\u200b<\/p>\n<p class=\"shortcode-container see-more\">\n    Pour aller plus loin<br \/><a href=\"https:\/\/www.frandroid.com\/produits-android\/smartphone\/2862293_la-charge-rapide-tue-t-elle-votre-batterie-de-smartphone-un-test-de-500-cycles-devoile-la-verite\" target=\"_blank\" rel=\"noopener\">La charge rapide tue-t-elle votre batterie de smartphone ? Un test de 500 cycles d\u00e9voile la v\u00e9rit\u00e9<\/a>\n            <\/p>\n<p>Rappelons que le Galaxy S25 supporte une charge de 25 W alors que les Galaxy S25 Plus et Galaxy S25 Ultra avec leur\u00a0\u00ab\u00a0appellation\u00a0\u00bb \u00ab\u00a0Super Charge rapide 2.0\u00a0\u00bb peut accepter jusqu\u2019\u00e0 45 W. Pour la charge sans fil, des estimations issues des fuites \u00e9voquent une puissance pouvant grimper jusqu\u2019\u00e0 environ 20 W sur les Galaxy S26 et S26 Plus, et jusqu\u2019\u00e0 25 W sur le Galaxy S26 Ultra, contre une limite souvent \u00e9tablie \u00e0 15 W sur de nombreux mod\u00e8les Galaxy r\u00e9cents.<\/p>\n<p>Toujours selon ces m\u00eames sources, <a href=\"https:\/\/www.frandroid.com\/marques\/samsung\/2882375_galaxy-s26-ultra-samsung-sortirait-enfin-de-sa-lethargie-sur-la-batterie-et-la-vitesse-de-charge-il-etait-temps\" target=\"_blank\" rel=\"noopener\">l\u2019Ultra profiterait \u00e9galement d\u2019une batterie de capacit\u00e9 l\u00e9g\u00e8rement sup\u00e9rieure<\/a>, ce qui, combin\u00e9 \u00e0 une puissance accrue, pourrait r\u00e9duire sensiblement le temps de recharge complet, m\u00eame si les dur\u00e9es pr\u00e9cises restent pour l\u2019instant hypoth\u00e9tiques.\u200b<\/p>\n<p>Compar\u00e9 \u00e0 d\u2019autres constructeurs Android, Samsung resterait malgr\u00e9 tout en retrait des solutions extr\u00eames d\u00e9passant les 100 W, d\u00e9j\u00e0 propos\u00e9es par certains acteurs chinois, mais comblerait en partie l\u2019\u00e9cart avec des marques comme Google ou Apple qui privil\u00e9gient \u00e9galement des puissances plus contenues.<\/p>\n","protected":false},"excerpt":{"rendered":"Des rendus sch\u00e9matiques int\u00e9gr\u00e9s dans une version en d\u00e9veloppement de One UI 8.5 r\u00e9v\u00e8lent le design des Galaxy&hellip;\n","protected":false},"author":2,"featured_media":586243,"comment_status":"","ping_status":"","sticky":false,"template":"","format":"standard","meta":{"footnotes":""},"categories":[7],"tags":[1011,27,60998,60999,51782,43,40,41,39,42,44],"class_list":{"0":"post-586242","1":"post","2":"type-post","3":"status-publish","4":"format-standard","5":"has-post-thumbnail","7":"category-sciences-et-technologies","8":"tag-fr","9":"tag-france","10":"tag-samsung-galaxy-s26","11":"tag-samsung-galaxy-s26-plus","12":"tag-samsung-galaxy-s26-ultra","13":"tag-science","14":"tag-science-and-technology","15":"tag-sciences","16":"tag-sciences-et-technologies","17":"tag-technologies","18":"tag-technology"},"share_on_mastodon":{"url":"https:\/\/pubeurope.com\/@fr\/115683787186755311","error":""},"_links":{"self":[{"href":"https:\/\/www.europesays.com\/fr\/wp-json\/wp\/v2\/posts\/586242","targetHints":{"allow":["GET"]}}],"collection":[{"href":"https:\/\/www.europesays.com\/fr\/wp-json\/wp\/v2\/posts"}],"about":[{"href":"https:\/\/www.europesays.com\/fr\/wp-json\/wp\/v2\/types\/post"}],"author":[{"embeddable":true,"href":"https:\/\/www.europesays.com\/fr\/wp-json\/wp\/v2\/users\/2"}],"replies":[{"embeddable":true,"href":"https:\/\/www.europesays.com\/fr\/wp-json\/wp\/v2\/comments?post=586242"}],"version-history":[{"count":0,"href":"https:\/\/www.europesays.com\/fr\/wp-json\/wp\/v2\/posts\/586242\/revisions"}],"wp:featuredmedia":[{"embeddable":true,"href":"https:\/\/www.europesays.com\/fr\/wp-json\/wp\/v2\/media\/586243"}],"wp:attachment":[{"href":"https:\/\/www.europesays.com\/fr\/wp-json\/wp\/v2\/media?parent=586242"}],"wp:term":[{"taxonomy":"category","embeddable":true,"href":"https:\/\/www.europesays.com\/fr\/wp-json\/wp\/v2\/categories?post=586242"},{"taxonomy":"post_tag","embeddable":true,"href":"https:\/\/www.europesays.com\/fr\/wp-json\/wp\/v2\/tags?post=586242"}],"curies":[{"name":"wp","href":"https:\/\/api.w.org\/{rel}","templated":true}]}}