{"id":586251,"date":"2025-12-08T11:51:12","date_gmt":"2025-12-08T11:51:12","guid":{"rendered":"https:\/\/www.europesays.com\/fr\/586251\/"},"modified":"2025-12-08T11:51:12","modified_gmt":"2025-12-08T11:51:12","slug":"saint-etienne-admentia-recrute-des-professionnels-pour-tester-son-ia-de-diagnostic-des-troubles-cognitifs","status":"publish","type":"post","link":"https:\/\/www.europesays.com\/fr\/586251\/","title":{"rendered":"Saint-\u00c9tienne. Admentia recrute des professionnels pour tester son IA de diagnostic des troubles cognitifs"},"content":{"rendered":"<p>Marco est capable de compter les mots prononc\u00e9s par le patient, de d\u00e9crypter son \u00e9locution, sa gestuelle, les mouvements de ses yeux, son niveau de fatigue\u2026 Puis de fournir au m\u00e9decin, en quelques secondes, un rapport d\u00e9taill\u00e9, appuy\u00e9 sur des crit\u00e8res objectifs, quantifi\u00e9s et qualifi\u00e9s pr\u00e9cis\u00e9ment. Marco n\u2019est pas un humain\u00a0: il s\u2019agit d\u2019un agent IA observationnel destin\u00e9 \u00e0 accompagner les professionnels de sant\u00e9 dans leurs diagnostics des troubles cognitifs de leurs patients.<\/p>\n<p>Comment \u00e7a marche\u00a0? Les patients sont film\u00e9s \u00e0 l\u2019occasion de leur entretien avec leur m\u00e9decin, la vid\u00e9o est ensuite envoy\u00e9e \u00e0 Marco, qui la d\u00e9cortique tr\u00e8s rapidement avant d\u2019\u00e9tablir un&#8230;<\/p>\n","protected":false},"excerpt":{"rendered":"Marco est capable de compter les mots prononc\u00e9s par le patient, de d\u00e9crypter son \u00e9locution, sa gestuelle, les&hellip;\n","protected":false},"author":2,"featured_media":586252,"comment_status":"","ping_status":"","sticky":false,"template":"","format":"standard","meta":{"footnotes":""},"categories":[9653],"tags":[1111,11,2430,33,7539,1777,674,107,1011,27,5015,3367,12,25,4001,7538,71],"class_list":{"0":"post-586251","1":"post","2":"type-post","3":"status-publish","4":"format-standard","5":"has-post-thumbnail","7":"category-saint-etienne","8":"tag-actu","9":"tag-actualites","10":"tag-auvergne-rhone-alpes","11":"tag-economie","12":"tag-edition-loire-sud","13":"tag-eu","14":"tag-europe","15":"tag-fil-info","16":"tag-fr","17":"tag-france","18":"tag-innovation-et-start-up","19":"tag-loire","20":"tag-news","21":"tag-republique-francaise","22":"tag-saint-etienne","23":"tag-saint-etienne-ville","24":"tag-sante"},"share_on_mastodon":{"url":"https:\/\/pubeurope.com\/@fr\/115683805486968237","error":""},"_links":{"self":[{"href":"https:\/\/www.europesays.com\/fr\/wp-json\/wp\/v2\/posts\/586251","targetHints":{"allow":["GET"]}}],"collection":[{"href":"https:\/\/www.europesays.com\/fr\/wp-json\/wp\/v2\/posts"}],"about":[{"href":"https:\/\/www.europesays.com\/fr\/wp-json\/wp\/v2\/types\/post"}],"author":[{"embeddable":true,"href":"https:\/\/www.europesays.com\/fr\/wp-json\/wp\/v2\/users\/2"}],"replies":[{"embeddable":true,"href":"https:\/\/www.europesays.com\/fr\/wp-json\/wp\/v2\/comments?post=586251"}],"version-history":[{"count":0,"href":"https:\/\/www.europesays.com\/fr\/wp-json\/wp\/v2\/posts\/586251\/revisions"}],"wp:featuredmedia":[{"embeddable":true,"href":"https:\/\/www.europesays.com\/fr\/wp-json\/wp\/v2\/media\/586252"}],"wp:attachment":[{"href":"https:\/\/www.europesays.com\/fr\/wp-json\/wp\/v2\/media?parent=586251"}],"wp:term":[{"taxonomy":"category","embeddable":true,"href":"https:\/\/www.europesays.com\/fr\/wp-json\/wp\/v2\/categories?post=586251"},{"taxonomy":"post_tag","embeddable":true,"href":"https:\/\/www.europesays.com\/fr\/wp-json\/wp\/v2\/tags?post=586251"}],"curies":[{"name":"wp","href":"https:\/\/api.w.org\/{rel}","templated":true}]}}