{"id":586255,"date":"2025-12-08T11:53:14","date_gmt":"2025-12-08T11:53:14","guid":{"rendered":"https:\/\/www.europesays.com\/fr\/586255\/"},"modified":"2025-12-08T11:53:14","modified_gmt":"2025-12-08T11:53:14","slug":"nancy-nancomcy-cartonne-a-nouveau-aux-trophees-de-la-communication","status":"publish","type":"post","link":"https:\/\/www.europesays.com\/fr\/586255\/","title":{"rendered":"Nancy. Nancomcy cartonne \u00e0 nouveau aux troph\u00e9es de la communication"},"content":{"rendered":"<p>Il para\u00eet que le plus dur, c\u2019est de confirmer. Si c\u2019est effectivement le cas, alors, l\u2019agence de communication Nancomcy peut bomber le torse. Apr\u00e8s avoir <a href=\"https:\/\/www.estrepublicain.fr\/economie\/2023\/12\/26\/avec-nancomcy-chaouki-sehili-et-geoffrey-thivet-remportent-deux-prix-lors-des-tropees-de-la-communication\" target=\"_blank\" rel=\"noopener\">d\u00e9croch\u00e9 deux r\u00e9compenses<\/a> aux troph\u00e9es de la communication, il y a deux ans, et quatre l\u2019an dernier <a href=\"https:\/\/www.estrepublicain.fr\/economie\/2025\/02\/01\/nancomcy-agence-de-l-annee-2024-on-a-toujours-de-grandes-ambitions\" target=\"_blank\" rel=\"noopener\">dont celui d\u2019agence de l\u2019ann\u00e9e<\/a> , la soci\u00e9t\u00e9 g\u00e9r\u00e9e par Chaouki Sehili et Geoffrey Thivet a r\u00e9ussi un tour de force lors de l\u2019\u00e9dition 2025 qui s\u2019est d\u00e9roul\u00e9e la semaine derni\u00e8re \u00e0 Nantes.<\/p>\n<p>  \u00ab\u00a0Quand vous \u00eates jug\u00e9s par un jury de professionnels\u2026\u00a0\u00bb<\/p>\n<p>Avec deux victoires dans la cat\u00e9gorie \u00ab\u00a0meilleur site internet de tourisme\u00a0\u00bb pour Tanganyika Exp\u00e9ditions et \u00ab\u00a0meilleure communication globale\u00a0\u00bb pour le r\u00e9seau Stan K\u00e9olis, plus quatre autres podiums, l\u2019agence nanc\u00e9ienne a r\u00e9ussi un tir group\u00e9 unique, d\u2019autant plus m\u00e9ritoire que la concurrence \u00e9tait f\u00e9roce avec pr\u00e8s de 240 agences en lice. \u00ab\u00a0C\u2019est d\u2019abord une grande satisfaction\u00a0\u00bb, sourit Chaouki Sehili dans les bureaux de l\u2019agence \u00e0 Nancy. \u00ab\u00a0Quand vous \u00eates jug\u00e9s par un jury de professionnels, vous ne pouvez qu\u2019accepter la r\u00e9alit\u00e9. Au-del\u00e0, ces prix sont un argument suppl\u00e9mentaire pour convaincre des clients de nous faire confiance.\u00a0\u00bb Alors que la soci\u00e9t\u00e9 vient de repenser son identit\u00e9 graphique, cette nouvelle moisson r\u00e9compense la cr\u00e9ativit\u00e9 de ses \u00e9quipes \u00e0 l\u2019image de la graphiste Justine Bocquillon, qui a pris part \u00e0 la plupart des projets. De quoi nourrir des ambitions pour l\u2019ann\u00e9e 2026. \u00ab\u00a0L\u2019objectif, sera d\u2019aller chercher encore plus de r\u00e9compenses. L\u00e0, on en a d\u00e9croch\u00e9 six, l\u2019id\u00e9e est d\u2019en avoir au minimum sept l\u2019an prochain. On est aussi des comp\u00e9titeurs et on est frustr\u00e9s par les trois secondes places qu\u2019on a eues. On aurait aim\u00e9 chercher un titre suppl\u00e9mentaire. C\u2019est ce qu\u2019on va essayer de faire l\u2019an prochain\u2026\u00a0\u00bb analyse Geoffrey Thivet.<\/p>\n<p class=\"note\"><strong>L\u2019ICL \u00e9galement r\u00e9compens\u00e9e. L\u2019Institut de canc\u00e9rologie de Lorraine a \u00e9galement tir\u00e9 son \u00e9pingle du jeu \u00e0 Nantes. En lice dans la cat\u00e9gorie \u00ab\u00a0meilleure action de communication cr\u00e9ative innovante\u00a0\u00bb, l\u2019\u00e9tablissement hospitalier a d\u00e9croch\u00e9 la premi\u00e8re place. <\/strong><\/p>\n","protected":false},"excerpt":{"rendered":"Il para\u00eet que le plus dur, c\u2019est de confirmer. Si c\u2019est effectivement le cas, alors, l\u2019agence de communication&hellip;\n","protected":false},"author":2,"featured_media":586256,"comment_status":"","ping_status":"","sticky":false,"template":"","format":"standard","meta":{"footnotes":""},"categories":[9635],"tags":[1111,11,33,1704,1777,674,1011,27,775,5015,1702,1703,12,25,216],"class_list":{"0":"post-586255","1":"post","2":"type-post","3":"status-publish","4":"format-standard","5":"has-post-thumbnail","7":"category-nancy","8":"tag-actu","9":"tag-actualites","10":"tag-economie","11":"tag-edition-nancy-et-agglomeration","12":"tag-eu","13":"tag-europe","14":"tag-fr","15":"tag-france","16":"tag-grand-est","17":"tag-innovation-et-start-up","18":"tag-nancy","19":"tag-nancy-ville-54b","20":"tag-news","21":"tag-republique-francaise","22":"tag-vie-des-entreprises"},"share_on_mastodon":{"url":"https:\/\/pubeurope.com\/@fr\/115683813302962233","error":""},"_links":{"self":[{"href":"https:\/\/www.europesays.com\/fr\/wp-json\/wp\/v2\/posts\/586255","targetHints":{"allow":["GET"]}}],"collection":[{"href":"https:\/\/www.europesays.com\/fr\/wp-json\/wp\/v2\/posts"}],"about":[{"href":"https:\/\/www.europesays.com\/fr\/wp-json\/wp\/v2\/types\/post"}],"author":[{"embeddable":true,"href":"https:\/\/www.europesays.com\/fr\/wp-json\/wp\/v2\/users\/2"}],"replies":[{"embeddable":true,"href":"https:\/\/www.europesays.com\/fr\/wp-json\/wp\/v2\/comments?post=586255"}],"version-history":[{"count":0,"href":"https:\/\/www.europesays.com\/fr\/wp-json\/wp\/v2\/posts\/586255\/revisions"}],"wp:featuredmedia":[{"embeddable":true,"href":"https:\/\/www.europesays.com\/fr\/wp-json\/wp\/v2\/media\/586256"}],"wp:attachment":[{"href":"https:\/\/www.europesays.com\/fr\/wp-json\/wp\/v2\/media?parent=586255"}],"wp:term":[{"taxonomy":"category","embeddable":true,"href":"https:\/\/www.europesays.com\/fr\/wp-json\/wp\/v2\/categories?post=586255"},{"taxonomy":"post_tag","embeddable":true,"href":"https:\/\/www.europesays.com\/fr\/wp-json\/wp\/v2\/tags?post=586255"}],"curies":[{"name":"wp","href":"https:\/\/api.w.org\/{rel}","templated":true}]}}