{"id":586267,"date":"2025-12-08T11:59:10","date_gmt":"2025-12-08T11:59:10","guid":{"rendered":"https:\/\/www.europesays.com\/fr\/586267\/"},"modified":"2025-12-08T11:59:10","modified_gmt":"2025-12-08T11:59:10","slug":"un-homme-interpelle-pour-des-tags-antisemites-sur-le-mur-de-lecole-superieure-dart-du","status":"publish","type":"post","link":"https:\/\/www.europesays.com\/fr\/586267\/","title":{"rendered":"Un homme interpell\u00e9 pour des tags antis\u00e9mites sur le mur de l\u2019\u00c9cole sup\u00e9rieure d\u2019art du"},"content":{"rendered":"<p>Un homme a \u00e9t\u00e9 interpell\u00e9 vendredi 5\u00a0d\u00e9cembre 2025, pour des tags antis\u00e9mites sur un mur de l\u2019\u00c9cole sup\u00e9rieure d\u2019art et design du Havre (Esadhar), en Seine-Maritime. \u00a0L\u2019int\u00e9ress\u00e9 est renvoy\u00e9 devant le tribunal ce jour \u00e0 13\u00a0h\u00a030\u00a0, a expliqu\u00e9 la procureure de la R\u00e9publique du Havre, Soizic Guillaume, jointe ce lundi 8\u00a0d\u00e9cembre 2025 au matin, confirmant ainsi une information de nos confr\u00e8res de <a href=\"https:\/\/france3-regions.franceinfo.fr\/normandie\/seine-maritime\/havre\/tags-antisemites-sur-les-murs-d-une-ecole-d-art-au-havre-un-homme-place-en-garde-a-vue-3262571.html\" target=\"_blank\" rel=\"noopener\"> France 3 <\/a> et <a href=\"https:\/\/www.francebleu.fr\/infos\/faits-divers-justice\/tags-antisemites-a-l-ecole-superieure-d-art-et-design-du-havre-une-personne-en-garde-a-vue-5728412\" target=\"_blank\" rel=\"noopener\"> Ici Normandie <\/a>.<\/p>\n<p><strong>Lire aussi :<\/strong>\u00a0<a href=\"https:\/\/caen.maville.com\/actu\/actudet_-tags-antisemites-sur-la-synagogue-a-rouen-que-leurs-laches-auteurs-soient-sanctionnes-_53511-6623558_actu.Htm\" target=\"_blank\" rel=\"noopener\">Tags antis\u00e9mites sur la synagogue \u00e0 Rouen : \u00ab Que leurs l\u00e2ches auteurs soient sanctionn\u00e9s \u00bb<\/a><\/p>\n<p>Reconnu sur une photo<\/p>\n<p>Selon ces m\u00e9dias, c\u2019est en revenant de leur pause d\u00e9jeuner vendredi, que des \u00e9tudiants ont d\u00e9couvert \u00a0un N, une \u00e9toile, un Y et deux S, des symboles qui feraient r\u00e9f\u00e9rence \u00e0 la jeunesse nazie et \u00e0 la police du Troisi\u00e8me Reich\u00a0. La procureure du Havre confirme qu\u2019un \u00e9tudiant a pris en photo l\u2019auteur des tags, ce qui a permis \u00e0 d\u2019autres \u00e9tudiantes et \u00e9tudiants de l\u2019identifier. L\u2019homme a \u00e9t\u00e9 interpell\u00e9 et plac\u00e9 en garde \u00e0 vue dans la soir\u00e9e de vendredi.<\/p>\n<p>D\u00e9j\u00e0 connu de la police<\/p>\n<p>Toujours selon le parquet, il est d\u00e9j\u00e0 connu des services de police pour des faits similaires. Il sera pr\u00e9sent\u00e9 au tribunal en proc\u00e9dure de comparution imm\u00e9diate ce lundi en d\u00e9but d\u2019apr\u00e8s-midi. L\u2019\u00e9cole n\u2019a pas fait effacer les inscriptions pour conserver les preuves, mais elles ont \u00e9t\u00e9 recouvertes par une affiche.<\/p>\n<p>\u00a0<\/p>\n","protected":false},"excerpt":{"rendered":"Un homme a \u00e9t\u00e9 interpell\u00e9 vendredi 5\u00a0d\u00e9cembre 2025, pour des tags antis\u00e9mites sur un mur de l\u2019\u00c9cole sup\u00e9rieure&hellip;\n","protected":false},"author":2,"featured_media":586268,"comment_status":"","ping_status":"","sticky":false,"template":"","format":"standard","meta":{"footnotes":""},"categories":[9587],"tags":[1111,11,34470,3734,1122,1777,674,1011,27,17922,4933,9817,2047,12597,12,5161,25,9590,69968,21890],"class_list":{"0":"post-586267","1":"post","2":"type-post","3":"status-publish","4":"format-standard","5":"has-post-thumbnail","7":"category-rouen","8":"tag-actu","9":"tag-actualites","10":"tag-antisemites","11":"tag-art","12":"tag-ecole","13":"tag-eu","14":"tag-europe","15":"tag-fr","16":"tag-france","17":"tag-havre","18":"tag-homme","19":"tag-interpelle","20":"tag-mans","21":"tag-mur","22":"tag-news","23":"tag-normandie","24":"tag-republique-francaise","25":"tag-rouen","26":"tag-superieure","27":"tag-tags"},"share_on_mastodon":{"url":"https:\/\/pubeurope.com\/@fr\/115683837073556599","error":""},"_links":{"self":[{"href":"https:\/\/www.europesays.com\/fr\/wp-json\/wp\/v2\/posts\/586267","targetHints":{"allow":["GET"]}}],"collection":[{"href":"https:\/\/www.europesays.com\/fr\/wp-json\/wp\/v2\/posts"}],"about":[{"href":"https:\/\/www.europesays.com\/fr\/wp-json\/wp\/v2\/types\/post"}],"author":[{"embeddable":true,"href":"https:\/\/www.europesays.com\/fr\/wp-json\/wp\/v2\/users\/2"}],"replies":[{"embeddable":true,"href":"https:\/\/www.europesays.com\/fr\/wp-json\/wp\/v2\/comments?post=586267"}],"version-history":[{"count":0,"href":"https:\/\/www.europesays.com\/fr\/wp-json\/wp\/v2\/posts\/586267\/revisions"}],"wp:featuredmedia":[{"embeddable":true,"href":"https:\/\/www.europesays.com\/fr\/wp-json\/wp\/v2\/media\/586268"}],"wp:attachment":[{"href":"https:\/\/www.europesays.com\/fr\/wp-json\/wp\/v2\/media?parent=586267"}],"wp:term":[{"taxonomy":"category","embeddable":true,"href":"https:\/\/www.europesays.com\/fr\/wp-json\/wp\/v2\/categories?post=586267"},{"taxonomy":"post_tag","embeddable":true,"href":"https:\/\/www.europesays.com\/fr\/wp-json\/wp\/v2\/tags?post=586267"}],"curies":[{"name":"wp","href":"https:\/\/api.w.org\/{rel}","templated":true}]}}