{"id":586279,"date":"2025-12-08T12:06:15","date_gmt":"2025-12-08T12:06:15","guid":{"rendered":"https:\/\/www.europesays.com\/fr\/586279\/"},"modified":"2025-12-08T12:06:15","modified_gmt":"2025-12-08T12:06:15","slug":"en-direct-conseil-municipal-de-strasbourg-second-tour-de-parole-sur-le-budget-2026-pendant-une-heure-24-elus-sexpriment","status":"publish","type":"post","link":"https:\/\/www.europesays.com\/fr\/586279\/","title":{"rendered":"En direct Conseil municipal de Strasbourg. Second tour de parole sur le budget 2026 pendant une heure, 24 \u00e9lus s&rsquo;expriment"},"content":{"rendered":"<p>\u00ab\u00a0C&rsquo;est le dernier budget du mandat, \u00e0 cheval sur deux mandats. R\u00e9alis\u00e9 dans une p\u00e9riode d&rsquo;incertitude sans pr\u00e9c\u00e9dent,\u00a0\u00bb exprime la maire.<\/p>\n<p>Pour ce dernier budget du mandat, la maire d\u00e9nonce un contexte d&rsquo;incertitude budg\u00e9taire national. <strong>Jeanne Barseghian<\/strong> pr\u00e9sente un budget pour transformer la ville et pr\u00e9parer l&rsquo;avenir des g\u00e9n\u00e9rations futures. La maire \u00e9voque une ville qui se veut \u00ab\u00a0juste et vivante\u00a0\u00bb, en soutien \u00e0 chaque habitant et \u00e0 leur aspiration.\u00a0\u00ab\u00a0\u00c0 cette heure, nous ne savons toujours pas les impacts sur les collectivit\u00e9s et sur Strasbourg.\u00a0\u00bb<\/p>\n<p>Quelques mesures fortes sont d\u00e9taill\u00e9es en mati\u00e8re de mobilit\u00e9 entre le tram ouest, le projet des Halles dont le recours a \u00e9t\u00e9 rejet\u00e9 et dont les travaux sont sur le point de se terminer, des \u00e9quipements structurants pour les cyclistes, les rues scolaires, des \u00e9quipements culturels r\u00e9nov\u00e9s ou \u00e0 venir comme la Laiterie, le <a href=\"https:\/\/www.dna.fr\/culture-loisirs\/2025\/04\/28\/le-grand-relooking-du-star-saint-ex-et-du-bar-du-7e-art-a-partir-d-octobre\" target=\"_blank\" rel=\"noopener\">Star Saint-Exupery<\/a> et la <a href=\"https:\/\/www.dna.fr\/economie\/2025\/11\/06\/c-est-officiel-la-librairie-kleber-va-demenager-dans-les-murs-de-l-ancienne-enseigne-boulanger\" target=\"_blank\" rel=\"noopener\">librairie Kl\u00e9ber<\/a>, la r\u00e9novation du Palais des F\u00eates pour accueillir l&rsquo;op\u00e9ra.<\/p>\n<p>\u00ab\u00a0Ce sont des choix pour lutter contre la changement climatique, pour les g\u00e9n\u00e9rations futures, pour \u00eatre \u00e0 la hauteur de notre capitale europ\u00e9enne. \u00bb\u00a0<\/p>\n","protected":false},"excerpt":{"rendered":"\u00ab\u00a0C&rsquo;est le dernier budget du mandat, \u00e0 cheval sur deux mandats. R\u00e9alis\u00e9 dans une p\u00e9riode d&rsquo;incertitude sans pr\u00e9c\u00e9dent,\u00a0\u00bb&hellip;\n","protected":false},"author":2,"featured_media":586280,"comment_status":"","ping_status":"","sticky":false,"template":"","format":"standard","meta":{"footnotes":""},"categories":[2820],"tags":[1111,11,1984,12255,2880,5949,4188,1777,674,107,1011,27,775,12,316,25,640,2879],"class_list":{"0":"post-586279","1":"post","2":"type-post","3":"status-publish","4":"format-standard","5":"has-post-thumbnail","7":"category-strasbourg","8":"tag-actu","9":"tag-actualites","10":"tag-conseil-municipal","11":"tag-direct-actualite","12":"tag-edition-strasbourg","13":"tag-elections","14":"tag-elections-municipales","15":"tag-eu","16":"tag-europe","17":"tag-fil-info","18":"tag-fr","19":"tag-france","20":"tag-grand-est","21":"tag-news","22":"tag-politique","23":"tag-republique-francaise","24":"tag-strasbourg","25":"tag-strasbourg-ville"},"share_on_mastodon":{"url":"https:\/\/pubeurope.com\/@fr\/115683864403670775","error":""},"_links":{"self":[{"href":"https:\/\/www.europesays.com\/fr\/wp-json\/wp\/v2\/posts\/586279","targetHints":{"allow":["GET"]}}],"collection":[{"href":"https:\/\/www.europesays.com\/fr\/wp-json\/wp\/v2\/posts"}],"about":[{"href":"https:\/\/www.europesays.com\/fr\/wp-json\/wp\/v2\/types\/post"}],"author":[{"embeddable":true,"href":"https:\/\/www.europesays.com\/fr\/wp-json\/wp\/v2\/users\/2"}],"replies":[{"embeddable":true,"href":"https:\/\/www.europesays.com\/fr\/wp-json\/wp\/v2\/comments?post=586279"}],"version-history":[{"count":0,"href":"https:\/\/www.europesays.com\/fr\/wp-json\/wp\/v2\/posts\/586279\/revisions"}],"wp:featuredmedia":[{"embeddable":true,"href":"https:\/\/www.europesays.com\/fr\/wp-json\/wp\/v2\/media\/586280"}],"wp:attachment":[{"href":"https:\/\/www.europesays.com\/fr\/wp-json\/wp\/v2\/media?parent=586279"}],"wp:term":[{"taxonomy":"category","embeddable":true,"href":"https:\/\/www.europesays.com\/fr\/wp-json\/wp\/v2\/categories?post=586279"},{"taxonomy":"post_tag","embeddable":true,"href":"https:\/\/www.europesays.com\/fr\/wp-json\/wp\/v2\/tags?post=586279"}],"curies":[{"name":"wp","href":"https:\/\/api.w.org\/{rel}","templated":true}]}}