{"id":586295,"date":"2025-12-08T12:17:21","date_gmt":"2025-12-08T12:17:21","guid":{"rendered":"https:\/\/www.europesays.com\/fr\/586295\/"},"modified":"2025-12-08T12:17:21","modified_gmt":"2025-12-08T12:17:21","slug":"larriere-du-camion-a-ete-demoli-une-equipe-dintervention-de-vinci-violemment-percutee-au-nord-de-toulouse","status":"publish","type":"post","link":"https:\/\/www.europesays.com\/fr\/586295\/","title":{"rendered":"L\u2019arri\u00e8re du camion a \u00e9t\u00e9 d\u00e9moli\u00a0: une \u00e9quipe d\u2019intervention de Vinci violemment percut\u00e9e au nord de Toulouse"},"content":{"rendered":"<p>\n                                                                    l&rsquo;essentiel<br \/>\n                                                                Les accidents sur les autoroutes toulousaines se multiplient. Ce matin, un taxi a percut\u00e9 un camion de Vinci, heureusement sans faire de bless\u00e9s. Depuis janvier, 43 collisions ont \u00e9t\u00e9 recens\u00e9es. Vinci appelle \u00e0 la vigilance.\n                            <\/p>\n<p>Les \u00e9quipes d\u2019intervention de Vinci terminaient de ramasser des plots de signalisation, ce matin sur l\u2019\u00e9changeur de Sesqui\u00e8res entre l\u2019A620 et l\u2019axe autoroutier Toulouse-Narbonne quand elles ont \u00e9t\u00e9 percut\u00e9es. Un chauffeur de taxi, visiblement peu attentif, n\u2019a pas vu le camion malgr\u00e9 ses imposantes lumi\u00e8res clignotantes et a heurt\u00e9 l\u2019arri\u00e8re du v\u00e9hicule malgr\u00e9 un freinage d\u2019urgence.<\/p>\n<p>Un choc violent mais pas de bless\u00e9 dans la camionnette, ni dans le taxi. L\u2019op\u00e9rateur de Vinci a simplement \u00e9t\u00e9 \u00ab\u00a0choqu\u00e9\u00a0\u00bb par cette collision. L\u2019accident s\u2019est produit \u00e0 9\u00a0h\u00a030 et a bien s\u00fbr provoqu\u00e9 d\u2019importants ralentissements au nord du p\u00e9riph\u00e9rique toulousain.<\/p>\n<p>D\u00e9j\u00e0 43 accidents depuis janvier<\/p>\n<p>\u00ab\u00a0C\u2019est la 43e collision depuis le d\u00e9but de l\u2019ann\u00e9e 2025\u00a0\u00bb, constate, amer, Vinci Autoroutes qui en profite pour poser la question\u00a0: \u00ab\u00a0Quand allez-vous percuter\u00a0?\u00a0\u00bb Un slogan relay\u00e9 sur les autoroutes pour attirer l\u2019attention des conducteurs et essayer de prot\u00e9ger les \u00e9quipes d\u2019intervention qui risquent leur vie \u00e0 chaque op\u00e9ration.<\/p>\n<p class=\"std-elt__inline\">\n        <strong>\u00c0 lire aussi :<\/strong><br \/>\n        <a href=\"https:\/\/www.ladepeche.fr\/2025\/09\/19\/deux-fourgons-dintervention-de-vinci-autoroutes-percutes-dans-la-nuit-sur-la64-a-toulouse-et-la61-dans-laude-12940023.php\" target=\"_blank\" rel=\"noopener\">Deux fourgons d\u2019intervention de Vinci Autoroutes percut\u00e9s dans la nuit sur l\u2019A64 \u00e0 Toulouse et l\u2019A61 dans l\u2019Aude<\/a>\n    <\/p>\n<p>\u00ab\u00a0Au quotidien, ces hommes et ces femmes assurent la s\u00e9curit\u00e9 de chacun sur les autoroutes. Eux aussi ont droit \u00e0 leur s\u00e9curit\u00e9\u00a0!\u00a0\u00bb, souligne Vinci Autoroutes.<\/p>\n","protected":false},"excerpt":{"rendered":"l&rsquo;essentiel Les accidents sur les autoroutes toulousaines se multiplient. Ce matin, un taxi a percut\u00e9 un camion de&hellip;\n","protected":false},"author":2,"featured_media":586296,"comment_status":"","ping_status":"","sticky":false,"template":"","format":"standard","meta":{"footnotes":""},"categories":[2816],"tags":[3085,1111,11,1777,674,118,1011,27,2722,12,2680,25,2312],"class_list":{"0":"post-586295","1":"post","2":"type-post","3":"status-publish","4":"format-standard","5":"has-post-thumbnail","7":"category-toulouse","8":"tag-accidents","9":"tag-actu","10":"tag-actualites","11":"tag-eu","12":"tag-europe","13":"tag-faits-divers","14":"tag-fr","15":"tag-france","16":"tag-haute-garonne","17":"tag-news","18":"tag-occitanie","19":"tag-republique-francaise","20":"tag-toulouse"},"share_on_mastodon":{"url":"https:\/\/pubeurope.com\/@fr\/115683907701205584","error":""},"_links":{"self":[{"href":"https:\/\/www.europesays.com\/fr\/wp-json\/wp\/v2\/posts\/586295","targetHints":{"allow":["GET"]}}],"collection":[{"href":"https:\/\/www.europesays.com\/fr\/wp-json\/wp\/v2\/posts"}],"about":[{"href":"https:\/\/www.europesays.com\/fr\/wp-json\/wp\/v2\/types\/post"}],"author":[{"embeddable":true,"href":"https:\/\/www.europesays.com\/fr\/wp-json\/wp\/v2\/users\/2"}],"replies":[{"embeddable":true,"href":"https:\/\/www.europesays.com\/fr\/wp-json\/wp\/v2\/comments?post=586295"}],"version-history":[{"count":0,"href":"https:\/\/www.europesays.com\/fr\/wp-json\/wp\/v2\/posts\/586295\/revisions"}],"wp:featuredmedia":[{"embeddable":true,"href":"https:\/\/www.europesays.com\/fr\/wp-json\/wp\/v2\/media\/586296"}],"wp:attachment":[{"href":"https:\/\/www.europesays.com\/fr\/wp-json\/wp\/v2\/media?parent=586295"}],"wp:term":[{"taxonomy":"category","embeddable":true,"href":"https:\/\/www.europesays.com\/fr\/wp-json\/wp\/v2\/categories?post=586295"},{"taxonomy":"post_tag","embeddable":true,"href":"https:\/\/www.europesays.com\/fr\/wp-json\/wp\/v2\/tags?post=586295"}],"curies":[{"name":"wp","href":"https:\/\/api.w.org\/{rel}","templated":true}]}}