{"id":586305,"date":"2025-12-08T12:22:11","date_gmt":"2025-12-08T12:22:11","guid":{"rendered":"https:\/\/www.europesays.com\/fr\/586305\/"},"modified":"2025-12-08T12:22:11","modified_gmt":"2025-12-08T12:22:11","slug":"une-soiree-dexcellence-a-marseille-pour-celebrer-les-100-ans-de-la-chambre-de-metiers-regionale","status":"publish","type":"post","link":"https:\/\/www.europesays.com\/fr\/586305\/","title":{"rendered":"une soir\u00e9e d&rsquo;excellence \u00e0 Marseille pour c\u00e9l\u00e9brer les 100 ans de la Chambre de m\u00e9tiers r\u00e9gionale"},"content":{"rendered":"<p>La soir\u00e9e de l&rsquo;excellence artisanale organis\u00e9e par la <a href=\"https:\/\/www.laprovence.com\/article\/economie\/8512978397003714\/la-chambre-de-metiers-et-de-l-artisanat-provence-alpes-cote-d-azur-signe-un-partenariat-avec-google\" target=\"_blank\" rel=\"noopener\">Chambre de M\u00e9tiers et de l&rsquo;Artisanat<\/a> (CMA) vient de se tenir pour marquer les 100 ans de la structure. Devant 200 invit\u00e9s, cette c\u00e9l\u00e9bration a honor\u00e9 celles et ceux qui incarnent l&rsquo;excellence, la transmission et l&rsquo;innovation, piliers de l&rsquo;artisanat r\u00e9gional. Sur sc\u00e8ne, <a href=\"https:\/\/www.laprovence.com\/article\/economie\/1178567174648514\/manque-de-visibilite-absence-de-gouvernement-vent-dinquietude-sur-lartisanat-local-en-paca\" target=\"_blank\" rel=\"noopener\">Yannick Mazette<\/a>, pr\u00e9sident de la CMA Provence-Alpes-C\u00f4te d&rsquo;Azur, a rappel\u00e9 la force collective du secteur :<\/p>\n<p>\u00ab\u00a0Je vous remercie d&rsquo;\u00eatre si nombreux, t\u00e9moins de l&rsquo;attractivit\u00e9 et de la vitalit\u00e9 de notre r\u00e9gion. Le sens de notre rassemblement est double : c\u00e9l\u00e9brer le centenaire de nos Chambres et mettre \u00e0 l&rsquo;honneur l&rsquo;excellence d&rsquo;aujourd&rsquo;hui et de demain.\u00a0\u00bb Il a soulign\u00e9 un artisanat solide, \u00ab\u00a0premi\u00e8re entreprise de France, deuxi\u00e8me en Paca \u00ab\u00a0, d\u00e9fendant l&rsquo;id\u00e9e que ce secteur \u00ab\u00a0ne se d\u00e9localise pas\u00a0\u00bb et reste un acteur majeur des transitions \u00e9cologique et num\u00e9rique.<\/p>\n<p>Neuf prix ont \u00e9t\u00e9 d\u00e9cern\u00e9s dans trois cat\u00e9gories\u00a0<\/p>\n<p>\u00c0 ses c\u00f4t\u00e9s, Renaud Muselier, le pr\u00e9sident de la R\u00e9gion, a rendu hommage \u00e0 \u00ab\u00a0ceux qui fa\u00e7onnent nos vies\u00a0\u00bb. Il a rappel\u00e9 la puissance du tissu artisanal r\u00e9gional : <a href=\"https:\/\/www.laprovence.com\/article\/economie\/12713005031002\/les-trophees-de-leconomie-2025-quand-la-provence-recompense-l-audace\" target=\"_blank\" rel=\"noopener\">253 000 entreprises<\/a>, soit une sur deux en r\u00e9gion, 171 000 salari\u00e9s et 10 milliards d&rsquo;euros g\u00e9n\u00e9r\u00e9s, repr\u00e9sentant 5 % du PIB. \u00ab\u00a0On aime encourager ceux qui entreprennent et s&rsquo;adaptent, a-t-il insist\u00e9. Nous sommes des organisateurs d&rsquo;\u00e9cosyst\u00e8mes : laisser faire ceux qui savent, accompagner, soutenir.\u00a0\u00bb La R\u00e9gion revendique ainsi 28 000 entreprises aid\u00e9es pour 47 millions d&rsquo;euros.<\/p>\n<p>Le prix \u00ab\u00a0Madame apprentie\u00a0\u00bb a \u00e9t\u00e9 remis \u00e0 Lisa Jandet (M\u00e9canique Automobile, Bac Pro MV), Ileana Viotti (P\u00e2tisserie-Chocolaterie, BTM P\u00e2tissier) et Manon Gallois (Service et Art de la Table, BP Arts de la Table). Ces trois apprenties incarnent la rel\u00e8ve d&rsquo;un artisanat en pleine mutation, alliant rigueur technique, cr\u00e9ativit\u00e9 et excellence des gestes. Le prix \u00ab\u00a0Madame artisanat\u00a0\u00bb a \u00e9t\u00e9 remis \u00e0 trois laur\u00e9ates : Aliz\u00e9e Pignard (Fabrication de cosm\u00e9tiques \u2013 Savon), Marina Angelina (Peintre en b\u00e2timent), S\u00e9verine Gamba (Esth\u00e9tique, Meilleur Ouvrier de France). Des parcours inspirants, marqu\u00e9s par l&rsquo;audace entrepreneuriale et l&rsquo;exigence d&rsquo;un savoir-faire ma\u00eetris\u00e9. Enfin, le prix \u00ab\u00a0ma ville mon artisan\u00a0\u00bb a \u00e9t\u00e9 remis aux communes de Monteux (Vaucluse), Le Cannet-des-Maures (Var), Embrun (Hautes-Alpes). Ces communes sont distingu\u00e9es pour leur engagement actif en faveur de l&rsquo;artisanat local, v\u00e9ritable tissu vivant de leurs centres-bourgs.\u00a0<\/p>\n","protected":false},"excerpt":{"rendered":"La soir\u00e9e de l&rsquo;excellence artisanale organis\u00e9e par la Chambre de M\u00e9tiers et de l&rsquo;Artisanat (CMA) vient de se&hellip;\n","protected":false},"author":2,"featured_media":586306,"comment_status":"","ping_status":"","sticky":false,"template":"","format":"standard","meta":{"footnotes":""},"categories":[2814],"tags":[17,1111,11,1477,4413,69969,33,1777,674,1011,27,884,12,471,882,25,953,96],"class_list":{"0":"post-586305","1":"post","2":"type-post","3":"status-publish","4":"format-standard","5":"has-post-thumbnail","7":"category-marseille","8":"tag-17","9":"tag-actu","10":"tag-actualites","11":"tag-artisanat","12":"tag-celebrer","13":"tag-dexcellence","14":"tag-economie","15":"tag-eu","16":"tag-europe","17":"tag-fr","18":"tag-france","19":"tag-marseille","20":"tag-news","21":"tag-pour","22":"tag-provence-alpes-cote-dazur","23":"tag-republique-francaise","24":"tag-soiree","25":"tag-une"},"share_on_mastodon":{"url":"https:\/\/pubeurope.com\/@fr\/115683927385189459","error":""},"_links":{"self":[{"href":"https:\/\/www.europesays.com\/fr\/wp-json\/wp\/v2\/posts\/586305","targetHints":{"allow":["GET"]}}],"collection":[{"href":"https:\/\/www.europesays.com\/fr\/wp-json\/wp\/v2\/posts"}],"about":[{"href":"https:\/\/www.europesays.com\/fr\/wp-json\/wp\/v2\/types\/post"}],"author":[{"embeddable":true,"href":"https:\/\/www.europesays.com\/fr\/wp-json\/wp\/v2\/users\/2"}],"replies":[{"embeddable":true,"href":"https:\/\/www.europesays.com\/fr\/wp-json\/wp\/v2\/comments?post=586305"}],"version-history":[{"count":0,"href":"https:\/\/www.europesays.com\/fr\/wp-json\/wp\/v2\/posts\/586305\/revisions"}],"wp:featuredmedia":[{"embeddable":true,"href":"https:\/\/www.europesays.com\/fr\/wp-json\/wp\/v2\/media\/586306"}],"wp:attachment":[{"href":"https:\/\/www.europesays.com\/fr\/wp-json\/wp\/v2\/media?parent=586305"}],"wp:term":[{"taxonomy":"category","embeddable":true,"href":"https:\/\/www.europesays.com\/fr\/wp-json\/wp\/v2\/categories?post=586305"},{"taxonomy":"post_tag","embeddable":true,"href":"https:\/\/www.europesays.com\/fr\/wp-json\/wp\/v2\/tags?post=586305"}],"curies":[{"name":"wp","href":"https:\/\/api.w.org\/{rel}","templated":true}]}}