{"id":586321,"date":"2025-12-08T12:31:17","date_gmt":"2025-12-08T12:31:17","guid":{"rendered":"https:\/\/www.europesays.com\/fr\/586321\/"},"modified":"2025-12-08T12:31:17","modified_gmt":"2025-12-08T12:31:17","slug":"la-russie-interdit-le-plus-ancien-mouvement-mondial-de-defense-des-droits-humains","status":"publish","type":"post","link":"https:\/\/www.europesays.com\/fr\/586321\/","title":{"rendered":"La Russie interdit le plus ancien mouvement mondial de d\u00e9fense des droits humains"},"content":{"rendered":"<p>La F\u00e9d\u00e9ration internationale pour les droits humains (FIDH), l\u2019un des plus anciens mouvements de d\u00e9fense des droits humains au monde, comprenant 196 organisations de la soci\u00e9t\u00e9 civile, a \u00e9t\u00e9 d\u00e9clar\u00e9e \u00ab\u00a0ind\u00e9sirable\u00a0\u00bb par la F\u00e9d\u00e9ration de Russie. Les organisations membres de la FIDH soussign\u00e9es condamnent fermement cette d\u00e9signation, qui interdit \u00e0 la FIDH d\u2019entreprendre toute activit\u00e9 en Russie et criminalise toute coop\u00e9ration avec la F\u00e9d\u00e9ration par un ressortissant ou une organisation russe.<\/p>\n<p><strong>Paris, le 3 d\u00e9cembre 2025.<\/strong> La d\u00e9signation a \u00e9t\u00e9 faite par le Procureur g\u00e9n\u00e9ral de Russie le 13 novembre, et le 1er d\u00e9cembre, le minist\u00e8re de la Justice russe a inclus la FIDH dans son registre des \u00ab\u00a0organisations ind\u00e9sirables\u00a0\u00bb, qui contient actuellement 281 entit\u00e9s.<\/p>\n<p>\u00ab\u00a0Cette d\u00e9cision ignoble ne fait pas que menacer et mettre en danger davantage nos membres russes, nos partenaires, leur personnel et les citoyens russes ordinaires qui soutiennent notre travail en faveur des droits humains. Elle envoie \u00e9galement un message clair que la Russie n\u2019est pas l\u2019amie du mouvement mondial des droits humains\u00a0\u00bb, a d\u00e9clar\u00e9 <strong>Alexis Deswaef, Pr\u00e9sident de la FIDH<\/strong>. \u00ab\u00a0Cette d\u00e9signation de la FIDH comme \u2018organisation ind\u00e9sirable\u2019 d\u00e9montre l\u2019importance de notre engagement \u00e0 soutenir ceux qui d\u00e9fendent les droits humains, que ce soit en Russie ou en exil. La FIDH continuera \u00e0 poursuivre cet engagement plus que jamais.\u00a0\u00bb<\/p>\n<p>\u00ab\u00a0Nous ne sommes pas surpris par cette d\u00e9signation\u00a0\u00bb, a fait remarquer <strong>Ilya Nuzov, Responsable du Bureau Europe de l\u2019Est et Asie Centrale de la FIDH<\/strong>. \u00ab\u00a0La FIDH a d\u00e9nonc\u00e9 \u00e0 plusieurs reprises la Russie, qui a rassembl\u00e9 et appliqu\u00e9 un arsenal de mesures r\u00e9pressives qui ont \u00e9t\u00e9 progressivement utilis\u00e9es pour d\u00e9truire sa vibrante soci\u00e9t\u00e9 civile, notamment en restreignant sa capacit\u00e9 \u00e0 coop\u00e9rer avec des partenaires internationaux. En fin de compte, ce sont les Russes ordinaires qui restent d\u00e9sormais sans aucune protection contre les abus et les exc\u00e8s du gouvernement.\u00a0\u00bb<\/p>\n<p>Fond\u00e9e en 1922, la FIDH a men\u00e9 des activit\u00e9s en faveur des droits humains en Russie avec ses membres locaux depuis les ann\u00e9es 1990. Bien que les raisons de la d\u00e9signation ne soient pas sp\u00e9cifi\u00e9es, la FIDH a \u00e9t\u00e9 particuli\u00e8rement critique de l\u2019impunit\u00e9 syst\u00e9mique pour les violations graves des droits humains et du droit international humanitaire que la Russie a commises tant au niveau national qu\u2019\u00e0 l\u2019\u00e9tranger, y compris en Tch\u00e9tch\u00e9nie, en G\u00e9orgie et en Ukraine. Elle a suivi et constamment contest\u00e9 la r\u00e9pression russe des libert\u00e9s d\u2019expression, de r\u00e9union et d\u2019association et la pers\u00e9cution discriminatoire des groupes vuln\u00e9rables, tels que les femmes et les minorit\u00e9s.<\/p>\n<p>En vertu de la loi sur les \u00ab\u00a0organisations ind\u00e9sirables\u00a0\u00bb, adopt\u00e9e en 2015 et renforc\u00e9e en 2021 et 2024, le Bureau du Procureur g\u00e9n\u00e9ral a le pouvoir de d\u00e9clarer \u00ab\u00a0ind\u00e9sirable\u00a0\u00bb toute organisation \u00e9trang\u00e8re ou internationale jug\u00e9e \u00ab\u00a0une menace pour les fondements de l\u2019ordre constitutionnel de la F\u00e9d\u00e9ration de Russie, la capacit\u00e9 de d\u00e9fense du pays ou la s\u00e9curit\u00e9 de l\u2019\u00c9tat\u00a0\u00bb.<\/p>\n<p>Concr\u00e8tement, les \u00ab\u00a0organisations ind\u00e9sirables\u00a0\u00bb sont interdites de s\u2019engager dans toute activit\u00e9 \u00e0 l\u2019int\u00e9rieur de la Russie, y compris la publication ou la diffusion de toute information, la r\u00e9alisation de transactions financi\u00e8res, et la fourniture d\u2019une assistance financi\u00e8re ou autre aux organisations et individus locaux. La \u00ab\u00a0participation aux activit\u00e9s\u00a0\u00bb d\u2019une \u00ab\u00a0organisation ind\u00e9sirable\u00a0\u00bb est passible de responsabilit\u00e9 administrative et p\u00e9nale, y compris jusqu\u2019\u00e0 quatre ans d\u2019emprisonnement. Tout\u00b7e citoyen\u00b7ne ou organisation russe coop\u00e9rant avec une \u00ab\u00a0organisation ind\u00e9sirable\u00a0\u00bb, m\u00eame r\u00e9sidant\u00b7e hors de Russie, est passible de sanctions administratives et, dans le cas des individus, de responsabilit\u00e9 p\u00e9nale. Dans la pratique, le libell\u00e9 vague de la loi a conduit \u00e0 la punition d\u2019individus simplement pour avoir repartag\u00e9 des informations diffus\u00e9es par une \u00ab\u00a0organisation ind\u00e9sirable\u00a0\u00bb sur les r\u00e9seaux sociaux, m\u00eame si les publications originales \u00e9taient ant\u00e9rieures \u00e0 la d\u00e9signation de l\u2019organisation comme \u00ab\u00a0ind\u00e9sirable\u00a0\u00bb.<\/p>\n","protected":false},"excerpt":{"rendered":"La F\u00e9d\u00e9ration internationale pour les droits humains (FIDH), l\u2019un des plus anciens mouvements de d\u00e9fense des droits humains&hellip;\n","protected":false},"author":2,"featured_media":586322,"comment_status":"","ping_status":"","sticky":false,"template":"","format":"standard","meta":{"footnotes":""},"categories":[1591],"tags":[11,1887,12,1885,1886,132],"class_list":{"0":"post-586321","1":"post","2":"type-post","3":"status-publish","4":"format-standard","5":"has-post-thumbnail","7":"category-russie","8":"tag-actualites","9":"tag-federation-de-russie","10":"tag-news","11":"tag-russia","12":"tag-russian-federation","13":"tag-russie"},"share_on_mastodon":{"url":"https:\/\/pubeurope.com\/@fr\/115683962761987966","error":""},"_links":{"self":[{"href":"https:\/\/www.europesays.com\/fr\/wp-json\/wp\/v2\/posts\/586321","targetHints":{"allow":["GET"]}}],"collection":[{"href":"https:\/\/www.europesays.com\/fr\/wp-json\/wp\/v2\/posts"}],"about":[{"href":"https:\/\/www.europesays.com\/fr\/wp-json\/wp\/v2\/types\/post"}],"author":[{"embeddable":true,"href":"https:\/\/www.europesays.com\/fr\/wp-json\/wp\/v2\/users\/2"}],"replies":[{"embeddable":true,"href":"https:\/\/www.europesays.com\/fr\/wp-json\/wp\/v2\/comments?post=586321"}],"version-history":[{"count":0,"href":"https:\/\/www.europesays.com\/fr\/wp-json\/wp\/v2\/posts\/586321\/revisions"}],"wp:featuredmedia":[{"embeddable":true,"href":"https:\/\/www.europesays.com\/fr\/wp-json\/wp\/v2\/media\/586322"}],"wp:attachment":[{"href":"https:\/\/www.europesays.com\/fr\/wp-json\/wp\/v2\/media?parent=586321"}],"wp:term":[{"taxonomy":"category","embeddable":true,"href":"https:\/\/www.europesays.com\/fr\/wp-json\/wp\/v2\/categories?post=586321"},{"taxonomy":"post_tag","embeddable":true,"href":"https:\/\/www.europesays.com\/fr\/wp-json\/wp\/v2\/tags?post=586321"}],"curies":[{"name":"wp","href":"https:\/\/api.w.org\/{rel}","templated":true}]}}