{"id":586329,"date":"2025-12-08T12:35:14","date_gmt":"2025-12-08T12:35:14","guid":{"rendered":"https:\/\/www.europesays.com\/fr\/586329\/"},"modified":"2025-12-08T12:35:14","modified_gmt":"2025-12-08T12:35:14","slug":"ghrieb-marque-et-se-fait-une-frayeur-video","status":"publish","type":"post","link":"https:\/\/www.europesays.com\/fr\/586329\/","title":{"rendered":"Ghrieb marque et se fait une frayeur ! (vid\u00e9o)"},"content":{"rendered":"<p><strong\/><\/p>\n<p><strong>Ghrieb a marqu\u00e9 hier face au Hertha au stade olympique<br \/>\nde Berlin, avant de disparaitre lors de sa<br \/>\nc\u00e9lebration.<\/strong><\/p>\n<p>Rempla\u00e7ant lors du coup d&rsquo;envoie de la 15e journ\u00e9e de Bundesliga<br \/>\n2, avant de faire son <strong>entr\u00e9e en jeu \u00e0 la 71e<br \/>\nminute<\/strong> alors que le score \u00e9tait de 0-0.<\/p>\n<p>Magdeburg a ouvert le score \u00e0 la 74e minute par Nollenberger,<br \/>\navant que <strong>l\u00a0\u00bbAlg\u00e9rien ne marque son 5e but de la saison,<br \/>\nd&rsquo;une belle frappe crois\u00e9e au bout des arr\u00eats de jeu \u00e0 la<br \/>\n90e+10&prime;.<\/strong><\/p>\n<p>En voulant f\u00eater son but, <strong>Ghrieb a saut\u00e9 une<br \/>\nbarri\u00e8re<\/strong> pour s&rsquo;approcher de ses supporters <strong>mais<br \/>\nil est tomb\u00e9 dans foss\u00e9<\/strong>. Ce f\u00fbt finalement sans gravit\u00e9<br \/>\nmais il a tout de m\u00eame re\u00e7u un carton jaune&#8230;<\/p>\n<blockquote class=\"twitter-tweet\"><p><a class=\"twitter-link\" rel=\"noindex, nofollow noopener\" href=\"https:\/\/twitter.com\/almanydnfutbol\/status\/1997737566477681126\" target=\"_blank\"><\/p><\/blockquote>\n<p style=\"text-align: right;\">DZfoot<\/p>\n<p><script async src=\"https:\/\/platform.twitter.com\/widgets.js\" charset=\"utf-8\"><\/script><\/p>\n","protected":false},"excerpt":{"rendered":"Ghrieb a marqu\u00e9 hier face au Hertha au stade olympique de Berlin, avant de disparaitre lors de sa&hellip;\n","protected":false},"author":2,"featured_media":586330,"comment_status":"","ping_status":"","sticky":false,"template":"","format":"standard","meta":{"footnotes":""},"categories":[1587],"tags":[11,672,1804,1805,1803,1777,674,1801,12,1802],"class_list":{"0":"post-586329","1":"post","2":"type-post","3":"status-publish","4":"format-standard","5":"has-post-thumbnail","7":"category-allemagne","8":"tag-actualites","9":"tag-allemagne","10":"tag-bundesrepublik-deutschland","11":"tag-de","12":"tag-deutschland","13":"tag-eu","14":"tag-europe","15":"tag-germany","16":"tag-news","17":"tag-republique-federale-dallemagne"},"share_on_mastodon":{"url":"https:\/\/pubeurope.com\/@fr\/115683978712435338","error":""},"_links":{"self":[{"href":"https:\/\/www.europesays.com\/fr\/wp-json\/wp\/v2\/posts\/586329","targetHints":{"allow":["GET"]}}],"collection":[{"href":"https:\/\/www.europesays.com\/fr\/wp-json\/wp\/v2\/posts"}],"about":[{"href":"https:\/\/www.europesays.com\/fr\/wp-json\/wp\/v2\/types\/post"}],"author":[{"embeddable":true,"href":"https:\/\/www.europesays.com\/fr\/wp-json\/wp\/v2\/users\/2"}],"replies":[{"embeddable":true,"href":"https:\/\/www.europesays.com\/fr\/wp-json\/wp\/v2\/comments?post=586329"}],"version-history":[{"count":0,"href":"https:\/\/www.europesays.com\/fr\/wp-json\/wp\/v2\/posts\/586329\/revisions"}],"wp:featuredmedia":[{"embeddable":true,"href":"https:\/\/www.europesays.com\/fr\/wp-json\/wp\/v2\/media\/586330"}],"wp:attachment":[{"href":"https:\/\/www.europesays.com\/fr\/wp-json\/wp\/v2\/media?parent=586329"}],"wp:term":[{"taxonomy":"category","embeddable":true,"href":"https:\/\/www.europesays.com\/fr\/wp-json\/wp\/v2\/categories?post=586329"},{"taxonomy":"post_tag","embeddable":true,"href":"https:\/\/www.europesays.com\/fr\/wp-json\/wp\/v2\/tags?post=586329"}],"curies":[{"name":"wp","href":"https:\/\/api.w.org\/{rel}","templated":true}]}}