{"id":586333,"date":"2025-12-08T12:37:13","date_gmt":"2025-12-08T12:37:13","guid":{"rendered":"https:\/\/www.europesays.com\/fr\/586333\/"},"modified":"2025-12-08T12:37:13","modified_gmt":"2025-12-08T12:37:13","slug":"la-commission-europeenne-denonce-des-declarations-completement-folles","status":"publish","type":"post","link":"https:\/\/www.europesays.com\/fr\/586333\/","title":{"rendered":"la Commission europ\u00e9enne d\u00e9nonce des \u00ab\u00a0d\u00e9clarations compl\u00e8tement folles\u00a0\u00bb"},"content":{"rendered":"\n<p class=\"article__paragraph  \">\u00ab\u00a0Cela fait partie de la libert\u00e9 d\u2019expression que nous ch\u00e9rissons dans l\u2019Union europ\u00e9enne [UE], et qui permet les d\u00e9clarations les plus folles\u00a0\u00bb, a d\u00e9clar\u00e9 la porte-parole de la Commission europ\u00e9enne, Paula Pinho, lundi 8\u00a0d\u00e9cembre, en r\u00e9ponse aux attaques d\u2019Elon Musk, patron de xAI, maison m\u00e8re de X, qui estimait que <a href=\"https:\/\/www.lemonde.fr\/international\/article\/2025\/12\/06\/elon-musk-appelle-a-abolir-l-union-europeenne-apres-l-amende-de-120-millions-d-euros-infligee-au-reseau-x_6656295_3210.html\" target=\"_blank\" rel=\"noopener\">l\u2019Union europ\u00e9enne devait \u00eatre \u00ab\u00a0abolie\u00a0\u00bb<\/a> apr\u00e8s l\u2019amende de 120\u00a0millions d\u2019euros inflig\u00e9e, vendredi, au r\u00e9seau social en application du r\u00e8glement sur les services num\u00e9riques, le Digital Service Act.<\/p>\n<p class=\"article__paragraph  \">\u00ab\u00a0L\u2019UE a inflig\u00e9 cette amende d\u00e9raisonnable non seulement \u00e0 X, mais aussi \u00e0 moi personnellement, avait accus\u00e9 M. Musk sur X. J\u2019aime l\u2019Europe, mais pas le monstre bureaucratique qu\u2019est l\u2019UE.\u00a0\u00bb \u00ab\u00a0Les commissaires \u201cwoke\u201d de la Stasi [police politique de l\u2019ex-Allemagne de l\u2019Est] de l\u2019UE sont sur le point de comprendre toute la signification de l\u2019effet Streisand\u00a0\u00bb, avait-il rench\u00e9ri, en r\u00e9f\u00e9rence \u00e0 ce ph\u00e9nom\u00e8ne qui veut qu\u2019une information devienne de plus en plus visible \u00e0 mesure qu\u2019on tente de la censurer. Jusqu\u2019\u00e0 r\u00e9pondre \u00ab\u00a0c\u2019est \u00e0 peu pr\u00e8s \u00e7a\u00a0\u00bb au message d\u2019une utilisatrice comparant l\u2019UE \u00e0 l\u2019Allemagne nazie et la qualifiant de \u00ab\u00a04e\u00a0Reich\u00a0\u00bb.<\/p>\n<p>                                              Lire aussi |  Article r\u00e9serv\u00e9 \u00e0 nos abonn\u00e9s  <a href=\"https:\/\/www.lemonde.fr\/economie\/article\/2025\/10\/23\/elon-musk-la-vie-apres-washington-de-tesla-aux-robots-en-passant-par-les-tunnels_6648943_3234.html\" class=\"js-article-read-also catcher--favoris__link\" data-premium=\"1\" id=\"article-title-3442185\" target=\"_blank\" rel=\"noopener\">Elon Musk, la vie apr\u00e8s Washington, de Tesla aux robots, en passant par les tunnels<\/a>    <\/p>\n<p>   Lire plus tard  <\/p>\n<p class=\"article__paragraph  \">En juillet\u00a02024, l\u2019UE avait notifi\u00e9 \u00e0 X ses griefs, qui portaient, entre autres, sur l\u2019utilisation des coches bleues, modifi\u00e9e apr\u00e8s le rachat de Twitter par un groupe d\u2019investisseurs men\u00e9s par Elon Musk, en octobre\u00a02022. L\u2019attribution de ce macaron bleu, accol\u00e9 au nom du compte, survenait jusqu\u2019ici au terme d\u2019un processus de v\u00e9rification et avait \u00e9t\u00e9 con\u00e7ue par les fondateurs de Twitter comme un gage de cr\u00e9dibilit\u00e9. Mais apr\u00e8s la prise de contr\u00f4le, les \u00e9quipes d\u2019Elon Musk ont accord\u00e9 ces badges aux utilisateurs payants sans distinction, au risque de brouiller la perception des utilisateurs.<\/p>\n<p class=\"article__paragraph  \">La Commission europ\u00e9enne reprochait aussi \u00e0 X de ne pas communiquer suffisamment d\u2019informations relatives \u00e0 ses publicit\u00e9s, notamment l\u2019identit\u00e9 de l\u2019annonceur. Autre infraction au r\u00e8glement europ\u00e9en, l\u2019impossibilit\u00e9 pour des chercheurs agr\u00e9\u00e9s d\u2019acc\u00e9der aux donn\u00e9es internes de la plateforme.<\/p>\n<p>                      Vives critiques de la droite am\u00e9ricaine                      <\/p>\n<p class=\"article__paragraph  \">La d\u00e9cision de l\u2019UE a suscit\u00e9 de vives critiques au sein de la droite am\u00e9ricaine, dont est proche Elon Musk. \u00ab\u00a0L\u2019amende inflig\u00e9e par la Commission europ\u00e9enne n\u2019est pas seulement une attaque contre X, c\u2019est une attaque contre toutes les plateformes technologiques am\u00e9ricaines et le peuple am\u00e9ricain par des gouvernements \u00e9trangers\u00a0\u00bb, a ainsi d\u00e9nonc\u00e9 le chef de la diplomatie am\u00e9ricaine, Marco Rubio.<\/p>\n<p class=\"article__paragraph  \">D\u00e8s jeudi 4\u00a0d\u00e9cembre, alors que la rumeur d\u2019une amende courait d\u00e9j\u00e0, le vice-pr\u00e9sident am\u00e9ricain, J. D.\u00a0Vance, avait accus\u00e9 la Commission de sanctionner X \u00ab\u00a0pour n\u2019avoir pas pratiqu\u00e9 la censure\u00a0\u00bb, semblant confondre la d\u00e9cision rendue vendredi avec une autre enqu\u00eate de l\u2019UE sur les contenus ill\u00e9gaux et la d\u00e9sinformation. \u00ab\u00a0L\u2019UE devrait soutenir la libert\u00e9 d\u2019expression plut\u00f4t que d\u2019attaquer des entreprises am\u00e9ricaines pour des idioties\u00a0\u00bb, avait-il \u00e9crit sur X.<\/p>\n<p class=\"article__paragraph  \">Plusieurs repr\u00e9sentants et diplomates europ\u00e9ens avaient, en revanche, pris la parole pour d\u00e9fendre l\u2019Union europ\u00e9enne. \u00ab\u00a0L\u2019internationale r\u00e9actionnaire a beau s\u2019\u00e9poumoner, nous ne nous laisserons pas intimider, avait r\u00e9agi le ministre des affaires \u00e9trang\u00e8res fran\u00e7ais, Jean-No\u00ebl Barrot. Chez nous, la transparence s\u2019impose aux grandes plateformes. La r\u00e8gle est la m\u00eame pour tous. TikTok l\u2019a accept\u00e9e, X l\u2019a refus\u00e9e. La Commission europ\u00e9enne a s\u00e9vi, elle a bien fait. Et ce n\u2019est que le d\u00e9but.\u00a0\u00bb<\/p>\n<p>                                         Lire aussi |  Article r\u00e9serv\u00e9 \u00e0 nos abonn\u00e9s  <a href=\"https:\/\/www.lemonde.fr\/economie\/article\/2025\/12\/05\/la-commission-inflige-une-amende-de-120-millions-d-euros-au-reseau-x_6656113_3234.html\" class=\"js-article-read-also catcher--favoris__link\" data-premium=\"1\" id=\"article-title-3449751\" target=\"_blank\" rel=\"noopener\">La Commission europ\u00e9enne inflige une amende de 120\u00a0millions d\u2019euros au r\u00e9seau X<\/a>    <\/p>\n<p>   Lire plus tard  <\/p>\n<p class=\"author__detail\">  Le Monde avec AFP  <\/p>\n<p>                <a href=\"https:\/\/www.lemonde.fr\/syndication\/\" class=\"reuse__content\" title=\"R\u00e9utiliser ce contenu\" target=\"_blank\" rel=\"noopener\">R\u00e9utiliser ce contenu<\/a>      <\/p>\n","protected":false},"excerpt":{"rendered":"\u00ab\u00a0Cela fait partie de la libert\u00e9 d\u2019expression que nous ch\u00e9rissons dans l\u2019Union europ\u00e9enne [UE], et qui permet les&hellip;\n","protected":false},"author":2,"featured_media":586334,"comment_status":"","ping_status":"","sticky":false,"template":"","format":"standard","meta":{"footnotes":""},"categories":[1586],"tags":[11,1777,674,1779,1011,27,12,25,1778,364],"class_list":{"0":"post-586333","1":"post","2":"type-post","3":"status-publish","4":"format-standard","5":"has-post-thumbnail","7":"category-europe","8":"tag-actualites","9":"tag-eu","10":"tag-europe","11":"tag-european-union","12":"tag-fr","13":"tag-france","14":"tag-news","15":"tag-republique-francaise","16":"tag-ue","17":"tag-union-europeenne"},"share_on_mastodon":{"url":"https:\/\/pubeurope.com\/@fr\/115683986322283905","error":""},"_links":{"self":[{"href":"https:\/\/www.europesays.com\/fr\/wp-json\/wp\/v2\/posts\/586333","targetHints":{"allow":["GET"]}}],"collection":[{"href":"https:\/\/www.europesays.com\/fr\/wp-json\/wp\/v2\/posts"}],"about":[{"href":"https:\/\/www.europesays.com\/fr\/wp-json\/wp\/v2\/types\/post"}],"author":[{"embeddable":true,"href":"https:\/\/www.europesays.com\/fr\/wp-json\/wp\/v2\/users\/2"}],"replies":[{"embeddable":true,"href":"https:\/\/www.europesays.com\/fr\/wp-json\/wp\/v2\/comments?post=586333"}],"version-history":[{"count":0,"href":"https:\/\/www.europesays.com\/fr\/wp-json\/wp\/v2\/posts\/586333\/revisions"}],"wp:featuredmedia":[{"embeddable":true,"href":"https:\/\/www.europesays.com\/fr\/wp-json\/wp\/v2\/media\/586334"}],"wp:attachment":[{"href":"https:\/\/www.europesays.com\/fr\/wp-json\/wp\/v2\/media?parent=586333"}],"wp:term":[{"taxonomy":"category","embeddable":true,"href":"https:\/\/www.europesays.com\/fr\/wp-json\/wp\/v2\/categories?post=586333"},{"taxonomy":"post_tag","embeddable":true,"href":"https:\/\/www.europesays.com\/fr\/wp-json\/wp\/v2\/tags?post=586333"}],"curies":[{"name":"wp","href":"https:\/\/api.w.org\/{rel}","templated":true}]}}