{"id":586335,"date":"2025-12-08T12:38:13","date_gmt":"2025-12-08T12:38:13","guid":{"rendered":"https:\/\/www.europesays.com\/fr\/586335\/"},"modified":"2025-12-08T12:38:13","modified_gmt":"2025-12-08T12:38:13","slug":"un-bebe-decouvert-mort-dans-un-centre-de-tri-des-dechets-a-plouedern-dans-le-finistere","status":"publish","type":"post","link":"https:\/\/www.europesays.com\/fr\/586335\/","title":{"rendered":"Un b\u00e9b\u00e9 d\u00e9couvert mort dans un centre de tri des d\u00e9chets \u00e0 Plou\u00e9dern, dans le Finist\u00e8re"},"content":{"rendered":"<p>Ce lundi 8 d\u00e9cembre 2025, en d\u00e9but de matin\u00e9e, les op\u00e9rateurs du centre de tri de d\u00e9chets <a href=\"https:\/\/www.letelegramme.fr\/finistere\/cest-la-goutte-deau-qui-fait-deborder-le-vase-a-plouedern-triglaz-en-a-ras-le-textile-6860140.php\" title=\"www.letelegramme.fr\" target=\"_blank\" rel=\"noopener\">TriGlaz<\/a>, \u00e0 Plou\u00e9dern (29), ont d\u00e9couvert un nourrisson mort sur le tapis du tri manuel issu des poubelles jaunes.<\/p>\n<p><img decoding=\"async\" src=\"https:\/\/www.europesays.com\/fr\/wp-content\/uploads\/2025\/12\/6936ba3def5ce29346014ce2.1.jpeg\" width=\"480\" height=\"300\" class=\"web_golden_m\" loading=\"lazy\" alt=\"Le corps d\u2019un nourrisson a \u00e9t\u00e9 d\u00e9couvert ce lundi 8\u00a0d\u00e9cembre 2025, au matin, au centre de tri de d\u00e9chets de la collecte s\u00e9lective TriGlaz, \u00e0 Plou\u00e9dern (29). L\u2019identification criminelle est arriv\u00e9e \u00e0 11\u00a0h\u00a055.\"\/>Le corps d\u2019un nourrisson a \u00e9t\u00e9 d\u00e9couvert ce lundi 8\u00a0d\u00e9cembre 2025, au matin, au centre de tri de d\u00e9chets de la collecte s\u00e9lective TriGlaz, \u00e0 Plou\u00e9dern (29). L\u2019identification criminelle est arriv\u00e9e \u00e0 11\u00a0h\u00a055. (Photo Le T\u00e9l\u00e9gramme\/Laurent Aquilo)<\/p>\n<p>L\u2019identification criminelle est arriv\u00e9e sur place, dans cette usine du groupe Sotraval, \u00e0 11 h 55. Deux v\u00e9hicules de gendarmerie \u00e9taient d\u00e9j\u00e0 sur les lieux en milieu de matin\u00e9e.<\/p>\n<p>En provenance du Morbihan ou du pays de Morlaix<\/p>\n<p>La provenance exacte du corps n\u2019est pas encore d\u00e9termin\u00e9e, mais il proviendrait, selon nos informations, du pays de Morlaix ou du Morbihan. La ligne a \u00e9t\u00e9 arr\u00eat\u00e9e depuis cette d\u00e9couverte, et Fabrice Jacob, pr\u00e9sident de la SEML Sotraval, a annonc\u00e9 la mise en place d\u2019une cellule d\u2019\u00e9coute psychologique pour les op\u00e9rateurs, extr\u00eamement choqu\u00e9s.<\/p>\n<p>Pour l\u2019heure, l\u2019\u00e2ge du nourrisson n\u2019a pas \u00e9t\u00e9 d\u00e9termin\u00e9.<\/p>\n","protected":false},"excerpt":{"rendered":"Ce lundi 8 d\u00e9cembre 2025, en d\u00e9but de matin\u00e9e, les op\u00e9rateurs du centre de tri de d\u00e9chets TriGlaz,&hellip;\n","protected":false},"author":2,"featured_media":586336,"comment_status":"","ping_status":"","sticky":false,"template":"","format":"standard","meta":{"footnotes":""},"categories":[2],"tags":[11,3450,829,765,118,3321,1011,27,9815,3729,2131,12,20430,63435,25,69970],"class_list":{"0":"post-586335","1":"post","2":"type-post","3":"status-publish","4":"format-standard","5":"has-post-thumbnail","7":"category-actualites","8":"tag-actualites","9":"tag-brest","10":"tag-bretagne","11":"tag-en-continu","12":"tag-faits-divers","13":"tag-finistere","14":"tag-fr","15":"tag-france","16":"tag-landerneau","17":"tag-morbihan","18":"tag-morlaix","19":"tag-news","20":"tag-plouedern","21":"tag-plouneventer","22":"tag-republique-francaise","23":"tag-saint-divy"},"share_on_mastodon":{"url":"https:\/\/pubeurope.com\/@fr\/115683991892292561","error":""},"_links":{"self":[{"href":"https:\/\/www.europesays.com\/fr\/wp-json\/wp\/v2\/posts\/586335","targetHints":{"allow":["GET"]}}],"collection":[{"href":"https:\/\/www.europesays.com\/fr\/wp-json\/wp\/v2\/posts"}],"about":[{"href":"https:\/\/www.europesays.com\/fr\/wp-json\/wp\/v2\/types\/post"}],"author":[{"embeddable":true,"href":"https:\/\/www.europesays.com\/fr\/wp-json\/wp\/v2\/users\/2"}],"replies":[{"embeddable":true,"href":"https:\/\/www.europesays.com\/fr\/wp-json\/wp\/v2\/comments?post=586335"}],"version-history":[{"count":0,"href":"https:\/\/www.europesays.com\/fr\/wp-json\/wp\/v2\/posts\/586335\/revisions"}],"wp:featuredmedia":[{"embeddable":true,"href":"https:\/\/www.europesays.com\/fr\/wp-json\/wp\/v2\/media\/586336"}],"wp:attachment":[{"href":"https:\/\/www.europesays.com\/fr\/wp-json\/wp\/v2\/media?parent=586335"}],"wp:term":[{"taxonomy":"category","embeddable":true,"href":"https:\/\/www.europesays.com\/fr\/wp-json\/wp\/v2\/categories?post=586335"},{"taxonomy":"post_tag","embeddable":true,"href":"https:\/\/www.europesays.com\/fr\/wp-json\/wp\/v2\/tags?post=586335"}],"curies":[{"name":"wp","href":"https:\/\/api.w.org\/{rel}","templated":true}]}}