{"id":586341,"date":"2025-12-08T12:41:21","date_gmt":"2025-12-08T12:41:21","guid":{"rendered":"https:\/\/www.europesays.com\/fr\/586341\/"},"modified":"2025-12-08T12:41:21","modified_gmt":"2025-12-08T12:41:21","slug":"internationaux-du-portugal-u14-carton-plein-pour-les-bleuets","status":"publish","type":"post","link":"https:\/\/www.europesays.com\/fr\/586341\/","title":{"rendered":"Internationaux du Portugal U14 : Carton plein pour les Bleuets"},"content":{"rendered":"<p>Chez ces jeunes hommes, la question pendant le troisi\u00e8me et dernier tour n\u2019\u00e9tait pas de savoir si un Bleu allait l\u2019emporter, mais bien lequel. Car entre <strong>Gabriel<\/strong> <strong>Beaudet<\/strong> (Eauze) et <strong>Jayson<\/strong> <strong>Piermont<\/strong> (\u00c9sery), la bataille a \u00e9t\u00e9 \u00e2pre. Partis avec trois et deux coups d\u2019avance sur leur comp\u00e8re <strong>Alan<\/strong> <strong>Rode<\/strong> (Saint-Malo), les deux hommes de t\u00eate ont pouss\u00e9 le suspense jusqu\u2019au green du 18 o\u00f9 le Gersois a sign\u00e9 un ultime birdie pour s\u2019imposer d\u2019une courte longueur. Ses cartes de 72 (par), 69 (-3) et 69 (-3) lui ont donc permis d\u2019enregistrer un score vainqueur de 210 (-6), devant le 211 (-5) de Piermont et le 215 (-1) de Rode.<\/p>\n","protected":false},"excerpt":{"rendered":"Chez ces jeunes hommes, la question pendant le troisi\u00e8me et dernier tour n\u2019\u00e9tait pas de savoir si un&hellip;\n","protected":false},"author":2,"featured_media":586342,"comment_status":"","ping_status":"","sticky":false,"template":"","format":"standard","meta":{"footnotes":""},"categories":[1418],"tags":[1011,27,1472,60],"class_list":{"0":"post-586341","1":"post","2":"type-post","3":"status-publish","4":"format-standard","5":"has-post-thumbnail","7":"category-golf","8":"tag-fr","9":"tag-france","10":"tag-golf","11":"tag-sports"},"share_on_mastodon":{"url":"https:\/\/pubeurope.com\/@fr\/115684001923750888","error":""},"_links":{"self":[{"href":"https:\/\/www.europesays.com\/fr\/wp-json\/wp\/v2\/posts\/586341","targetHints":{"allow":["GET"]}}],"collection":[{"href":"https:\/\/www.europesays.com\/fr\/wp-json\/wp\/v2\/posts"}],"about":[{"href":"https:\/\/www.europesays.com\/fr\/wp-json\/wp\/v2\/types\/post"}],"author":[{"embeddable":true,"href":"https:\/\/www.europesays.com\/fr\/wp-json\/wp\/v2\/users\/2"}],"replies":[{"embeddable":true,"href":"https:\/\/www.europesays.com\/fr\/wp-json\/wp\/v2\/comments?post=586341"}],"version-history":[{"count":0,"href":"https:\/\/www.europesays.com\/fr\/wp-json\/wp\/v2\/posts\/586341\/revisions"}],"wp:featuredmedia":[{"embeddable":true,"href":"https:\/\/www.europesays.com\/fr\/wp-json\/wp\/v2\/media\/586342"}],"wp:attachment":[{"href":"https:\/\/www.europesays.com\/fr\/wp-json\/wp\/v2\/media?parent=586341"}],"wp:term":[{"taxonomy":"category","embeddable":true,"href":"https:\/\/www.europesays.com\/fr\/wp-json\/wp\/v2\/categories?post=586341"},{"taxonomy":"post_tag","embeddable":true,"href":"https:\/\/www.europesays.com\/fr\/wp-json\/wp\/v2\/tags?post=586341"}],"curies":[{"name":"wp","href":"https:\/\/api.w.org\/{rel}","templated":true}]}}