{"id":586351,"date":"2025-12-08T12:50:16","date_gmt":"2025-12-08T12:50:16","guid":{"rendered":"https:\/\/www.europesays.com\/fr\/586351\/"},"modified":"2025-12-08T12:50:16","modified_gmt":"2025-12-08T12:50:16","slug":"sa-belle-declaration-a-kate","status":"publish","type":"post","link":"https:\/\/www.europesays.com\/fr\/586351\/","title":{"rendered":"Sa belle d\u00e9claration \u00e0 Kate"},"content":{"rendered":"<p><strong>Compliments<\/strong>. En\u00a0visite dans le nord du Pays de Galles, le 25\u00a0novembre dernier, le <a href=\"https:\/\/www.journaldesfemmes.fr\/people\/personnalites\/2826061-prince-william-age-kate-middleton-enfants-royal-baby-mariage-harry\/\" title=\"William de Galles\" target=\"_blank\" rel=\"noopener\">Prince William<\/a> a eu des mots doux pour son \u00e9pouse, la princesse Kate. Lors d&rsquo;une conversation avec Scott Jenkinson, un ancien\u00a0sans-abri toxicomane, le futur roi a, en effet, r\u00e9v\u00e9l\u00e9 qu&rsquo;il \u00e9tait persuad\u00e9 que \u00ab\u00a0derri\u00e8re chaque homme ordinaire se cachait une femme encore meilleure\u00a0\u00bb !\u00a0<\/p>\n","protected":false},"excerpt":{"rendered":"Compliments. En\u00a0visite dans le nord du Pays de Galles, le 25\u00a0novembre dernier, le Prince William a eu des&hellip;\n","protected":false},"author":2,"featured_media":586352,"comment_status":"","ping_status":"","sticky":false,"template":"","format":"standard","meta":{"footnotes":""},"categories":[1359],"tags":[69971,51761,58,59,52292,1011,27,51766,1031,973,3936],"class_list":{"0":"post-586351","1":"post","2":"type-post","3":"status-publish","4":"format-standard","5":"has-post-thumbnail","7":"category-people","8":"tag-cms-journaldesfemmes-3249760","9":"tag-controller-content","10":"tag-divertissement","11":"tag-entertainment","12":"tag-format-reportage","13":"tag-fr","14":"tag-france","15":"tag-les-histoires-du-jdf","16":"tag-magazine","17":"tag-people","18":"tag-prince-william"},"share_on_mastodon":{"url":"https:\/\/pubeurope.com\/@fr\/115684038084726541","error":""},"_links":{"self":[{"href":"https:\/\/www.europesays.com\/fr\/wp-json\/wp\/v2\/posts\/586351","targetHints":{"allow":["GET"]}}],"collection":[{"href":"https:\/\/www.europesays.com\/fr\/wp-json\/wp\/v2\/posts"}],"about":[{"href":"https:\/\/www.europesays.com\/fr\/wp-json\/wp\/v2\/types\/post"}],"author":[{"embeddable":true,"href":"https:\/\/www.europesays.com\/fr\/wp-json\/wp\/v2\/users\/2"}],"replies":[{"embeddable":true,"href":"https:\/\/www.europesays.com\/fr\/wp-json\/wp\/v2\/comments?post=586351"}],"version-history":[{"count":0,"href":"https:\/\/www.europesays.com\/fr\/wp-json\/wp\/v2\/posts\/586351\/revisions"}],"wp:featuredmedia":[{"embeddable":true,"href":"https:\/\/www.europesays.com\/fr\/wp-json\/wp\/v2\/media\/586352"}],"wp:attachment":[{"href":"https:\/\/www.europesays.com\/fr\/wp-json\/wp\/v2\/media?parent=586351"}],"wp:term":[{"taxonomy":"category","embeddable":true,"href":"https:\/\/www.europesays.com\/fr\/wp-json\/wp\/v2\/categories?post=586351"},{"taxonomy":"post_tag","embeddable":true,"href":"https:\/\/www.europesays.com\/fr\/wp-json\/wp\/v2\/tags?post=586351"}],"curies":[{"name":"wp","href":"https:\/\/api.w.org\/{rel}","templated":true}]}}