{"id":586357,"date":"2025-12-08T12:55:13","date_gmt":"2025-12-08T12:55:13","guid":{"rendered":"https:\/\/www.europesays.com\/fr\/586357\/"},"modified":"2025-12-08T12:55:13","modified_gmt":"2025-12-08T12:55:13","slug":"zaz-sindigne-contre-le-rn-de-jordan-bardella","status":"publish","type":"post","link":"https:\/\/www.europesays.com\/fr\/586357\/","title":{"rendered":"Zaz s&rsquo;indigne contre le RN de Jordan Bardella"},"content":{"rendered":"<p>Par <a class=\"author_recette\" id=\"author_name\" href=\"https:\/\/www.nextplz.fr\/auteur\/francis-uliel\" target=\"_blank\" rel=\"noopener\">Francis<br \/>\nUliel<\/a> &#8211;<br \/>\nPubli\u00e9 le 08 D\u00e9c 2025 \u00e0<br \/>\n12:30<\/p>\n<p class=\"article-intro excerpt\">Zaz n\u2019a pas sa langue dans sa<br \/>\npoche et m\u00eame quand il s\u2019agit de l\u2019actualit\u00e9 politique. La<br \/>\nchanteuse pousse un coup de gueule apr\u00e8s un carton du RN aux<br \/>\neurop\u00e9ennes.<\/p>\n<p>Zaz est consid\u00e9r\u00e9e comme une artiste incontournable du paysage<br \/>\nmusical fran\u00e7ais. Ce, depuis la sortie de Je Veux, son<br \/>\npremier single \u00e0 succ\u00e8s. Cela dit, sa carri\u00e8re n\u2019a pas toujours \u00e9t\u00e9<br \/>\nun long fleuve tranquille. Autrefois, <a href=\"https:\/\/www.nextplz.fr\/people\/512051-tu-finiras-sur-le-trottoir-zaz-45-ans-humiliee-par-lune-des-proches-sa-glacante-prediction\" target=\"_blank\" rel=\"noopener\"><br \/>\nla coach de The Voice humili\u00e9e par l\u00a0\u00bbune de ses proches<\/a>, a en<br \/>\neffet d\u00fb chanter dans la rue. \u00ab\u00a0Je ne sais pas si mon parcours a<br \/>\n\u00e9t\u00e9 facile. Mais j&rsquo;ai une rage de vivre, j&rsquo;ai une force de<br \/>\nr\u00e9surrection qui est incroyable (&#8230;) Avant d&rsquo;\u00eatre dans la rue,<br \/>\nj&rsquo;ai \u00e9t\u00e9 intermittente, j&rsquo;ai fait du bal, j&rsquo;ai \u00e9t\u00e9 dans des<br \/>\norchestres, j&rsquo;ai travaill\u00e9 un peu partout\u2026 Et la rue\u2026 Un moment, je<br \/>\nne trouvais plus d&rsquo;endroit et je me suis trouv\u00e9 un endroit\u00a0\u00bb,<br \/>\nconfiait-elle lors de son dernier passage sur le plateau de C \u00e0<br \/>\nVous.<\/p>\n<p>Coup de gueule de Zaz contre<br \/>\nle RN<\/p>\n<p>Zaz fait partie de ces artistes qui n&rsquo;ont pas leur langue dans<br \/>\nla poche ! la chanteuse de 45 ans est d&rsquo;ailleurs reconnue pour sa<br \/>\nfranchise et m\u00eame quand il s&rsquo;agit de sujet \u00e9pineux comme<br \/>\nl&rsquo;actualit\u00e9 politique. Pour preuve, en juin 2024, apr\u00e8s les<br \/>\n\u00e9lections europ\u00e9ennes remport\u00e9es haut la main par le Rassemblement<br \/>\nnational, de nombreuses personnalit\u00e9s avaient r\u00e9agi\u2026 dont Zaz.<br \/>\nChoqu\u00e9e par cette perc\u00e9e historique du parti d&rsquo;extr\u00eame-droite men\u00e9e<br \/>\npar Jordan Bardella, la chanteuse d\u00e9clarait cash via sa story<br \/>\nInstagram : \u00ab\u00a0Mais quel enfer !\u00a0\u00bb. Zaz ajoutait dans la<br \/>\nfoul\u00e9e : \u00ab\u00a0Ok, on veut tous un changement, mais je ne crois pas<br \/>\nque ce soit celui dont on r\u00eave. Soyons unis\u00a0\u00bb. Une prise de<br \/>\nparole qui avait fait couler de l&rsquo;encre.<\/p>\n<p>Zaz<br \/>\nn&rsquo;est pas la seule \u00e0 monter au cr\u00e9neau contre le RN<\/p>\n<p>Outre Zaz, plusieurs personnalit\u00e9s avaient r\u00e9agi aux r\u00e9sultats<br \/>\nde ce scrutin, comme pr\u00e9c\u00e9demment indiqu\u00e9. Hugo Manos, chroniqueur<br \/>\nt\u00e9l\u00e9 et ex-compagnon de Laurent Ruquier, d\u00e9plorait \u00e0 son tour que<br \/>\n\u00ab\u00a0l&rsquo;extr\u00eame-droite \u00e9crase tout\u00a0\u00bb, via son compte Instagram.<br \/>\nM\u00eame son de cloche pour la com\u00e9dienne Marilou Berry. Via ses<br \/>\nr\u00e9seaux, la femme de 45 ans partageait un clich\u00e9 de son film<br \/>\nVilaine sur lequel, elle joue \u00e0 la mou pour commenter cette<br \/>\nactualit\u00e9 politique. \u00ab\u00a0C&rsquo;est \u00e0 peu pr\u00e8s la t\u00eate que je fais<br \/>\nactuellement devant les r\u00e9sultats du vote\u00a0\u00bb, \u00e9crivait-elle en<br \/>\nl\u00e9gende. De son c\u00f4t\u00e9, Nicole Ferroni avait gliss\u00e9 un tacle au<br \/>\npr\u00e9sident Emmanuel Macron, lui reprochant de vouloir dissoudre de<br \/>\nl&rsquo;Assembl\u00e9e nationale. \u00ab\u00a0Bonjour, je suis pr\u00e9sident, et j&rsquo;ai un<br \/>\n\u00e9norme bidon d&rsquo;essence\u2026 Vous auriez un briquet \u00e0 me pr\u00eater pour le<br \/>\n30 juin ?\u00a0\u00bb, avait-elle l\u00e2ch\u00e9 sur X.<\/p>\n<p>\u00ab\u00a0Je comprends<br \/>\nque des migrants viennent chez nous\u00a0\u00bb<\/p>\n<p>Ce n&rsquo;est pas la premi\u00e8re fois que Zaz \u00e9voque le sujet, bien<br \/>\nqu&rsquo;elle pr\u00e9f\u00e8re l&rsquo;\u00e9viter. \u00ab\u00a0Je ne peux plus utiliser le mot<br \/>\n&lsquo;politique&rsquo;. Cela me met mal \u00e0 l&rsquo;aise. Parce que les gens que<br \/>\nj&rsquo;associe \u00e0 ce terme l&rsquo;ont sali avec leurs luttes de pouvoir sans<br \/>\nint\u00e9r\u00eat\u00a0\u00bb, confiait-elle d&rsquo;ailleurs au Parisien Magazine en<br \/>\n2015. <a href=\"https:\/\/www.nextplz.fr\/people\/507174-le-compagnon-de-zaz-45-ans-seteint-en-pleine-rue-a-bordeaux-ce-fut-tres-violent-mais-aussi-un-declic\" target=\"_blank\" rel=\"noopener\"><br \/>\nLa chanteuse, dont l&rsquo;ex-compagnon a \u00e9t\u00e9 assassin\u00e9e<\/a>, avait<br \/>\n\u00e9galement \u00e9t\u00e9 interrog\u00e9e au sujet de la r\u00e9action de Marine Le Pen<br \/>\nface aux rixes qui avaient oppos\u00e9 des migrants coinc\u00e9s \u00e0 Calais aux<br \/>\nforces de l&rsquo;ordre. Ce \u00e0 quoi elle avait r\u00e9pondu : \u00ab\u00a0La situation<br \/>\nest compliqu\u00e9e. Je comprends que des migrants viennent chez nous<br \/>\nchercher ce qu&rsquo;ils n&rsquo;ont plus chez eux. La r\u00e9cup\u00e9ration par le FN ?<br \/>\nJe crois que les \u00e9lecteurs expriment un ras-le-bol. Mais<br \/>\nqu&rsquo;ils ne se rendent pas compte de ce que repr\u00e9sente ce parti. Pour<br \/>\nmoi, c&rsquo;est l&rsquo;intol\u00e9rance la plus totale\u00a0\u00bb.<\/p>\n","protected":false},"excerpt":{"rendered":"Par Francis Uliel &#8211; Publi\u00e9 le 08 D\u00e9c 2025 \u00e0 12:30 Zaz n\u2019a pas sa langue dans sa&hellip;\n","protected":false},"author":2,"featured_media":586358,"comment_status":"","ping_status":"","sticky":false,"template":"","format":"standard","meta":{"footnotes":""},"categories":[1355],"tags":[58,59,1011,27,1361,873,65861],"class_list":{"0":"post-586357","1":"post","2":"type-post","3":"status-publish","4":"format-standard","5":"has-post-thumbnail","7":"category-musique","8":"tag-divertissement","9":"tag-entertainment","10":"tag-fr","11":"tag-france","12":"tag-music","13":"tag-musique","14":"tag-trend"},"share_on_mastodon":{"url":"https:\/\/pubeurope.com\/@fr\/115684057296314501","error":""},"_links":{"self":[{"href":"https:\/\/www.europesays.com\/fr\/wp-json\/wp\/v2\/posts\/586357","targetHints":{"allow":["GET"]}}],"collection":[{"href":"https:\/\/www.europesays.com\/fr\/wp-json\/wp\/v2\/posts"}],"about":[{"href":"https:\/\/www.europesays.com\/fr\/wp-json\/wp\/v2\/types\/post"}],"author":[{"embeddable":true,"href":"https:\/\/www.europesays.com\/fr\/wp-json\/wp\/v2\/users\/2"}],"replies":[{"embeddable":true,"href":"https:\/\/www.europesays.com\/fr\/wp-json\/wp\/v2\/comments?post=586357"}],"version-history":[{"count":0,"href":"https:\/\/www.europesays.com\/fr\/wp-json\/wp\/v2\/posts\/586357\/revisions"}],"wp:featuredmedia":[{"embeddable":true,"href":"https:\/\/www.europesays.com\/fr\/wp-json\/wp\/v2\/media\/586358"}],"wp:attachment":[{"href":"https:\/\/www.europesays.com\/fr\/wp-json\/wp\/v2\/media?parent=586357"}],"wp:term":[{"taxonomy":"category","embeddable":true,"href":"https:\/\/www.europesays.com\/fr\/wp-json\/wp\/v2\/categories?post=586357"},{"taxonomy":"post_tag","embeddable":true,"href":"https:\/\/www.europesays.com\/fr\/wp-json\/wp\/v2\/tags?post=586357"}],"curies":[{"name":"wp","href":"https:\/\/api.w.org\/{rel}","templated":true}]}}