{"id":586373,"date":"2025-12-08T13:05:16","date_gmt":"2025-12-08T13:05:16","guid":{"rendered":"https:\/\/www.europesays.com\/fr\/586373\/"},"modified":"2025-12-08T13:05:16","modified_gmt":"2025-12-08T13:05:16","slug":"en-direct-guerre-en-ukraine-washington-pousse-kyiv-a-accepter-vite-un-plan-pour-mettre-fin-au-conflit-liberation","status":"publish","type":"post","link":"https:\/\/www.europesays.com\/fr\/586373\/","title":{"rendered":"EN DIRECT &#8211; Guerre en Ukraine\u00a0: Washington pousse Kyiv \u00e0 accepter \u00abvite\u00bb un plan pour mettre fin au conflit \u2013 Lib\u00e9ration"},"content":{"rendered":"<p class=\"sc-cPiKLX AiZTS text-element\">Interrog\u00e9 dimanche soir lors d\u2019une soir\u00e9e de gala \u00e0 Washington, le pr\u00e9sident des Etats-Unis, qui souffle le chaud et le froid avec son homologue ukrainien, lui a reproch\u00e9 de n\u2019avoir \u00abpas lu\u00bb son plan pour la paix. \u00abNous avons donc parl\u00e9 au pr\u00e9sident Poutine, nous avons parl\u00e9 aux dirigeants ukrainiens \u2013 notamment Zelensky, le pr\u00e9sident Zelensky \u2013 et je dois dire que je suis un peu d\u00e9\u00e7u que le pr\u00e9sident Zelensky n\u2019ait pas encore lu la proposition\u00bb, a lanc\u00e9 Trump. \u00abCela convient \u00e0 la Russie, vous savez je pense que la Russie pr\u00e9f\u00e9rerait avoir tout le pays\u00bb, mais \u00abje ne suis pas s\u00fbr que cela convienne \u00e0 M. Zelensky\u00bb, a ajout\u00e9 le milliardaire r\u00e9publicain, qui s\u2019est rapproch\u00e9 de Moscou depuis son retour \u00e0 la Maison Blanche il y a pr\u00e8s d\u2019un an.<\/p>\n","protected":false},"excerpt":{"rendered":"Interrog\u00e9 dimanche soir lors d\u2019une soir\u00e9e de gala \u00e0 Washington, le pr\u00e9sident des Etats-Unis, qui souffle le chaud&hellip;\n","protected":false},"author":2,"featured_media":586374,"comment_status":"","ping_status":"","sticky":false,"template":"","format":"standard","meta":{"footnotes":""},"categories":[2],"tags":[11,672,1073,1011,27,4710,2581,12,473,132,220,297,135,134],"class_list":{"0":"post-586373","1":"post","2":"type-post","3":"status-publish","4":"format-standard","5":"has-post-thumbnail","7":"category-actualites","8":"tag-actualites","9":"tag-allemagne","10":"tag-emmanuel-macron","11":"tag-fr","12":"tag-france","13":"tag-friedrich-merz","14":"tag-keir-starmer","15":"tag-news","16":"tag-royaume-uni","17":"tag-russie","18":"tag-ukraine","19":"tag-ukraine-la-crise","20":"tag-vladimir-poutine","21":"tag-volodymyr-zelensky"},"share_on_mastodon":{"url":"https:\/\/pubeurope.com\/@fr\/115684096427866865","error":""},"_links":{"self":[{"href":"https:\/\/www.europesays.com\/fr\/wp-json\/wp\/v2\/posts\/586373","targetHints":{"allow":["GET"]}}],"collection":[{"href":"https:\/\/www.europesays.com\/fr\/wp-json\/wp\/v2\/posts"}],"about":[{"href":"https:\/\/www.europesays.com\/fr\/wp-json\/wp\/v2\/types\/post"}],"author":[{"embeddable":true,"href":"https:\/\/www.europesays.com\/fr\/wp-json\/wp\/v2\/users\/2"}],"replies":[{"embeddable":true,"href":"https:\/\/www.europesays.com\/fr\/wp-json\/wp\/v2\/comments?post=586373"}],"version-history":[{"count":0,"href":"https:\/\/www.europesays.com\/fr\/wp-json\/wp\/v2\/posts\/586373\/revisions"}],"wp:featuredmedia":[{"embeddable":true,"href":"https:\/\/www.europesays.com\/fr\/wp-json\/wp\/v2\/media\/586374"}],"wp:attachment":[{"href":"https:\/\/www.europesays.com\/fr\/wp-json\/wp\/v2\/media?parent=586373"}],"wp:term":[{"taxonomy":"category","embeddable":true,"href":"https:\/\/www.europesays.com\/fr\/wp-json\/wp\/v2\/categories?post=586373"},{"taxonomy":"post_tag","embeddable":true,"href":"https:\/\/www.europesays.com\/fr\/wp-json\/wp\/v2\/tags?post=586373"}],"curies":[{"name":"wp","href":"https:\/\/api.w.org\/{rel}","templated":true}]}}