{"id":586386,"date":"2025-12-08T13:15:27","date_gmt":"2025-12-08T13:15:27","guid":{"rendered":"https:\/\/www.europesays.com\/fr\/586386\/"},"modified":"2025-12-08T13:15:27","modified_gmt":"2025-12-08T13:15:27","slug":"prolongation-a-montpellier-ou-nouveau-defi-quel-avenir-pour-justo-piccardo","status":"publish","type":"post","link":"https:\/\/www.europesays.com\/fr\/586386\/","title":{"rendered":"Prolongation \u00e0 Montpellier ou nouveau d\u00e9fi, quel avenir pour Justo Piccardo ?"},"content":{"rendered":"<p style=\"text-align: justify;\"><strong>TRANSFERTS RUGBY \u2013 Selon Midi Olympique, le centre argentin Justo Piccardo devrait prolonger au sein de son club actuel, Montpellier.<\/strong><\/p>\n<p style=\"text-align: justify;\"><strong>Justo Piccardo<\/strong> vers une prolongation avec le <strong>Montpellier H\u00e9rault Rugby<\/strong> ? Selon les informations de nos confr\u00e8res de Midi Olympique, dans leur \u00e9dition de ce lundi, le centre argentin devrait prolonger avec son club. Arriv\u00e9 il y a quelques mois au MHR, <a href=\"https:\/\/dicodusport.fr\/blog\/transferts-mhr-3-clubs-de-top-14-veulent-signer-justo-piccardo\/\" target=\"_blank\" rel=\"noopener\">il suscitait la convoitise d\u2019autres clubs de Top 14<\/a>, son contrat arrivant \u00e0 son terme \u00e0 la fin de la saison.<\/p>\n<p>D\u00e9cision prochaine pour Piccardo ?<\/p>\n<p style=\"text-align: justify;\">Si le joueur de 23 ans n\u2019a pas disput\u00e9 \u00e9norm\u00e9ment de matchs avec son club actuel (trois matchs de Top 14, un match de Challenge Cup), nos confr\u00e8res confirment que l\u2019Argentin semble avoir trouv\u00e9 sa place dans l\u2019H\u00e9rault. Et si le MHR est limit\u00e9 par le salary cap, les n\u00e9gociations avancent entre le club et le joueur et devraient rapidement d\u00e9boucher sur un accord.<\/p>\n<p style=\"text-align: justify;\">Titulaire lors de deux des trois matchs de l\u2019Argentine durant la derni\u00e8re tourn\u00e9e d\u2019automne, il a marqu\u00e9 deux essais : un <a href=\"https:\/\/dicodusport.fr\/blog\/tournee-dautomne-2025-largentine-renverse-lecosse\/\" target=\"_blank\" rel=\"noopener\">contre l\u2019\u00c9cosse<\/a> et un autre contre l\u2019<a href=\"https:\/\/dicodusport.fr\/blog\/le-xv-de-la-rose-au-forceps-langleterre-a-du-semployer-pour-battre-largentine\/\" target=\"_blank\" rel=\"noopener\">Angleterre<\/a>. Tr\u00e8s prometteur et encore jeune, sa prolongation serait une excellente nouvelle pour le club montpelli\u00e9rain, actuel 7\u00e8me de Top 14.<\/p>\n<p>\u00c0 lire aussi<br \/>\n<a href=\"https:\/\/dicodusport.fr\/blog\/raymond-nuu-affole-le-marche-des-transferts-3-clubs-de-top-14-veulent-le-centre-de-colomiers\/\" class=\"vlp-link\" title=\"Raymond Nu&#039;u affole le march\u00e9 des transferts : 3 clubs de Top 14 veulent le centre de Colomiers\" target=\"_blank\" rel=\"noopener\"><img loading=\"lazy\" decoding=\"async\" style=\"max-width: 792px;\" width=\"792\" height=\"445\" class=\"attachment-800x445 size-800x445 perfmatters-lazy\" alt=\"\" src=\"https:\/\/www.europesays.com\/fr\/wp-content\/uploads\/2025\/12\/Raymond-Nuu-affole-le-marche-des-transferts-3-clubs-de-Top-14-veulent-le-centre-de-Colomiers.png\"  data-\/><\/p>\n<p>Raymond Nu&rsquo;u affole le march\u00e9 des transferts : 3 clubs de Top 14 veulent le centre de Colomiers<\/p>\n<p>TRANSFERTS RUGBY &#8211; Selon le Midi Olympique, pas moins de 3 clubs de Top 14 sont sur le coup pour signer Raymond Nu&rsquo;u.<\/p>\n<p>Lire l&rsquo;article<\/p>\n<p>dicodusport.fr<\/p>\n","protected":false},"excerpt":{"rendered":"TRANSFERTS RUGBY \u2013 Selon Midi Olympique, le centre argentin Justo Piccardo devrait prolonger au sein de son club&hellip;\n","protected":false},"author":2,"featured_media":586387,"comment_status":"","ping_status":"","sticky":false,"template":"","format":"standard","meta":{"footnotes":""},"categories":[9599],"tags":[1111,11,2113,1777,674,1011,27,2208,50071,12,2680,25,477],"class_list":{"0":"post-586386","1":"post","2":"type-post","3":"status-publish","4":"format-standard","5":"has-post-thumbnail","7":"category-montpellier","8":"tag-actu","9":"tag-actualites","10":"tag-breve","11":"tag-eu","12":"tag-europe","13":"tag-fr","14":"tag-france","15":"tag-montpellier","16":"tag-montpellier-hr","17":"tag-news","18":"tag-occitanie","19":"tag-republique-francaise","20":"tag-transferts-rugby"},"share_on_mastodon":{"url":"https:\/\/pubeurope.com\/@fr\/115684136615415613","error":""},"_links":{"self":[{"href":"https:\/\/www.europesays.com\/fr\/wp-json\/wp\/v2\/posts\/586386","targetHints":{"allow":["GET"]}}],"collection":[{"href":"https:\/\/www.europesays.com\/fr\/wp-json\/wp\/v2\/posts"}],"about":[{"href":"https:\/\/www.europesays.com\/fr\/wp-json\/wp\/v2\/types\/post"}],"author":[{"embeddable":true,"href":"https:\/\/www.europesays.com\/fr\/wp-json\/wp\/v2\/users\/2"}],"replies":[{"embeddable":true,"href":"https:\/\/www.europesays.com\/fr\/wp-json\/wp\/v2\/comments?post=586386"}],"version-history":[{"count":0,"href":"https:\/\/www.europesays.com\/fr\/wp-json\/wp\/v2\/posts\/586386\/revisions"}],"wp:featuredmedia":[{"embeddable":true,"href":"https:\/\/www.europesays.com\/fr\/wp-json\/wp\/v2\/media\/586387"}],"wp:attachment":[{"href":"https:\/\/www.europesays.com\/fr\/wp-json\/wp\/v2\/media?parent=586386"}],"wp:term":[{"taxonomy":"category","embeddable":true,"href":"https:\/\/www.europesays.com\/fr\/wp-json\/wp\/v2\/categories?post=586386"},{"taxonomy":"post_tag","embeddable":true,"href":"https:\/\/www.europesays.com\/fr\/wp-json\/wp\/v2\/tags?post=586386"}],"curies":[{"name":"wp","href":"https:\/\/api.w.org\/{rel}","templated":true}]}}