{"id":586392,"date":"2025-12-08T13:20:19","date_gmt":"2025-12-08T13:20:19","guid":{"rendered":"https:\/\/www.europesays.com\/fr\/586392\/"},"modified":"2025-12-08T13:20:19","modified_gmt":"2025-12-08T13:20:19","slug":"immobilier-quelle-est-cette-ville-du-sud-de-lisere-qui-seduit-le-bassin-de-grenoble","status":"publish","type":"post","link":"https:\/\/www.europesays.com\/fr\/586392\/","title":{"rendered":"Immobilier. Quelle est cette ville du\u00a0sud de l&rsquo;Is\u00e8re qui s\u00e9duit le bassin de Grenoble ?"},"content":{"rendered":"<p>Une ville-centre du Tri\u00e8ves situ\u00e9e aux portes du territoire&#8230; Bienvenue \u00e0 Monestier-de-Clermont, ce bourg enjamb\u00e9 par un impression viaduc, pont bipoutre de l\u2019A41 inaugur\u00e9 le 21 mars 2007.<\/p>\n<p>Long de 860 m et haut de 70 m, ce colosse de b\u00e9ton et d\u2019acier offre aux automobilistes une voie directe vers le Tri\u00e8ves et la Provence, lib\u00e9rant ainsi du trafic routier l\u2019axe traversant la commune du Nord au Sud sur sa longueur depuis 1830.<\/p>\n<p>Si le prix du p\u00e9age peut dissuader certains Mon\u00e9t\u00e9rons de l\u2019emprunter, l\u2019acc\u00e8s \u00e0 l\u2019A41 qu\u2019il permet les rapproche aussi du bassin grenoblois.<\/p>\n<p>Et \u00e0 ses pieds, sa hauteur et sa silhouette \u00e9lanc\u00e9e ne g\u00eanent pas la vue sur grand paysage. Ni l\u2019ambiance intimiste et authentique de la commune enclav\u00e9e entre deux reliefs, le Clermont \u00e0 l\u2019Est et la Salette \u00e0 l\u2019Ouest.<\/p>\n<p>Depuis la cr\u00e9ation de l\u2019autoroute, de nombreux lotissements comme les Chatras, les Portes du Tri\u00e8ves, la Combe du Mas, les Grandes Prairies se sont d\u2019ailleurs cr\u00e9\u00e9s de part et d\u2019autre de l\u2019axe principal, la RD 1075.<\/p>\n<p> \u00ab Certains Grenoblois qui veulent prendre le vert cherchent une maison dans la commune et le secteur \u00bb constate St\u00e9phane Dol, conseill\u00e8re immobili\u00e8re d\u2019Espace Immo 38 install\u00e9e \u00e0 Monestier-de-Clermont.<\/p>\n<p>Et la tendance s\u2019est accentu\u00e9e depuis le Covid.<\/p>\n<p><strong>Des prix attractifs<\/strong><\/p>\n<p>Cette commune conjugue en effet bien des atouts\u00a0: une desserte autorouti\u00e8re, une gare SNCF (lignes TER Grenoble-Clelles Mens et Grenoble-Veynes-Gap), des \u00e9coles maternelle et primaire et un coll\u00e8ge, une piscine, un gymnase et un dojo flambant neufs am\u00e9nag\u00e9s dans l\u2019ancien gymnase du coll\u00e8ge, un Ehpad, une m\u00e9diath\u00e8que intercommunale, des commerces&#8230;<\/p>\n<p>\u00ab C\u2019est un bourg de 1 500 habitants b\u00e9n\u00e9ficiant d\u2019\u00e9quipements d\u2019une ville de 4 500 habitants \u00bb r\u00e9sume Sandra Boizot, directrice g\u00e9n\u00e9rale des services de la commune.<\/p>\n<p>Les opportunit\u00e9s d\u2019achat restent limit\u00e9es au vu du nombre de logements existants\u00a0(697 en 2022 dont 492 maisons individuelles) m\u00eame s\u2019il a augment\u00e9 62\u00a0% entre 1999 et 2022 (2).<\/p>\n<p>Autre atout d\u00e9cisif\u00a0: les prix. Attractifs. \u00ab Ils sont plus bas qu\u2019\u00e0 Vif. De 10 \u00e0 15\u00a0% \u00bb estime R\u00e9gine Villard, conseill\u00e8re immobili\u00e8re Square Habitat (Vif).<\/p>\n<p>Comptez en moyenne pour une maison T4 de 250 000 \u20ac \u00e0 350 000 \u20ac \u00e0 l\u2019instar de cette maison mitoyenne tr\u00e8s r\u00e9cente de 95 m\u00b2 achet\u00e9e 320 000 \u20ac par un couple install\u00e9 jusqu\u2019alors \u00e0 Varces.<\/p>\n<p>\u00ab Celles situ\u00e9es sur le haut de la commune, vers le coll\u00e8ge et la piscine, sont plus recherch\u00e9es car proches des commodit\u00e9s \u00bb souligne la professionnelle.<\/p>\n<p><strong>Une forte tension locative<\/strong><\/p>\n<p>Une villa du secteur de 161 m\u00b2 habitables et 712 m\u00b2 de terrain s\u2019est par exemple vendue 396 900 \u20ac en d\u00e9cembre 2024 (3).<\/p>\n<p>Les maisons de ville \u00e0 r\u00e9nover s\u2019affichent \u00e0 des prix moindres \u00e0 l\u2019instar de celles de 80 et 90 m\u00b2 acquises respectivement 130 et 140 000 \u20ac par un fr\u00e8re et une s\u0153ur.<\/p>\n<p>\u00ab\u00a0Mais il y a du boulot\u00a0!\u00a0\u00bb souligne R\u00e9gine Villard. Certes moins recherch\u00e9s que les maisons, les appartements \u00e0 la vente restent rares. Prix de vente moyen : 1 767 \u20ac\/m\u00b2 selon l\u2019observatoire de la Fnaim (1).<\/p>\n<p>Mais certains sont moins chers comme ce deux pi\u00e8ces de 32 m\u00b2 du centre ancien vendu 40 000 \u20ac en septembre 2024, soit 1 250 \u20ac\/m\u00b2 (3). Ces petits prix peuvent attirer des primo-acc\u00e9dants.<\/p>\n<p>\u00ab Les investisseurs devraient aussi s\u2019y int\u00e9resser car le march\u00e9 locatif est tr\u00e8s tendu dans tout le Tri\u00e8ves. Il y a bien plus de demandes que d\u2019offres \u00bb avance la professionnelle.<\/p>\n<p>Montant des loyers mensuels affich\u00e9s en 2024\u00a0: 9,3 \u20ac\/m\u00b2 pour les maisons et 10,3 \u20ac\/m\u00b2 pour les appartements selon l\u2019observatoire de la Fnaim.<\/p>\n<p class=\"note\">(1) chiffres Laboratoire \u00c9conomique du Logement (LABEL) Fnaim, 1er octobre 2025<\/p>\n<p class=\"note\">(2) chiffre Insee 2022<\/p>\n<p class=\"note\">(3) source\u00a0: base DVF, <a href=\"https:\/\/app.dvf.etalab.gouv.fr\/\" target=\"_blank\" rel=\"noopener\">https:\/\/app.dvf.etalab.gouv.fr\/<\/a><\/p>\n<p>\u00a0\u00a0\u00a0\u00a0<\/p>\n<p class=\"insetTitle\">Un plan d\u2019actions territorial pour faire baisser la tension locative<\/p>\n<p>Sur les 581 r\u00e9sidences principales que compte Monestier-de-Clermont, 28\u00a0% sont occup\u00e9es par des locataires, dont 9\u00a0% en HLM (1).<\/p>\n<p>Mais trouver une location reste un casse-t\u00eate \u00e0 Monestier-de-Clermont. Et c\u2019est ainsi dans tout le Tri\u00e8ves.<\/p>\n<p>\u00ab Le territoire affiche la troisi\u00e8me plus forte pression locative sociale en Is\u00e8re avec 5,9 demandes de logement pour une attribution contre une moyenne de 4,8 sur le d\u00e9partement. Et cette pression locative a fortement augment\u00e9 depuis cinq ans \u00bb explique Nathalie Bonato, responsable du service Am\u00e9nagement-urbanisme de la Communaut\u00e9 de communes du Tri\u00e8ves (CCT).<\/p>\n<p>Depuis longtemps confront\u00e9es \u00e0 un manque de logements sociaux, les communes du territoire ont elles-m\u00eames cr\u00e9\u00e9 des logements depuis les ann\u00e9es 70.<\/p>\n<p>Le Tri\u00e8ves compte ainsi aujourd\u2019hui 249 logements sociaux et 173 logements communaux. La commune Monestier-de-Clermont en poss\u00e8de 17.<\/p>\n<p>Trois d\u2019entre eux, un T2 et deux T3, aux 62 et 64 Grand-rue viennent d\u2019\u00eatre r\u00e9nov\u00e9s. La CCT va d\u00e9sormais accompagner ces travaux.<\/p>\n<p>Un fonds de 100 000 \u20ac a \u00e9t\u00e9 vot\u00e9 le 25 septembre 2025 par ses \u00e9lus pour aider financi\u00e8rement ces r\u00e9novations et\/ou cr\u00e9er de nouveaux logements communaux.<\/p>\n<p>Ce coup de pouce accompagne le travail de diagnostic des besoins du territoire en mati\u00e8re d\u2019habitat engag\u00e9 par la CCT, avec, depuis octobre, la remise \u00e0 jour de son observatoire de l\u2019habitat et le lancement d\u2019\u00e9tudes sur les capacit\u00e9s de construction et de r\u00e9novation sur ces communes.<\/p>\n<p>Objectif\u00a0? Savoir comment aider au mieux communes, bailleurs sociaux et propri\u00e9taires priv\u00e9s \u00e0 d\u00e9velopper le parc locatif du territoire.<\/p>\n<p>La CCT a depuis septembre son propre conseiller France R\u00e9nov\u2019 pour guider les propri\u00e9taires dans les m\u00e9andres de la r\u00e9novation \u00e9nerg\u00e9tique et des subventions li\u00e9es.<\/p>\n","protected":false},"excerpt":{"rendered":"Une ville-centre du Tri\u00e8ves situ\u00e9e aux portes du territoire&#8230; Bienvenue \u00e0 Monestier-de-Clermont, ce bourg enjamb\u00e9 par un impression&hellip;\n","protected":false},"author":2,"featured_media":586393,"comment_status":"","ping_status":"","sticky":false,"template":"","format":"standard","meta":{"footnotes":""},"categories":[9566],"tags":[17656,1111,11,2430,112,113,1777,674,107,1795,1011,27,329,2731,1116,108,1031,3455,29635,12,25,48887],"class_list":{"0":"post-586392","1":"post","2":"type-post","3":"status-publish","4":"format-standard","5":"has-post-thumbnail","7":"category-grenoble","8":"tag-achat-et-vente-immobilier","9":"tag-actu","10":"tag-actualites","11":"tag-auvergne-rhone-alpes","12":"tag-edition-grenoble-agglomeration","13":"tag-edition-gresivaudan-oisans","14":"tag-eu","15":"tag-europe","16":"tag-fil-info","17":"tag-fil-web","18":"tag-fr","19":"tag-france","20":"tag-france-monde","21":"tag-grenoble","22":"tag-immobilier","23":"tag-isere","24":"tag-magazine","25":"tag-magazine-immobilier","26":"tag-monestier-de-clermont","27":"tag-news","28":"tag-republique-francaise","29":"tag-trieves"},"share_on_mastodon":{"url":"https:\/\/pubeurope.com\/@fr\/115684155371020325","error":""},"_links":{"self":[{"href":"https:\/\/www.europesays.com\/fr\/wp-json\/wp\/v2\/posts\/586392","targetHints":{"allow":["GET"]}}],"collection":[{"href":"https:\/\/www.europesays.com\/fr\/wp-json\/wp\/v2\/posts"}],"about":[{"href":"https:\/\/www.europesays.com\/fr\/wp-json\/wp\/v2\/types\/post"}],"author":[{"embeddable":true,"href":"https:\/\/www.europesays.com\/fr\/wp-json\/wp\/v2\/users\/2"}],"replies":[{"embeddable":true,"href":"https:\/\/www.europesays.com\/fr\/wp-json\/wp\/v2\/comments?post=586392"}],"version-history":[{"count":0,"href":"https:\/\/www.europesays.com\/fr\/wp-json\/wp\/v2\/posts\/586392\/revisions"}],"wp:featuredmedia":[{"embeddable":true,"href":"https:\/\/www.europesays.com\/fr\/wp-json\/wp\/v2\/media\/586393"}],"wp:attachment":[{"href":"https:\/\/www.europesays.com\/fr\/wp-json\/wp\/v2\/media?parent=586392"}],"wp:term":[{"taxonomy":"category","embeddable":true,"href":"https:\/\/www.europesays.com\/fr\/wp-json\/wp\/v2\/categories?post=586392"},{"taxonomy":"post_tag","embeddable":true,"href":"https:\/\/www.europesays.com\/fr\/wp-json\/wp\/v2\/tags?post=586392"}],"curies":[{"name":"wp","href":"https:\/\/api.w.org\/{rel}","templated":true}]}}