{"id":586408,"date":"2025-12-08T13:28:39","date_gmt":"2025-12-08T13:28:39","guid":{"rendered":"https:\/\/www.europesays.com\/fr\/586408\/"},"modified":"2025-12-08T13:28:39","modified_gmt":"2025-12-08T13:28:39","slug":"non-will-still-ne-devrait-pas-faire-son-retour-en-ligue-1-france-fc-nantes","status":"publish","type":"post","link":"https:\/\/www.europesays.com\/fr\/586408\/","title":{"rendered":"Non, Will Still ne devrait pas faire son retour en Ligue 1 &#8211; France &#8211; FC Nantes"},"content":{"rendered":"<p>Qui sera le deuxi\u00e8me entra\u00eeneur mis \u00e0 la porte cette saison en Ligue 1 ?<\/p>\n<p>En qu\u00eate d\u2019un sauveur pour redresser un FC Nantes mal en point, les dirigeants des Canaris avaient <strong>coch\u00e9 le nom de Will Still<\/strong>, fra\u00eechement limog\u00e9 par Southampton.<\/p>\n<p>Selon <a target=\"_blank\" href=\"https:\/\/www.ouest-france.fr\/sport\/football\/fc-nantes\/fc-nantes-will-still-priorite-des-dirigeants-en-cas-de-depart-de-luis-castro-b2cdc4ea-d418-11f0-9e33-11f0fa5dcfce\" rel=\"noopener\">Ouest-France<\/a>, l\u2019ancien coach de Reims et de Lens \u00e9tait <strong>la priorit\u00e9 <\/strong>de Waldemar et Franck Kita, en qu\u00eate d\u2019un technicien pour succ\u00e9der \u00e0 Luis Castro, en sursis. Si la piste a bien \u00e9t\u00e9 examin\u00e9e, <strong>elle est d\u00e9sormais referm\u00e9e<\/strong>, r\u00e9v\u00e8le\u00a0<a target=\"_blank\" href=\"https:\/\/www.lequipe.fr\/Football\/Actualites\/Will-still-l-ancien-entraineur-de-reims-et-lens-devrait-etre-licencie-de-southampton\/1606680\" rel=\"noopener\">L\u2019\u00c9quipe<\/a>,\u00a0ce lundi.<\/p>\n<p>L\u2019un des pires d\u00e9parts de Nantes au XXIe si\u00e8cle<\/p>\n<p>Le probl\u00e8me reste intact : redresser un FC Nantes qui s\u2019enfonce doucement mais s\u00fbrement : 17e au classement depuis dimanche soir, <strong>encore dans la zone rouge<\/strong> apr\u00e8s <a target=\"_blank\" href=\"https:\/\/www.sofoot.com\/breves\/ligue-1-le-rc-lens-fait-craquer-le-fc-nantes-et-prend-de-lavance-en-tete\" rel=\"noopener\">une d\u00e9faite (1-2) face \u00e0 Lens<\/a>, et une \u00e9quipe qui fait grise mine au fil des week-ends.<\/p>\n<p>Avec 2 victoires, 5 nuls et 8 d\u00e9faites, Luis Castro flirte d\u2019ailleurs avec <strong>le pire bilan de l\u2019\u00e8re Kita<\/strong> apr\u00e8s 15 journ\u00e9es, et signe le deuxi\u00e8me pire d\u00e9part du club depuis <a target=\"_blank\" href=\"https:\/\/www.sofoot.com\/articles\/lenfer-de-nantes-ligue-2-fc\" rel=\"noopener\">Raynald Denoueix<\/a> en 2001 (10 points apr\u00e8s 15 journ\u00e9es).<\/p>\n<p>Sans le statut de tenant du titre, en revanche.<\/p>\n<p>\t\t\t\t\t\t\t\t\t\t<a class=\"lien-connexe\" href=\"https:\/\/www.sofoot.com\/articles\/justice-les-enjeux-du-nouveau-proces-autour-de-la-disparition-demiliano-sala-entre-cardiff-et-le-fc-nantes\" target=\"_blank\" rel=\"noopener\">Pourquoi la disparition d\u2019Emiliano Sala revient sur le terrain judiciaire<\/a>\t\t\t\t\t<\/p>\n","protected":false},"excerpt":{"rendered":"Qui sera le deuxi\u00e8me entra\u00eeneur mis \u00e0 la porte cette saison en Ligue 1 ? En qu\u00eate d\u2019un&hellip;\n","protected":false},"author":2,"featured_media":586409,"comment_status":"","ping_status":"","sticky":false,"template":"","format":"standard","meta":{"footnotes":""},"categories":[2818],"tags":[1111,47,11,61,69,65,64,1777,674,63,1011,27,68,66,766,12,62,2636,70,25,67],"class_list":{"0":"post-586408","1":"post","2":"type-post","3":"status-publish","4":"format-standard","5":"has-post-thumbnail","7":"category-nantes","8":"tag-actu","9":"tag-actualite","10":"tag-actualites","11":"tag-actus-football","12":"tag-bundesliga","13":"tag-championnats-europeens","14":"tag-equipe-de-france","15":"tag-eu","16":"tag-europe","17":"tag-football","18":"tag-fr","19":"tag-france","20":"tag-ligua","21":"tag-ligue-1","22":"tag-nantes","23":"tag-news","24":"tag-news-foot","25":"tag-pays-de-la-loire","26":"tag-premier-league","27":"tag-republique-francaise","28":"tag-serie-a"},"share_on_mastodon":{"url":"https:\/\/pubeurope.com\/@fr\/115684186734240588","error":""},"_links":{"self":[{"href":"https:\/\/www.europesays.com\/fr\/wp-json\/wp\/v2\/posts\/586408","targetHints":{"allow":["GET"]}}],"collection":[{"href":"https:\/\/www.europesays.com\/fr\/wp-json\/wp\/v2\/posts"}],"about":[{"href":"https:\/\/www.europesays.com\/fr\/wp-json\/wp\/v2\/types\/post"}],"author":[{"embeddable":true,"href":"https:\/\/www.europesays.com\/fr\/wp-json\/wp\/v2\/users\/2"}],"replies":[{"embeddable":true,"href":"https:\/\/www.europesays.com\/fr\/wp-json\/wp\/v2\/comments?post=586408"}],"version-history":[{"count":0,"href":"https:\/\/www.europesays.com\/fr\/wp-json\/wp\/v2\/posts\/586408\/revisions"}],"wp:featuredmedia":[{"embeddable":true,"href":"https:\/\/www.europesays.com\/fr\/wp-json\/wp\/v2\/media\/586409"}],"wp:attachment":[{"href":"https:\/\/www.europesays.com\/fr\/wp-json\/wp\/v2\/media?parent=586408"}],"wp:term":[{"taxonomy":"category","embeddable":true,"href":"https:\/\/www.europesays.com\/fr\/wp-json\/wp\/v2\/categories?post=586408"},{"taxonomy":"post_tag","embeddable":true,"href":"https:\/\/www.europesays.com\/fr\/wp-json\/wp\/v2\/tags?post=586408"}],"curies":[{"name":"wp","href":"https:\/\/api.w.org\/{rel}","templated":true}]}}