{"id":586420,"date":"2025-12-08T13:37:11","date_gmt":"2025-12-08T13:37:11","guid":{"rendered":"https:\/\/www.europesays.com\/fr\/586420\/"},"modified":"2025-12-08T13:37:11","modified_gmt":"2025-12-08T13:37:11","slug":"indignation-apres-les-propos-de-sebastien-delogu-la-justice-saisie","status":"publish","type":"post","link":"https:\/\/www.europesays.com\/fr\/586420\/","title":{"rendered":"indignation apr\u00e8s les propos de S\u00e9bastien Delogu, la justice saisie"},"content":{"rendered":"<p>                    Par<br \/>\n        <strong><br \/>\n            <a href=\"https:\/\/actu.fr\/auteur\/thibault-nadal-actu-fr\" title=\"Consulter tous les articles de Thibault Nadal\" target=\"_blank\" rel=\"noopener\">Thibault Nadal<\/a><br \/>\n                    <\/strong><\/p>\n<p>        Publi\u00e9 le<\/p>\n<p>            8 d\u00e9c. 2025 \u00e0 13h40        <\/p>\n<p>Un premier meeting et une premi\u00e8re grosse pol\u00e9mique. Ce samedi 6\u00a0d\u00e9cembre 2025, <a href=\"https:\/\/actu.fr\/provence-alpes-cote-d-azur\/marseille_13055\/municipales-2026-a-marseille-sebastien-delogu-depute-lfi-officialise-sa-candidature_63445746.html\" target=\"_blank\" rel=\"noopener\">S\u00e9bastien Delogu<\/a>, d\u00e9put\u00e9 LFI des quartiers nord et candidat \u00e0 la mairie de <a href=\"https:\/\/actu.fr\/marseille\/\" target=\"_blank\" rel=\"noopener\">Marseille,<\/a> lan\u00e7ait sa campagne pour <a href=\"https:\/\/actu.fr\/marseille\/politique\/elections-municipales\" target=\"_blank\" rel=\"noopener\">les \u00e9lections municipales<\/a> <strong>devant 1000 personnes \u00e0 la Belle-de-Mai<\/strong> (3e).<\/p>\n<p class=\" wall-content\">Pour ce premier grand temps fort, plusieurs figures \u00e9taient pr\u00e9sentes, dont <a href=\"https:\/\/actu.fr\/tag\/manuel-bompard\" target=\"_blank\" rel=\"noopener\">Manuel Bompard<\/a>, le coordinateur de <a href=\"https:\/\/actu.fr\/tag\/la-france-insoumise-lfi\" target=\"_blank\" rel=\"noopener\">La France insoumise<\/a> et d\u00e9put\u00e9 des <a href=\"https:\/\/actu.fr\/provence-alpes-cote-d-azur\/bouches-du-rhone_13\" target=\"_blank\" rel=\"noopener\">Bouches-du-Rh\u00f4ne,<\/a> mais aussi d\u2019Assa Traor\u00e9, s\u0153ur d\u2019Adama Traor\u00e9 et militante engag\u00e9e contre <a href=\"https:\/\/actu.fr\/tag\/violences-policieres\" target=\"_blank\" rel=\"noopener\">les violences polici\u00e8res<\/a>.<\/p>\n<p class=\" wall-content\">Durant ce meeting, S\u00e9bastien Delogu a tenu cette phrase\u2009: \u00ab\u2009<strong>\u00c7a les fait criser quand on dit que la police tue. Mais la police, elle a tu\u00e9 son fr\u00e8re<\/strong>, donc il ne faut pas l\u2019oublier\u2009\u00bb. En 2016, Adama Traor\u00e9 \u00e9tait mort \u00e0 la gendarmerie de Persan (Val-d\u2019Oise) apr\u00e8s son interpellation. Au terme de sept ans d\u2019investigations, les juges d\u2019instruction avaient <strong>\u00e9cart\u00e9 en 2023 toute charge \u00e0 l\u2019encontre des trois gendarmes<\/strong> \u00e0 l\u2019origine de son arrestation. <a href=\"https:\/\/actu.fr\/ile-de-france\/persan_95487\/mort-d-adama-traore-la-cour-d-appel-confirme-le-non-lieu-en-pour-les-gendarmes_61077989.html\" target=\"_blank\" rel=\"noopener\">Une d\u00e9cision confirm\u00e9e en 2024<\/a>.<\/p>\n<p>Le procureur saisi<\/p>\n<p class=\" wall-content\">Cette sortie a \u00e9videmment fait r\u00e9agir les adversaires de S\u00e9bastien Delogu dans la course \u00e0 la mairie de Marseille. <a href=\"https:\/\/actu.fr\/provence-alpes-cote-d-azur\/marseille_13055\/municipales-2026-a-marseille-le-rn-peut-creer-la-surprise-assure-franck-allisio_62903402.html\" target=\"_blank\" rel=\"noopener\">Franck Allisio<\/a>, le candidat du <a href=\"https:\/\/actu.fr\/tag\/rassemblement-national-rn\" target=\"_blank\" rel=\"noopener\">Rassemblement national (RN)<\/a>, a publi\u00e9 une vid\u00e9o pour s\u2019insurger et apporter son soutien aux forces de l\u2019ordre.<\/p>\n<p class=\" wall-content\">\n<p class=\" wall-content\">Deux jours apr\u00e8s, il fait savoir dans un communiqu\u00e9 qu\u2019il a d\u00e9cid\u00e9 de signaler ses faits au procureur au titre de l\u2019article\u00a040 du Code de proc\u00e9dure p\u00e9nale.<\/p>\n<p class=\" wall-content\">Il invite \u00e9galement le ministre de l\u2019Int\u00e9rieur, <a href=\"https:\/\/actu.fr\/tag\/laurent-nunez\" target=\"_blank\" rel=\"noopener\">Laurent Nu\u00f1ez<\/a>, \u00e0 r\u00e9agir, ainsi que le maire de Marseille. \u00ab\u2009Je demande \u00e0 Beno\u00eet Payan de <strong>condamner clairement et fermement<\/strong> les propos de M. Delogu. Il n\u2019est pas question que le maire de Marseille joue l\u2019ambigu\u00eft\u00e9 sur cette question.\u2009\u00bb<\/p>\n<p>La pr\u00e9sence de S\u00e9bastien Barles d\u00e9nonc\u00e9e<\/p>\n<p class=\" wall-content\">Le maire de Marseille est aussi attaqu\u00e9 par Martine Vassal et ses soutiens. La raison\u2009? La pr\u00e9sence de S\u00e9bastien Barles, <strong>adjoint \u00e0 la mairie<\/strong>, mais soutien, avec son collectif Va\u00ef, de S\u00e9bastien Delogu depuis de nombreuses semaines.<\/p>\n<p>Votre r\u00e9gion, votre actu !<\/p>\n<p>Recevez chaque jour les infos qui comptent pour vous.<\/p>\n<p>\t<a href=\"https:\/\/actu.fr\/newsletter\" class=\"ac-btn ac-btn--corner ac-btn--medium ac-btn--blue800\" target=\"_blank\" rel=\"noopener\">S&rsquo;incrire<\/a><\/p>\n<p class=\" wall-content\">\n<p class=\" wall-content\">\u00ab\u2009<strong>Une ligne rouge vient d\u2019\u00eatre franchie<\/strong>. L\u2019extr\u00eame gauche de S\u00e9bastien Delogu scandant que \u00ab\u2009la police tue\u2009\u00bb en pr\u00e9sence de S\u00e9bastien Barles, adjoint de Beno\u00eet Payan et d\u2019Assa Traor\u00e9\u2009! L\u2019union du d\u00e9sordre \u00e0 Marseille est en cours\u2009!\u2009\u00bb, \u00e9crit Martine Vassal sur son compte X.<\/p>\n<p class=\" wall-content\">\n<p class=\" wall-content\">Contact\u00e9s, les entourages de Beno\u00eet Payan et S\u00e9bastien Delogu n\u2019ont, \u00e0 l\u2019heure de publication, pas r\u00e9agi.<\/p>\n<p class=\" wall-content\">Personnalisez votre actualit\u00e9 en ajoutant vos villes et m\u00e9dias en favori avec <a href=\"https:\/\/moncompte.actu.fr\" title=\"D\u00e9couvez Mon Actu\" rel=\"nofollow noopener\" data-trk=\"{&quot;cta&quot;:{&quot;action&quot;:&quot;https:\\\/\\\/moncompte.actu.fr&quot;,&quot;category&quot;:&quot;mon compte&quot;,&quot;from&quot;:&quot;article footer&quot;,&quot;name&quot;:&quot;Mon actu&quot;,&quot;type&quot;:&quot;cta&quot;}}\" target=\"_blank\">Mon Actu<\/a>.<\/p>\n","protected":false},"excerpt":{"rendered":"Par Thibault Nadal Publi\u00e9 le 8 d\u00e9c. 2025 \u00e0 13h40 Un premier meeting et une premi\u00e8re grosse pol\u00e9mique.&hellip;\n","protected":false},"author":2,"featured_media":586421,"comment_status":"","ping_status":"","sticky":false,"template":"","format":"standard","meta":{"footnotes":""},"categories":[2814],"tags":[1111,11,4188,1777,674,1011,27,1023,884,3434,12,316,882,25],"class_list":{"0":"post-586420","1":"post","2":"type-post","3":"status-publish","4":"format-standard","5":"has-post-thumbnail","7":"category-marseille","8":"tag-actu","9":"tag-actualites","10":"tag-elections-municipales","11":"tag-eu","12":"tag-europe","13":"tag-fr","14":"tag-france","15":"tag-la-france-insoumise-lfi","16":"tag-marseille","17":"tag-municipales-2026","18":"tag-news","19":"tag-politique","20":"tag-provence-alpes-cote-dazur","21":"tag-republique-francaise"},"share_on_mastodon":{"url":"https:\/\/pubeurope.com\/@fr\/115684222226030166","error":""},"_links":{"self":[{"href":"https:\/\/www.europesays.com\/fr\/wp-json\/wp\/v2\/posts\/586420","targetHints":{"allow":["GET"]}}],"collection":[{"href":"https:\/\/www.europesays.com\/fr\/wp-json\/wp\/v2\/posts"}],"about":[{"href":"https:\/\/www.europesays.com\/fr\/wp-json\/wp\/v2\/types\/post"}],"author":[{"embeddable":true,"href":"https:\/\/www.europesays.com\/fr\/wp-json\/wp\/v2\/users\/2"}],"replies":[{"embeddable":true,"href":"https:\/\/www.europesays.com\/fr\/wp-json\/wp\/v2\/comments?post=586420"}],"version-history":[{"count":0,"href":"https:\/\/www.europesays.com\/fr\/wp-json\/wp\/v2\/posts\/586420\/revisions"}],"wp:featuredmedia":[{"embeddable":true,"href":"https:\/\/www.europesays.com\/fr\/wp-json\/wp\/v2\/media\/586421"}],"wp:attachment":[{"href":"https:\/\/www.europesays.com\/fr\/wp-json\/wp\/v2\/media?parent=586420"}],"wp:term":[{"taxonomy":"category","embeddable":true,"href":"https:\/\/www.europesays.com\/fr\/wp-json\/wp\/v2\/categories?post=586420"},{"taxonomy":"post_tag","embeddable":true,"href":"https:\/\/www.europesays.com\/fr\/wp-json\/wp\/v2\/tags?post=586420"}],"curies":[{"name":"wp","href":"https:\/\/api.w.org\/{rel}","templated":true}]}}