{"id":586422,"date":"2025-12-08T13:38:13","date_gmt":"2025-12-08T13:38:13","guid":{"rendered":"https:\/\/www.europesays.com\/fr\/586422\/"},"modified":"2025-12-08T13:38:13","modified_gmt":"2025-12-08T13:38:13","slug":"une-influenceuse-mexicaine-violamment-agressee-a-marseille","status":"publish","type":"post","link":"https:\/\/www.europesays.com\/fr\/586422\/","title":{"rendered":"une influenceuse mexicaine violamment agress\u00e9e \u00e0 Marseille"},"content":{"rendered":"<p>En quelques heures, Mercedes Roa est pass\u00e9e du r\u00eave au cauchemar. Cette influenceuse et footballeuse mexicaine, qui compte plus de 12 millions d&rsquo;abonn\u00e9s sur TikTok, a foul\u00e9 dimanche soir la pelouse du stade V\u00e9lodrome lors de l&rsquo;\u00e9v\u00e8nement \u00ab\u00a0The Universe League\u00a0\u00bb, organis\u00e9 par Ryad Zidane, neveu de <a href=\"https:\/\/www.ledauphine.com\/p\/zinedine-zidane\" target=\"_blank\" rel=\"noopener\">Zin\u00e9dine Zidane<\/a>, lui aussi participant au match des l\u00e9gendes.<\/p>\n<p>Apr\u00e8s la rencontre, Mercedes Roa a pass\u00e9 la soir\u00e9e avec plusieurs amis, dont une footballeuse fran\u00e7aise, dans le quartier de l&rsquo;op\u00e9ra. Alors qu&rsquo;ils attendaient un taxi vers 6\u00a0heures du matin, l&rsquo;un de ses proches, un Mexicain de 18 ans, a demand\u00e9 un briquet \u00e0 des jeunes. Ces derniers l&rsquo;ont soudainement agress\u00e9, avant que le reste du groupe ne vole \u00e0 son secours.<\/p>\n<p>Trois suspects en garde \u00e0 vue, un quatri\u00e8me en fuite<\/p>\n<p>Gr\u00e2ce aux cam\u00e9ras de vid\u00e9osurveillance du quartier, la police municipale est rapidement intervenue. Selon les informations de <a href=\"https:\/\/www.laprovence.com\/article\/faits-divers-justice\/25514987040753\/la-footballeuse-et-influenceuse-mexicaine-mercedes-roa-victime-dune-violente-agression-a-marseille\" target=\"_blank\" rel=\"noopener\">La Provence<\/a>, deux personnes mineures et une majeure, tr\u00e8s alcoolis\u00e9es, ont \u00e9t\u00e9 interpell\u00e9es puis plac\u00e9es en garde \u00e0 vue. Un quatri\u00e8me individu, qui a r\u00e9ussi \u00e0 se cacher dans un immeuble puis dans un fourgon de livraison, est toujours recherch\u00e9.\u00a0<\/p>\n<p>Choqu\u00e9s, Mercedes Roa et son ami mexicain, qui a re\u00e7u un coup de poing dans le visage, ont \u00e9t\u00e9 bri\u00e8vement hospitalis\u00e9s, avant de se rendre au commissariat pour porter plainte.\u00a0<\/p>\n<p class=\"note\">&gt;&gt; Lire l&rsquo;article de<a href=\"https:\/\/www.laprovence.com\/article\/faits-divers-justice\/25514987040753\/la-footballeuse-et-influenceuse-mexicaine-mercedes-roa-victime-dune-violente-agression-a-marseille\" target=\"_blank\" rel=\"noopener\"> La Provence.<\/a><\/p>\n","protected":false},"excerpt":{"rendered":"En quelques heures, Mercedes Roa est pass\u00e9e du r\u00eave au cauchemar. Cette influenceuse et footballeuse mexicaine, qui compte&hellip;\n","protected":false},"author":2,"featured_media":586423,"comment_status":"","ping_status":"","sticky":false,"template":"","format":"standard","meta":{"footnotes":""},"categories":[2814],"tags":[1111,11,885,1777,674,274,107,1701,63,1011,27,884,12,882,25,517,1947],"class_list":{"0":"post-586422","1":"post","2":"type-post","3":"status-publish","4":"format-standard","5":"has-post-thumbnail","7":"category-marseille","8":"tag-actu","9":"tag-actualites","10":"tag-bouches-du-rhone","11":"tag-eu","12":"tag-europe","13":"tag-faits-divers-justice","14":"tag-fil-info","15":"tag-fil-info-sport","16":"tag-football","17":"tag-fr","18":"tag-france","19":"tag-marseille","20":"tag-news","21":"tag-provence-alpes-cote-dazur","22":"tag-republique-francaise","23":"tag-sport","24":"tag-sport-national"},"share_on_mastodon":{"url":"https:\/\/pubeurope.com\/@fr\/115684226188521241","error":""},"_links":{"self":[{"href":"https:\/\/www.europesays.com\/fr\/wp-json\/wp\/v2\/posts\/586422","targetHints":{"allow":["GET"]}}],"collection":[{"href":"https:\/\/www.europesays.com\/fr\/wp-json\/wp\/v2\/posts"}],"about":[{"href":"https:\/\/www.europesays.com\/fr\/wp-json\/wp\/v2\/types\/post"}],"author":[{"embeddable":true,"href":"https:\/\/www.europesays.com\/fr\/wp-json\/wp\/v2\/users\/2"}],"replies":[{"embeddable":true,"href":"https:\/\/www.europesays.com\/fr\/wp-json\/wp\/v2\/comments?post=586422"}],"version-history":[{"count":0,"href":"https:\/\/www.europesays.com\/fr\/wp-json\/wp\/v2\/posts\/586422\/revisions"}],"wp:featuredmedia":[{"embeddable":true,"href":"https:\/\/www.europesays.com\/fr\/wp-json\/wp\/v2\/media\/586423"}],"wp:attachment":[{"href":"https:\/\/www.europesays.com\/fr\/wp-json\/wp\/v2\/media?parent=586422"}],"wp:term":[{"taxonomy":"category","embeddable":true,"href":"https:\/\/www.europesays.com\/fr\/wp-json\/wp\/v2\/categories?post=586422"},{"taxonomy":"post_tag","embeddable":true,"href":"https:\/\/www.europesays.com\/fr\/wp-json\/wp\/v2\/tags?post=586422"}],"curies":[{"name":"wp","href":"https:\/\/api.w.org\/{rel}","templated":true}]}}