{"id":586426,"date":"2025-12-08T13:40:14","date_gmt":"2025-12-08T13:40:14","guid":{"rendered":"https:\/\/www.europesays.com\/fr\/586426\/"},"modified":"2025-12-08T13:40:14","modified_gmt":"2025-12-08T13:40:14","slug":"seulement-1-lyonnais-sur-4-est-ne-a-lyon-selon-cette-etude","status":"publish","type":"post","link":"https:\/\/www.europesays.com\/fr\/586426\/","title":{"rendered":"Seulement 1 lyonnais sur 4 est n\u00e9 \u00e0 Lyon selon cette \u00e9tude"},"content":{"rendered":"<p>                            <img loading=\"lazy\" width=\"1200\" height=\"798\" class=\"attachment-article size-article wp-post-image lazyload\" alt=\"\" decoding=\"async\" src=\"https:\/\/www.europesays.com\/fr\/wp-content\/uploads\/2025\/12\/AFP__20240118__HL_RMILANI_2263426__v1__HighRes__MontrougeInsee.jpg\" data-eio-rwidth=\"1200\" data-eio-rheight=\"798\"\/><\/p>\n<p>Image d\u2019illustration Insee. (Photo Riccardo Milani \/ Hans Lucas \/ Hans Lucas via AFP)<\/p>\n<p class=\"content\" style=\"font-size:1.2em;font-weight:700\">Une nouvelle \u00e9tude de l\u2019INSEE r\u00e9v\u00e8le l\u2019origine des 520 000 Lyonnais : 26% d&rsquo;entre eux sont n\u00e9s \u00e0 Lyon, alors que la population a augment\u00e9 entre 2016 et 2022. <\/p>\n<p>Dans un rapport publi\u00e9 ce lundi 8 d\u00e9cembre, l&rsquo;INSEE a d\u00e9voil\u00e9 une infographie r\u00e9pertoriant les lieux de naissances des quelques 520.000 lyonnaises et lyonnais. R\u00e9sultat, 26% des habitants de la Capitales des Gaules y sont n\u00e9s. Si l&rsquo;on se r\u00e9f\u00e8re aux chiffres de l&rsquo;institut datant de 2020, c&rsquo;est plus que Bordeaux (24%), mais toujours moins que Paris (30%) et Marseille, o\u00f9 un habitant sur deux est natif de la cit\u00e9 phoc\u00e9enne.<\/p>\n<p>Concernant les lieux de naissances des autres lyonnais, on remarque une forte concentration d&rsquo;individus n\u00e9s au sein de la r\u00e9gion Auvergne Rh\u00f4ne-Alpes (27%). La part la plus importante des lyonnais est native d&rsquo;un autre endroit en France. Enfin, les personnes n\u00e9s \u00e0 l&rsquo;\u00e9tranger repr\u00e9sentent 18 % de la population lyonnaise.<\/p>\n<p>Des natifs surrepr\u00e9sent\u00e9s dans le 4\u00e8me arrondissement<\/p>\n<p>Ce que nous apprend \u00e9galement ce rapport, c&rsquo;est la part de ces cat\u00e9gories par arrondissement. Par exemple, le 4\u00e8me est majoritairement constitu\u00e9 de natifs de Lyon, quand les franciliens s&rsquo;installent plut\u00f4t dans le 6\u00e8me arrondissement. Paradoxe pour les 8\u00e8me et 9\u00e8me arrondissement qui ont la particularit\u00e9 de \u00ab\u00a0concentrer davantage d\u2019habitants n\u00e9s \u00e0 l\u2019\u00e9tranger que les autres arrondissements (22 % contre 18 %)\u00a0\u00bb tout en accueillant une part importante de natifs lyonnais.<\/p>\n<p>A noter que la population lyonnaise est en pleine croissance. Toujours selon les chiffres de l&rsquo;INSEE, elle a augment\u00e9 de 0,2% par an entre 2016 et 2022, ce qui \u00e9quivaut \u00e0 850 habitants suppl\u00e9mentaires annuellement.<\/p>\n","protected":false},"excerpt":{"rendered":"Image d\u2019illustration Insee. (Photo Riccardo Milani \/ Hans Lucas \/ Hans Lucas via AFP) Une nouvelle \u00e9tude de&hellip;\n","protected":false},"author":2,"featured_media":586427,"comment_status":"","ping_status":"","sticky":false,"template":"","format":"standard","meta":{"footnotes":""},"categories":[1889],"tags":[1111,11,2430,1777,674,1011,27,2066,2428,40927,12,25],"class_list":{"0":"post-586426","1":"post","2":"type-post","3":"status-publish","4":"format-standard","5":"has-post-thumbnail","7":"category-lyon","8":"tag-actu","9":"tag-actualites","10":"tag-auvergne-rhone-alpes","11":"tag-eu","12":"tag-europe","13":"tag-fr","14":"tag-france","15":"tag-insee","16":"tag-lyon","17":"tag-naissances","18":"tag-news","19":"tag-republique-francaise"},"share_on_mastodon":{"url":"https:\/\/pubeurope.com\/@fr\/115684234564057687","error":""},"_links":{"self":[{"href":"https:\/\/www.europesays.com\/fr\/wp-json\/wp\/v2\/posts\/586426","targetHints":{"allow":["GET"]}}],"collection":[{"href":"https:\/\/www.europesays.com\/fr\/wp-json\/wp\/v2\/posts"}],"about":[{"href":"https:\/\/www.europesays.com\/fr\/wp-json\/wp\/v2\/types\/post"}],"author":[{"embeddable":true,"href":"https:\/\/www.europesays.com\/fr\/wp-json\/wp\/v2\/users\/2"}],"replies":[{"embeddable":true,"href":"https:\/\/www.europesays.com\/fr\/wp-json\/wp\/v2\/comments?post=586426"}],"version-history":[{"count":0,"href":"https:\/\/www.europesays.com\/fr\/wp-json\/wp\/v2\/posts\/586426\/revisions"}],"wp:featuredmedia":[{"embeddable":true,"href":"https:\/\/www.europesays.com\/fr\/wp-json\/wp\/v2\/media\/586427"}],"wp:attachment":[{"href":"https:\/\/www.europesays.com\/fr\/wp-json\/wp\/v2\/media?parent=586426"}],"wp:term":[{"taxonomy":"category","embeddable":true,"href":"https:\/\/www.europesays.com\/fr\/wp-json\/wp\/v2\/categories?post=586426"},{"taxonomy":"post_tag","embeddable":true,"href":"https:\/\/www.europesays.com\/fr\/wp-json\/wp\/v2\/tags?post=586426"}],"curies":[{"name":"wp","href":"https:\/\/api.w.org\/{rel}","templated":true}]}}