{"id":586430,"date":"2025-12-08T13:43:12","date_gmt":"2025-12-08T13:43:12","guid":{"rendered":"https:\/\/www.europesays.com\/fr\/586430\/"},"modified":"2025-12-08T13:43:12","modified_gmt":"2025-12-08T13:43:12","slug":"paris-amiante-normes-incendie-la-securite-de-la-tour-montparnasse-inquiete-les-autorites-vont-la-fermer","status":"publish","type":"post","link":"https:\/\/www.europesays.com\/fr\/586430\/","title":{"rendered":"Paris. Amiante, normes incendie\u2026 La s\u00e9curit\u00e9 de la tour Montparnasse inqui\u00e8te, les autorit\u00e9s vont la fermer"},"content":{"rendered":"<p>                    Par<br \/>\n        <strong><br \/>\n            <a href=\"https:\/\/actu.fr\/auteur\/antoine-grotteria02\" title=\"Consulter tous les articles de Antoine Grotteria\" target=\"_blank\" rel=\"noopener\">Antoine Grotteria<\/a><br \/>\n                    <\/strong><\/p>\n<p>        Publi\u00e9 le<\/p>\n<p>            8 d\u00e9c. 2025 \u00e0 14h31        <\/p>\n<p>C\u2019est une annonce saillante \u00e0 la mesure de son symbole. Gratte-ciel le plus haut de <a href=\"https:\/\/actu.fr\/paris\/\" target=\"_blank\" rel=\"noopener\">Paris<\/a>, avec ses 209\u00a0m\u00e8tres, la <a href=\"https:\/\/actu.fr\/tag\/montparnasse\" target=\"_blank\" rel=\"noopener\">tour Montparnasse<\/a> ne sera plus occup\u00e9e pendant un certain temps. Selon une information r\u00e9v\u00e9l\u00e9e par <a href=\"https:\/\/www.cfnewsimmo.net\/L-actualite\/Tete-d-affiche\/Les-autorites-decident-de-la-fermeture-de-la-Tour-Montparnasse-492971\" target=\"_blank\" rel=\"noopener\">Cfnews Immo<\/a>, et confirm\u00e9e aupr\u00e8s d\u2019actu Paris par le maire du 15e arrondissement <a href=\"https:\/\/actu.fr\/ile-de-france\/paris_75056\/c-est-inacceptable-le-coup-de-gueule-d-un-maire-d-arrondissement-apres-la-fermeture-d-un-tunnel-a-paris_61843629.html\" target=\"_blank\" rel=\"noopener\">Philippe Goujon<\/a> (LR). Les <a href=\"https:\/\/actu.fr\/tag\/prefecture-de-police-de-paris\" target=\"_blank\" rel=\"noopener\">pr\u00e9fectures de Police<\/a> de Paris et d\u2019<a href=\"https:\/\/actu.fr\/ile-de-france\/\" target=\"_blank\" rel=\"noopener\">\u00cele-de-France<\/a> ont envoy\u00e9 un <strong>courrier<\/strong> aux <strong>copropri\u00e9taires<\/strong> pour les enjoindre de <strong>fermer<\/strong> <strong>l\u2019\u00e9difice<\/strong>.<\/p>\n<p>L\u2019amiante, un sujet r\u00e9current depuis plusieurs ann\u00e9es<\/p>\n<p class=\" wall-content\">Les autorit\u00e9s ont fait savoir que cette fermeture r\u00e9sultait des \u00ab\u2009dysfonctionnements r\u00e9currents du syst\u00e8me d\u2019alarme incendie\u2009\u00bb induites \u00ab\u2009par la <a href=\"https:\/\/actu.fr\/ile-de-france\/paris_75056\/paris-huit-etages-de-la-tour-montparnasse-evacues-par-securite-l-observatoire-ferme-plusieurs-jours_63304212.html\" target=\"_blank\" rel=\"noopener\">pr\u00e9sence d\u2019amiante<\/a>\u2009\u00bb. En effet, depuis plusieurs ann\u00e9es, la soci\u00e9t\u00e9 civile alerte les pouvoirs publics sur <strong>le d\u00e9passement des seuils de pollution<\/strong> au sein de l\u2019\u00e9difice.<\/p>\n<p class=\" wall-content\">Parmi les lanceurs d\u2019alerte, l\u2019Association nationale de d\u00e9fense des victimes de l\u2019amiante (Andeva). En 2015, cette derni\u00e8re <a href=\"https:\/\/andeva.fr\/bulletins\/bulletin-de-l-andeva-n-48\/tour-montparnasse-la-responsabilite-du-prefet-est-engagee\" target=\"_blank\" rel=\"noopener\">faisait savoir<\/a> que le taux de pollution \u00e0 l\u2019amiante, class\u00e9 <strong>canc\u00e9rog\u00e8ne<\/strong> par le Centre international de recherche sur le cancer, avait d\u00e9pass\u00e9 la limite r\u00e9glementaire \u00e0 72 reprises entre\u00a02009 et\u00a02013. Certaines institutions ont jug\u00e9 le risque trop \u00e9lev\u00e9 pour garder leurs employ\u00e9s. C\u2019est le cas de la r\u00e9gion \u00cele-de-France qui a d\u00e9plac\u00e9 ses 200 employ\u00e9s en 2014.<\/p>\n<p class=\" wall-content\">Pour le moment, aucune date pr\u00e9cise n\u2019a \u00e9t\u00e9 fix\u00e9e pour \u00e9vacuer les bureaux. \u00ab\u2009Ce n\u2019est pas un arr\u00eat\u00e9 pr\u00e9fectoral, c\u2019est plus une information pr\u00e9alable pour <strong>pr\u00e9parer les esprits<\/strong>\u2009\u00bb, explique Philippe Goujon, joint au t\u00e9l\u00e9phone.<\/p>\n<p class=\" wall-content\">Les d\u00e9lais d\u2019\u00e9vacuation et de s\u00e9curisation restent encore incertains. \u00ab\u2009Cela peut prendre du temps\u2009\u00bb, pr\u00e9cise le maire du 15e arrondissement. Car il faut d\u00e9m\u00e9nager les postes de travail et vider les bureaux de la tour. En 2023, il en existait 130, compos\u00e9s <strong>500 postes de travail<\/strong>, soit 90\u2009% de taux de remplissage. D\u2019apr\u00e8s Cfnews Immo, le chiffre a chut\u00e9 \u00e0 pr\u00e8s de <strong>40\u2009%.<\/strong><\/p>\n<p>Un gros chantier \u00e0 venir\u2026 D\u00e8s 2026\u2009?<\/p>\n<p class=\" wall-content\">Hasard ou pas, la fermeture est annonc\u00e9e quelques jours apr\u00e8s le d\u00e9part du chef de la copropri\u00e9t\u00e9 <strong>Fr\u00e9d\u00e9ric Lemos<\/strong>, comme l\u2019avait annonc\u00e9 <a href=\"https:\/\/www.lalettre.fr\/fr\/entreprises_comex-et-ca\/2025\/11\/26\/l-homme-orchestre-du-chantier-de-la-tour-montparnasse-revoque,110565676-art\" target=\"_blank\" rel=\"noopener\">La Lettre<\/a>. Cet homme d\u2019affaires s\u2019\u00e9tait \u00e9rig\u00e9 en instigateur du gigantesque chantier de r\u00e9novation du gratte-ciel. Entre agrandissement et implantation d\u2019une serre, le projet \u00e9tait estim\u00e9 \u00e0 624\u00a0millions, selon <a href=\"https:\/\/www.lefigaro.fr\/conjoncture\/tour-montparnasse-une-rehabilitation-a-624-millions-d-euros-une-terrasse-tres-disputee-et-du-rififi-a-presque-tous-les-etages-20250724\" target=\"_blank\" rel=\"noopener\">Le Figaro<\/a>.<\/p>\n<p class=\" wall-content\">\u00ab\u2009C\u2019est un sujet dans les tuyaux depuis la p\u00e9riode Delan\u00f6e\u2009\u00bb, rappelle le maire du 15e arrondissement. Dans quelques mois, les parois de la tour seront <strong>retir\u00e9es<\/strong>, alors que le noyau central, qui repose sur 56 piliers en b\u00e9ton arm\u00e9 plong\u00e9s \u00e0 70\u00a0m\u00e8tres de profondeur, sera <strong>conserv\u00e9<\/strong>.<\/p>\n<p>Votre r\u00e9gion, votre actu !<\/p>\n<p>Recevez chaque jour les infos qui comptent pour vous.<\/p>\n<p>\t<a href=\"https:\/\/actu.fr\/newsletter\" class=\"ac-btn ac-btn--corner ac-btn--medium ac-btn--blue800\" target=\"_blank\" rel=\"noopener\">S&rsquo;incrire<\/a><\/p>\n<p class=\" wall-content\">Les travaux devraient d\u00e9marrer <strong>courant 2026<\/strong>. Pour Philippe Goujon, il pourrait s\u2019agir de \u00ab\u2009juin\u2009\u00bb. Mais cette annonce pourrait engendrer une modification des plans. Contact\u00e9es, ni la pr\u00e9fecture de Police ni la pr\u00e9fecture d\u2019\u00cele-de-France n\u2019avaient r\u00e9pondu, \u00e0 l\u2019heure o\u00f9 nous publions l\u2019article, aux sollicitations d\u2019actu Paris.<\/p>\n<p class=\" wall-content\">Personnalisez votre actualit\u00e9 en ajoutant vos villes et m\u00e9dias en favori avec <a href=\"https:\/\/moncompte.actu.fr\" title=\"D\u00e9couvez Mon Actu\" rel=\"nofollow noopener\" data-trk=\"{&quot;cta&quot;:{&quot;action&quot;:&quot;https:\\\/\\\/moncompte.actu.fr&quot;,&quot;category&quot;:&quot;mon compte&quot;,&quot;from&quot;:&quot;article footer&quot;,&quot;name&quot;:&quot;Mon actu&quot;,&quot;type&quot;:&quot;cta&quot;}}\" target=\"_blank\">Mon Actu<\/a>.<\/p>\n","protected":false},"excerpt":{"rendered":"Par Antoine Grotteria Publi\u00e9 le 8 d\u00e9c. 2025 \u00e0 14h31 C\u2019est une annonce saillante \u00e0 la mesure de&hellip;\n","protected":false},"author":2,"featured_media":586431,"comment_status":"","ping_status":"","sticky":false,"template":"","format":"standard","meta":{"footnotes":""},"categories":[1888],"tags":[1111,1928,11,1927,1777,674,1011,27,11674,12,1926,626,1925,1931,25,104],"class_list":{"0":"post-586430","1":"post","2":"type-post","3":"status-publish","4":"format-standard","5":"has-post-thumbnail","7":"category-paris","8":"tag-actu","9":"tag-actu-paris","10":"tag-actualites","11":"tag-actualites-paris","12":"tag-eu","13":"tag-europe","14":"tag-fr","15":"tag-france","16":"tag-montparnasse","17":"tag-news","18":"tag-news-paris","19":"tag-paris","20":"tag-paris-news","21":"tag-prefecture-de-police-de-paris","22":"tag-republique-francaise","23":"tag-societe"},"share_on_mastodon":{"url":"https:\/\/pubeurope.com\/@fr\/115684245816557302","error":""},"_links":{"self":[{"href":"https:\/\/www.europesays.com\/fr\/wp-json\/wp\/v2\/posts\/586430","targetHints":{"allow":["GET"]}}],"collection":[{"href":"https:\/\/www.europesays.com\/fr\/wp-json\/wp\/v2\/posts"}],"about":[{"href":"https:\/\/www.europesays.com\/fr\/wp-json\/wp\/v2\/types\/post"}],"author":[{"embeddable":true,"href":"https:\/\/www.europesays.com\/fr\/wp-json\/wp\/v2\/users\/2"}],"replies":[{"embeddable":true,"href":"https:\/\/www.europesays.com\/fr\/wp-json\/wp\/v2\/comments?post=586430"}],"version-history":[{"count":0,"href":"https:\/\/www.europesays.com\/fr\/wp-json\/wp\/v2\/posts\/586430\/revisions"}],"wp:featuredmedia":[{"embeddable":true,"href":"https:\/\/www.europesays.com\/fr\/wp-json\/wp\/v2\/media\/586431"}],"wp:attachment":[{"href":"https:\/\/www.europesays.com\/fr\/wp-json\/wp\/v2\/media?parent=586430"}],"wp:term":[{"taxonomy":"category","embeddable":true,"href":"https:\/\/www.europesays.com\/fr\/wp-json\/wp\/v2\/categories?post=586430"},{"taxonomy":"post_tag","embeddable":true,"href":"https:\/\/www.europesays.com\/fr\/wp-json\/wp\/v2\/tags?post=586430"}],"curies":[{"name":"wp","href":"https:\/\/api.w.org\/{rel}","templated":true}]}}