{"id":586434,"date":"2025-12-08T13:45:14","date_gmt":"2025-12-08T13:45:14","guid":{"rendered":"https:\/\/www.europesays.com\/fr\/586434\/"},"modified":"2025-12-08T13:45:14","modified_gmt":"2025-12-08T13:45:14","slug":"qui-sont-andre-parsy-louis-didion-et-robert-defossez","status":"publish","type":"post","link":"https:\/\/www.europesays.com\/fr\/586434\/","title":{"rendered":"qui sont Andr\u00e9 Parsy, Louis Didion et Robert D\u00e9fossez\u00a0?"},"content":{"rendered":"<p>                    Par<br \/>\n        <strong><br \/>\n            <a href=\"https:\/\/actu.fr\/auteur\/redaction-lille\" title=\"Consulter tous les articles de R\u00e9daction Lille\" target=\"_blank\" rel=\"noopener\">R\u00e9daction Lille<\/a><br \/>\n                    <\/strong><\/p>\n<p>        Publi\u00e9 le<\/p>\n<p>            8 d\u00e9c. 2025 \u00e0 13h42        <\/p>\n<p><b>Pendant la Seconde guerre mondiale<\/b>, des millions de personnes ont \u00e9t\u00e9 d\u00e9port\u00e9es parce qu\u2019elles \u00e9taient juives, homosexuelles, r\u00e9sistantes. Mais on le sait peu, le <b>fait d\u2019\u00eatre catholique<\/b> fut aussi une cause d\u2019arrestation et de d\u00e9portation. Samedi 13 d\u00e9cembre \u00e0 14\u2009h\u200930 \u00e0 la <a href=\"https:\/\/actu.fr\/tag\/cathedrale-notre-dame-de-paris\" target=\"_blank\" rel=\"noopener\">cath\u00e9drale Notre-Dame de Paris<\/a> aura lieu la <b>b\u00e9atification de 50 religieux, s\u00e9minaristes et fid\u00e8les la\u00efcs morts en\u00a01944 et\u00a01945 en haine de la foi.<\/b> Trois d\u2019entre eux sont originaires du <a href=\"https:\/\/actu.fr\/hauts-de-france\/nord_59\" target=\"_blank\" rel=\"noopener\">Nord<\/a>\u2009: <b>Andr\u00e9 Parsy, Robert D\u00e9fossez et Louis Didon<\/b>. L\u2019un \u00e9tait jociste et les deux autres scouts.<\/p>\n<p>Le STO<\/p>\n<p class=\" wall-content\">Environ 300\u2009000 jeunes Fran\u00e7ais entre 19 et 25 ans ont \u00e9t\u00e9 envoy\u00e9s en Allemagne comme ouvriers entre 1940 et 1944. Dans le cadre de ce Service du travail obligatoire (STO), ces jeunes \u00e9taient engag\u00e9s pour au moins deux ans afin de contribuer \u00e0 \u00ab\u2009l\u2019effort de guerre\u2009\u00bb, en particulier dans la m\u00e9tallurgie. Ils recevaient symboliquement un salaire, avaient deux semaines de vacances par an. Toutefois, ils ne disposaient d\u2019aucune assistance spirituelle, n\u2019\u00e9tant pas prot\u00e9g\u00e9s par la convention de Gen\u00e8ve.<\/p>\n<p class=\" wall-content\">Des \u00e9v\u00eaques fran\u00e7ais, en particulier le cardinal Emmanuel Suhard (1874-1949), archev\u00eaque de Paris, et l\u2019abb\u00e9 Jean Rodhain, initiateur du Secours catholique, ont port\u00e9 le souci de ces jeunes. Ils ont mis sur pied la \u00ab\u2009Mission saint Paul\u2009\u00bb, qui a consist\u00e9 \u00e0 envoyer des pr\u00eatres, s\u00e9minaristes, religieux, militants de l\u2019Action catholique, scouts, pour exercer un apostolat aupr\u00e8s des jeunes ouvriers d\u00e9port\u00e9s. Ces volontaires savaient en partant qu\u2019ils y allaient sans aucune protection, en \u00ab\u2009clandestins\u2009\u00bb.<\/p>\n<p>L\u2019ordonnance Kaltenbrunner<\/p>\n<p class=\" wall-content\">Le 3\u00a0d\u00e9cembre 1943 est parue l\u2019ordonnance \u00ab\u2009Kaltenbrunner\u2009\u00bb, qui ordonnait l\u2019\u00e9limination de tous ceux qui menaient une activit\u00e9 religieuse aupr\u00e8s des jeunes du STO. On consid\u00e9rait leurs activit\u00e9s \u00ab\u2009missionnaires\u2009\u00bb comme anti-allemandes, alors qu\u2019il s\u2019agissait uniquement d\u2019apporter les sacrements, encourageant les uns, soutenant les autres. C\u2019est pourquoi on parle du \u00ab\u2009martyre de l\u2019apostolat\u2009\u00bb.<\/p>\n<p>Andr\u00e9, Robert et Louis<\/p>\n<p class=\" wall-content\">50 de ces missionnaires ont \u00e9t\u00e9 d\u00e9port\u00e9s et sont morts. Parmi eux, trois jeunes \u00e9taient nordistes, de 22 \u00e0 28 ans.<\/p>\n<ul class=\" wall-content\">\n<li><b>Andr\u00e9 Parsy<\/b> \u00e9tait du dioc\u00e8se de Lille, responsable de la JOC de Roubaix. N\u00e9 \u00e0 Roubaix le 24\u00a0d\u00e9cembre 1922. Motif d\u2019arrestation\u2009: \u00ab\u2009Parce que jociste qui re\u00e7oit des consignes du cardinal Suhard pour lutter contre le national-socialisme\u2009\u00bb. Il est d\u00e9c\u00e9d\u00e9 \u00e0 Trebitz le 26\u00a0d\u00e9cembre 1944.<\/li>\n<li><b>Louis Didion<\/b>, scout n\u00e9 \u00e0 Dunkerque le 2\u00a0mai 1917. Motif d\u2019arrestation\u2009: \u00ab\u2009Scout relais de l\u2019Action catholique\u2009\u00bb. Il est mort dans le camp de Buchenwald le 16\u00a0f\u00e9vrier 1945.<\/li>\n<li><b>Robert D\u00e9fossez<\/b>, lui, est n\u00e9 \u00e0 Cambrai le 3\u00a0juin 1920. Motif d\u2019arrestation\u2009: \u00ab\u2009Scout\u2009\u00bb. Intern\u00e9 \u00e0 Buchenwald, il y est mort le 17\u00a0janvier 1945.<\/li>\n<\/ul>\n<p>Votre r\u00e9gion, votre actu !<\/p>\n<p>Recevez chaque jour les infos qui comptent pour vous.<\/p>\n<p>\t<a href=\"https:\/\/actu.fr\/newsletter\" class=\"ac-btn ac-btn--corner ac-btn--medium ac-btn--blue800\" target=\"_blank\" rel=\"noopener\">S&rsquo;incrire<\/a><\/p>\n<p class=\" wall-content\">N\u00e9 en juin\u00a01920, Robert D\u00e9fossez s\u2019engage (1939) pour d\u00e9fendre son pays au 194e r\u00e9giment d\u2019artillerie lourde tract\u00e9e \u00e0 Bordeaux (Gironde). Mai\u00a01940\u2009: fait prisonnier, il est intern\u00e9 \u00e0 la citadelle d\u2019Amiens (Somme).<\/p>\n<p>Mari\u00e9 par procuration<\/p>\n<p class=\" wall-content\">En juin, il voit sa fianc\u00e9e Alfreda Maria pour la derni\u00e8re fois. Fin 40, il d\u00e9couvre le scoutisme dans le Stalag o\u00f9 il est enferm\u00e9, pr\u00e8s de Bonn (All.). 1942\u00a0: il prononce sa promesse, se marie civilement par procuration et int\u00e8gre le clan scout Notre-Dame de la Route.<\/p>\n<p>Le scoutisme interdit, il est d\u00e9nonc\u00e9<\/p>\n<p class=\" wall-content\">Mais le scoutisme est une activit\u00e9 interdite et, d\u00e9nonc\u00e9 par un camarade, Robert est d\u00e9port\u00e9 au camp de la mort de Buchenwald, matricule\u00a081813. Apr\u00e8s une s\u00e9v\u00e8re septic\u00e9mie, il y meurt le 17\u00a0janvier 1945, \u00e0 24\u00a0ans. Deux jours apr\u00e8s, son corps est br\u00fbl\u00e9 dans un four cr\u00e9matoire.<\/p>\n<p class=\" wall-content\">Sur l\u2019acte d\u2019accusation des 14 martyrs, une seule mention\u2009: scout.<\/p>\n<p>Six \u00ab\u2009Stolpersteines\u2009\u00bb \u00e0 Cambrai<\/p>\n<p class=\" wall-content\">\u00c0 Cambrai, 5 rue de la Porte Notre Dame, six pav\u00e9s en laiton [10 cm de c\u00f4t\u00e9, enfonc\u00e9s dans le sol, ndlr] signalent l\u2019ancienne habitation du futur bienheureux\u2009; ils ont \u00e9t\u00e9 r\u00e9alis\u00e9s en d\u00e9but d\u2019ann\u00e9e par Gunter Demnig, artiste allemand berlinois, \u00e0 l\u2019invitation d\u2019\u00e9l\u00e8ves de l\u2019Ensemble Saint Luc et de leur professeur d\u2019allemand. Un beau geste m\u00e9moriel.<\/p>\n<p class=\" wall-content\"><b>Anne-Sophie Hourdeaux\u00a0et Philippe Courcier<\/b><\/p>\n<p class=\" wall-content\">Personnalisez votre actualit\u00e9 en ajoutant vos villes et m\u00e9dias en favori avec <a href=\"https:\/\/moncompte.actu.fr\" title=\"D\u00e9couvez Mon Actu\" rel=\"nofollow noopener\" data-trk=\"{&quot;cta&quot;:{&quot;action&quot;:&quot;https:\\\/\\\/moncompte.actu.fr&quot;,&quot;category&quot;:&quot;mon compte&quot;,&quot;from&quot;:&quot;article footer&quot;,&quot;name&quot;:&quot;Mon actu&quot;,&quot;type&quot;:&quot;cta&quot;}}\" target=\"_blank\">Mon Actu<\/a>.<\/p>\n","protected":false},"excerpt":{"rendered":"Par R\u00e9daction Lille Publi\u00e9 le 8 d\u00e9c. 2025 \u00e0 13h42 Pendant la Seconde guerre mondiale, des millions de&hellip;\n","protected":false},"author":2,"featured_media":586435,"comment_status":"","ping_status":"","sticky":false,"template":"","format":"standard","meta":{"footnotes":""},"categories":[1888],"tags":[11,1777,674,1011,27,12,3341,626,4020,25,104],"class_list":{"0":"post-586434","1":"post","2":"type-post","3":"status-publish","4":"format-standard","5":"has-post-thumbnail","7":"category-paris","8":"tag-actualites","9":"tag-eu","10":"tag-europe","11":"tag-fr","12":"tag-france","13":"tag-news","14":"tag-notre-dame-de-paris","15":"tag-paris","16":"tag-religion","17":"tag-republique-francaise","18":"tag-societe"},"share_on_mastodon":{"url":"https:\/\/pubeurope.com\/@fr\/115684253563925906","error":""},"_links":{"self":[{"href":"https:\/\/www.europesays.com\/fr\/wp-json\/wp\/v2\/posts\/586434","targetHints":{"allow":["GET"]}}],"collection":[{"href":"https:\/\/www.europesays.com\/fr\/wp-json\/wp\/v2\/posts"}],"about":[{"href":"https:\/\/www.europesays.com\/fr\/wp-json\/wp\/v2\/types\/post"}],"author":[{"embeddable":true,"href":"https:\/\/www.europesays.com\/fr\/wp-json\/wp\/v2\/users\/2"}],"replies":[{"embeddable":true,"href":"https:\/\/www.europesays.com\/fr\/wp-json\/wp\/v2\/comments?post=586434"}],"version-history":[{"count":0,"href":"https:\/\/www.europesays.com\/fr\/wp-json\/wp\/v2\/posts\/586434\/revisions"}],"wp:featuredmedia":[{"embeddable":true,"href":"https:\/\/www.europesays.com\/fr\/wp-json\/wp\/v2\/media\/586435"}],"wp:attachment":[{"href":"https:\/\/www.europesays.com\/fr\/wp-json\/wp\/v2\/media?parent=586434"}],"wp:term":[{"taxonomy":"category","embeddable":true,"href":"https:\/\/www.europesays.com\/fr\/wp-json\/wp\/v2\/categories?post=586434"},{"taxonomy":"post_tag","embeddable":true,"href":"https:\/\/www.europesays.com\/fr\/wp-json\/wp\/v2\/tags?post=586434"}],"curies":[{"name":"wp","href":"https:\/\/api.w.org\/{rel}","templated":true}]}}