{"id":586446,"date":"2025-12-08T13:52:17","date_gmt":"2025-12-08T13:52:17","guid":{"rendered":"https:\/\/www.europesays.com\/fr\/586446\/"},"modified":"2025-12-08T13:52:17","modified_gmt":"2025-12-08T13:52:17","slug":"donald-tusk-dit-il-que-la-pologne-allait-payer-pour-les-crimes-de-lallemagne-nazie","status":"publish","type":"post","link":"https:\/\/www.europesays.com\/fr\/586446\/","title":{"rendered":"Donald Tusk dit-il que la Pologne allait payer pour les crimes de l\u2019Allemagne nazie\u00a0?"},"content":{"rendered":"<p>Une s\u00e9rie de messages publi\u00e9s r\u00e9cemment sur <strong>Facebook et X<\/strong> ont accus\u00e9 le Premier ministre polonais <strong>Donald Tusk<\/strong> d&rsquo;avoir convenu que \u00ab\u00a0la Pologne paiera pour les Allemands\u00a0\u00bb, \u00e0 la suite d&rsquo;entretiens de haut niveau avec le chancelier allemand <strong>Friedrich Merz<\/strong> qui ont abord\u00e9 la question de longue date des r\u00e9parations de la Seconde Guerre mondiale.<\/p>\n<p>Selon un<a href=\"https:\/\/resfutura.pl\/021225-2\/\" target=\"_blank\" rel=\"noreferrer noopener\"> <strong>rapport de Res Futura<\/strong><\/a>, une ONG polonaise sp\u00e9cialis\u00e9e dans la s\u00e9curit\u00e9 de l&rsquo;information, cette phrase est apparue dans des dizaines de messages sur diff\u00e9rentes plateformes et a domin\u00e9 les discussions en ligne.<\/p>\n<p>Un examen des propos tenus par Donald Tusk lors de la conf\u00e9rence de presse sugg\u00e8re que plusieurs des affirmations qui circulent \u00e0 son sujet sont trompeuses.<\/p>\n<p>Le Cube, l&rsquo;\u00e9quipe de fact-checking d&rsquo;Euronews, a constat\u00e9, avec l&rsquo;analyse de Res Futura, que les r\u00e9actions en ligne se concentraient souvent sur un fragment des commentaires de Donald Tusk et ignoraient le contexte plus large.<\/p>\n<p><strong>Qu&rsquo;a dit Donald Tusk ?<\/strong><\/p>\n<p>Lors de la conf\u00e9rence de presse qui s&rsquo;est tenue \u00e0 Berlin la semaine derni\u00e8re, il a exhort\u00e9 l&rsquo;Allemagne \u00e0 acc\u00e9l\u00e9rer les paiements pour les quelque 50 000 survivants polonais des atrocit\u00e9s de la Seconde Guerre mondiale qui sont encore en vie.<\/p>\n<p>Le parti Droit et Justice (PiS), anciennement au pouvoir en Pologne, demande depuis longtemps \u00e0 l&rsquo;Allemagne de payer des r\u00e9parations pour l&rsquo;occupation de la Pologne pendant la Seconde Guerre mondiale, qui a d\u00e9vast\u00e9 Varsovie et tu\u00e9 environ un cinqui\u00e8me de la population polonaise d&rsquo;avant-guerre.<\/p>\n<p>Le PiS a calcul\u00e9 que le montant s&rsquo;\u00e9levait \u00e0 <strong>6,2 trillions de z\u0142oty (environ 1 300 milliards d&rsquo;euros au taux de change actuel)<\/strong>. Donald Tusk et son parti, la Coalition civique, n&rsquo;ont pas exig\u00e9 le montant total, mais ont demand\u00e9 \u00e0 Berlin de trouver d&rsquo;autres solutions, y compris le versement d&rsquo;une aide aux milliers de Polonais ayant surv\u00e9cu au Troisi\u00e8me Reich.<\/p>\n<p>Depuis qu&rsquo;il a \u00e9voqu\u00e9 cette id\u00e9e pour la premi\u00e8re fois avec Berlin, le dirigeant polonais a d\u00e9clar\u00e9 le 1er d\u00e9cembre qu&rsquo;au moins 10 000 survivants \u00e9taient d\u00e9c\u00e9d\u00e9s.<\/p>\n<p>Tout en exhortant Berlin \u00e0 acc\u00e9l\u00e9rer les paiements, le Premier ministre polonais a ajout\u00e9 que s&rsquo;ils ne le faisaient pas rapidement, \u00ab\u00a0<strong>j&rsquo;envisagerai que la Pologne r\u00e9ponde \u00e0 ce besoin avec ses propres ressources<\/strong>\u00ab\u00a0.<\/p>\n<p>Selon Res Futura, les commentaires de Donald Tusk se sont largement r\u00e9pandus sur les R\u00e9seaux sociaux par le biais de la phrase \u00ab\u00a0<strong>La Pologne paie pour les Allemands<\/strong>\u00ab\u00a0. La plupart des messages provenaient de comptes li\u00e9s au PiS et \u00e9taient souvent d\u00e9tach\u00e9s du contexte plus large des propos de Tusk.<\/p>\n<p><strong>Piotr Buras<\/strong>, directeur du bureau de Varsovie du Conseil europ\u00e9en des relations \u00e9trang\u00e8res, a d\u00e9clar\u00e9 au Cube que la remarque de Donald Tusk visait \u00e0 exercer une pression sur l&rsquo;Allemagne plut\u00f4t qu&rsquo;\u00e0 sugg\u00e9rer que la Pologne allait payer les factures de l&rsquo;Allemagne.<\/p>\n<p>\u00ab\u00a0Il s&rsquo;agit de faire honte aux Allemands et non de promettre de payer quoi que ce soit\u00a0\u00bb, a d\u00e9clar\u00e9 Piotr Buras. \u00ab\u00a0Il s&rsquo;agit d&rsquo;environ 50 000 personnes tr\u00e8s \u00e2g\u00e9es. Si l&rsquo;Allemagne n&rsquo;est pas en mesure de couvrir ce montant symbolique, la Pologne s&rsquo;occupera de ses propres citoyens.\u00a0\u00bb<\/p>\n<p><strong>Le d\u00e9bat sur les r\u00e9parations<\/strong><\/p>\n<p>Un expert juridique a d\u00e9clar\u00e9 au Cube que la question de savoir si la Pologne peut encore exiger des r\u00e9parations ne peut \u00eatre tranch\u00e9e par un simple oui ou non.<\/p>\n<p>L&rsquo;Allemagne fait valoir que la question juridique a \u00e9t\u00e9 r\u00e9gl\u00e9e \u00e0 deux reprises : <strong>d&rsquo;abord en 1953<\/strong>, lorsque la Pologne a renonc\u00e9 \u00e0 ses demandes d&rsquo;indemnisation dans le cadre d&rsquo;un accord avec l&rsquo;Allemagne de l&rsquo;Est, <strong>puis en 1990,<\/strong> lorsque l&rsquo;Allemagne s&rsquo;est r\u00e9unifi\u00e9e et qu&rsquo;aucune demande n&rsquo;a \u00e9t\u00e9 introduite contre la nouvelle r\u00e9publique f\u00e9d\u00e9rale. La Pologne n&rsquo;\u00e9tait pas signataire de l&rsquo;accord de r\u00e9unification.<\/p>\n<p><strong>Louis Le Hardy de Beaulieu<\/strong>, professeur de droit international \u00e0 l&rsquo;UCLouvain, a d\u00e9clar\u00e9 que \u00ab\u00a0de ces deux points de vue, l&rsquo;Allemagne soutient qu&rsquo;il n&rsquo;y a pas de base juridique pour aller plus loin\u00a0\u00bb et que l&rsquo;argument \u00ab\u00a0comporte des \u00e9l\u00e9ments cr\u00e9dibles\u00a0\u00bb.<\/p>\n<p>La Pologne, quant \u00e0 elle, a affirm\u00e9 que la d\u00e9claration de 1953 n&rsquo;\u00e9tait pas valable car elle a \u00e9t\u00e9 faite alors que le pays \u00e9tait sous contr\u00f4le sovi\u00e9tique.<\/p>\n<p>\u00ab\u00a0Si nous acceptions cet argument, nous devrions revoir tous les trait\u00e9s sign\u00e9s sous un r\u00e9gime diff\u00e9rent de celui qui est actuellement au pouvoir\u00a0\u00bb, a d\u00e9clar\u00e9 M. Le Hardy de Beaulieu au Cube.<\/p>\n<p>Selon <strong>Jan Parys<\/strong>, ancien ministre polonais de la D\u00e9fense et homme politique ind\u00e9pendant, Donald Tusk a ignor\u00e9 une motion adopt\u00e9e \u00e0 la quasi-unanimit\u00e9 par le parlement polonais, selon laquelle l&rsquo;Allemagne devrait payer l&rsquo;int\u00e9gralit\u00e9 des r\u00e9parations.<\/p>\n<p>\u00ab\u00a0Il existe un consensus au niveau national sur le fait que la question de la guerre n&rsquo;a jamais \u00e9t\u00e9 v\u00e9ritablement r\u00e9gl\u00e9e\u00a0\u00bb, affirme t-il au Cube. \u00ab\u00a0L&rsquo;\u00c9tat allemand a vers\u00e9 des sommes importantes \u00e0 la Grande-Bretagne, aux \u00c9tats-Unis et \u00e0 la France, mais avec la Pologne, nous n&rsquo;avons re\u00e7u qu&rsquo;un fonds minimal pour les anciens prisonniers des camps de concentration.\u00a0\u00bb<\/p>\n<p>\u00ab\u00a0Donald Tusk a pr\u00e9sent\u00e9 une d\u00e9cision qui allait \u00e0 l&rsquo;encontre de la d\u00e9cision du Parlement polonais\u00a0\u00bb, a-t-il ajout\u00e9.<\/p>\n<p>Au-del\u00e0 des questions juridiques, <strong>Piotr Buras<\/strong> a d\u00e9clar\u00e9 que le fait que la Pologne demande des r\u00e9parations compl\u00e8tes \u00e0 l&rsquo;Allemagne risquerait de provoquer une crise politique et de menacer la coop\u00e9ration entre les deux pays.<\/p>\n<p>\u00ab\u00a0Ce serait la seule question qui dominerait cette relation\u00a0\u00bb, a-t-il d\u00e9clar\u00e9 au Cube.<\/p>\n<p><strong>Tusk est-il \u00ab\u00a0pro-allemand\u00a0\u00bb ?<\/strong><\/p>\n<p>Selon Res Futura, de nombreux messages viraux sur Facebook et X accusent \u00e9galement Donald Tusk d&rsquo;\u00eatre un \u00ab\u00a0politicien pro-allemand\u00a0\u00bb et un \u00ab\u00a0tra\u00eetre\u00a0\u00bb, des affirmations qui ont \u00e9t\u00e9 formul\u00e9es \u00e0 son encontre depuis des ann\u00e9es.<\/p>\n<p>\u00ab\u00a0Ceux qui veulent d\u00e9peindre Tusk comme un agent allemand et quelqu&rsquo;un qui sacrifie les int\u00e9r\u00eats polonais le feront quelles que soient ses intentions et sa politique\u00a0\u00bb, a d\u00e9clar\u00e9 Piotr Buras.<\/p>\n<p>\u00ab\u00a0L&rsquo;Allemagne repr\u00e9sente, d&rsquo;une certaine mani\u00e8re, l&rsquo;Europe occidentale dans le discours polonais\u00a0\u00bb, a-t-il ajout\u00e9. \u00ab\u00a0Et Donald Tusk est consid\u00e9r\u00e9 comme un homme politique pro-europ\u00e9en.\u00a0\u00bb<\/p>\n<p>Jan Parys a aussi d\u00e9clar\u00e9 au Cube que cette perception \u00e9tait ancr\u00e9e dans les d\u00e9cisions pass\u00e9es de Tusk lorsqu&rsquo;il dirigeait la Pologne, y compris sa coop\u00e9ration \u00e9troite avec Angela Merkel et ses d\u00e9saccords sur la politique de s\u00e9curit\u00e9.<\/p>\n<p>\u00ab\u00a0<strong>La Pologne est divis\u00e9e<\/strong>\u00ab\u00a0, a-t-il d\u00e9clar\u00e9. \u00ab\u00a0L&rsquo;opposition est favorable \u00e0 la coop\u00e9ration avec les \u00c9tats-Unis, tandis que le gouvernement, dirig\u00e9 par Donald Tusk, pr\u00e9f\u00e8re la coop\u00e9ration avec l&rsquo;Allemagne.\u00a0\u00bb<\/p>\n","protected":false},"excerpt":{"rendered":"Une s\u00e9rie de messages publi\u00e9s r\u00e9cemment sur Facebook et X ont accus\u00e9 le Premier ministre polonais Donald Tusk&hellip;\n","protected":false},"author":2,"featured_media":586447,"comment_status":"","ping_status":"","sticky":false,"template":"","format":"standard","meta":{"footnotes":""},"categories":[1587],"tags":[11,672,1804,1805,1803,1777,674,10063,1801,55772,12,2437,1802,935,66223],"class_list":{"0":"post-586446","1":"post","2":"type-post","3":"status-publish","4":"format-standard","5":"has-post-thumbnail","7":"category-allemagne","8":"tag-actualites","9":"tag-allemagne","10":"tag-bundesrepublik-deutschland","11":"tag-de","12":"tag-deutschland","13":"tag-eu","14":"tag-europe","15":"tag-fact-checking","16":"tag-germany","17":"tag-indemnite-de-guerre","18":"tag-news","19":"tag-pologne","20":"tag-republique-federale-dallemagne","21":"tag-seconde-guerre-mondiale","22":"tag-thecube"},"share_on_mastodon":{"url":"https:\/\/pubeurope.com\/@fr\/115684281235767235","error":""},"_links":{"self":[{"href":"https:\/\/www.europesays.com\/fr\/wp-json\/wp\/v2\/posts\/586446","targetHints":{"allow":["GET"]}}],"collection":[{"href":"https:\/\/www.europesays.com\/fr\/wp-json\/wp\/v2\/posts"}],"about":[{"href":"https:\/\/www.europesays.com\/fr\/wp-json\/wp\/v2\/types\/post"}],"author":[{"embeddable":true,"href":"https:\/\/www.europesays.com\/fr\/wp-json\/wp\/v2\/users\/2"}],"replies":[{"embeddable":true,"href":"https:\/\/www.europesays.com\/fr\/wp-json\/wp\/v2\/comments?post=586446"}],"version-history":[{"count":0,"href":"https:\/\/www.europesays.com\/fr\/wp-json\/wp\/v2\/posts\/586446\/revisions"}],"wp:featuredmedia":[{"embeddable":true,"href":"https:\/\/www.europesays.com\/fr\/wp-json\/wp\/v2\/media\/586447"}],"wp:attachment":[{"href":"https:\/\/www.europesays.com\/fr\/wp-json\/wp\/v2\/media?parent=586446"}],"wp:term":[{"taxonomy":"category","embeddable":true,"href":"https:\/\/www.europesays.com\/fr\/wp-json\/wp\/v2\/categories?post=586446"},{"taxonomy":"post_tag","embeddable":true,"href":"https:\/\/www.europesays.com\/fr\/wp-json\/wp\/v2\/tags?post=586446"}],"curies":[{"name":"wp","href":"https:\/\/api.w.org\/{rel}","templated":true}]}}