{"id":586450,"date":"2025-12-08T13:54:16","date_gmt":"2025-12-08T13:54:16","guid":{"rendered":"https:\/\/www.europesays.com\/fr\/586450\/"},"modified":"2025-12-08T13:54:16","modified_gmt":"2025-12-08T13:54:16","slug":"immigration-lunion-europeenne-serre-la-vis-lenvoi-de-migrants-dans-des-centres-hors-ue-evoque-actualites","status":"publish","type":"post","link":"https:\/\/www.europesays.com\/fr\/586450\/","title":{"rendered":"Immigration : l\u2019Union europ\u00e9enne serre la vis, l\u2019envoi de migrants dans des centres hors UE \u00e9voqu\u00e9 : Actualit\u00e9s"},"content":{"rendered":"<p class=\"lead \"><strong>Lundi 8 d\u00e9cembre, les pays de l\u2019Union europ\u00e9enne ont donn\u00e9 leur accord sur trois textes qui durcissent la politique migratoire de l\u2019organisation. Ce feu vert ouvre la voie au renvoi de migrants dans des centres hors de l\u2019espace.<\/strong><\/p>\n<p class=\"lead \">Une belle victoire pour la droite et l\u2019extr\u00eame droite. R\u00e9unis \u00e0 Bruxelles, lundi 8 d\u00e9cembre, les ministres de l\u2019Int\u00e9rieur des pays de l\u2019Union europ\u00e9enne ont donn\u00e9 leur accord sur trois textes qui serrent la vis concernant <a href=\"https:\/\/actu.orange.fr\/france\/immigration-en-france-les-demandes-d-asile-battent-des-records-en-europe-magic-CNT000002ioexy.html\" target=\"_blank\" rel=\"noopener\">l\u2019immigration<\/a>, rapporte <a href=\"https:\/\/www.lemonde.fr\/international\/article\/2025\/12\/08\/les-pays-de-l-union-europeenne-approuvent-un-net-durcissement-de-la-politique-migratoire_6656474_3210.html\" target=\"_blank\" rel=\"noopener\">Le Monde<\/a>. Une avanc\u00e9e obtenue sous l\u2019impulsion du Danemark, fervent d\u00e9fenseur des mesures, qui assure la pr\u00e9sidence tournante de l\u2019Union europ\u00e9enne. <\/p>\n<p class=\"lead \">Les Vingt-Sept ouvrent ainsi la voie \u00e0 l\u2019ouverture de centres (appel\u00e9s \u201chubs de retours\u201d) en dehors des fronti\u00e8res de l\u2019UE pour y envoyer les migrants dont la demande d\u2019asile aurait \u00e9t\u00e9 rejet\u00e9e. Ce texte pr\u00e9voit aussi un durcissement des sanctions pour ceux qui refusent de quitter le territoire europ\u00e9en. Cela correspond, entre autres, \u00e0 des p\u00e9riodes de d\u00e9tention plus longues et au renvoi de migrants vers des pays que l\u2019Europe consid\u00e8re comme \u201cs\u00fbrs\u201d.<\/p>\n<p class=\"lead \">\u201cIl est vraiment important que nous donnions aux citoyens le sentiment que nous ma\u00eetrisons ce qui se passe\u201d, a d\u00e9clar\u00e9 le commissaire europ\u00e9en Magnus Brunner, \u00e0 l\u2019origine du texte, alors que la pression sur les responsables politiques n\u2019est pas retomb\u00e9e, malgr\u00e9 une baisse de 20 % d\u2019entr\u00e9es irr\u00e9guli\u00e8res, explique le quotidien.<\/p>\n<p class=\"lead \"><strong>La France et l\u2019Espagne sceptiques<\/strong><\/p>\n<p class=\"lead \">Si la droite et l\u2019extr\u00eame droite peuvent se r\u00e9jouir, c&rsquo;est la douche froide pour la gauche et les associations de protection des exil\u00e9s. \u201cAu lieu d\u2019investir dans la s\u00e9curit\u00e9, la protection et l\u2019inclusion, l\u2019UE choisit des politiques qui plongeront davantage de personnes dans le danger et l\u2019ins\u00e9curit\u00e9 juridique\u201d, alerte Silvia Carta, charg\u00e9e de plaidoyer chez Picum, une ONG de protection des sans-papiers.<\/p>\n<p class=\"lead \">La France, qui s\u2019interroge sur la l\u00e9galit\u00e9 et l\u2019efficacit\u00e9 de certaines de ces mesures, et l\u2019Espagne, d\u00e9favorable aux hubs de retour, font partie des pays sceptiques de ce durcissement mais leur position est de plus en plus \u201cdifficile \u00e0 tenir\u201d \u00e0 cause de la forte pression exerc\u00e9e par certains pays, a expliqu\u00e9 le ministre de l\u2019Int\u00e9rieur espagnol, Fernando Grande-Marlaska.<\/p>\n<p class=\"lead \">Les pays membres se sont aussi accord\u00e9s sur un nouveau syst\u00e8me de r\u00e9partition des demandeurs d\u2019asile en Europe. L\u2019UE demandera que les \u00c9tats membres relocalisent sur leur sol ou versent 20 000 euros en compensation aux pays situ\u00e9s le long des routes migratoires comme la Gr\u00e8ce et l\u2019Italie, souvent sous pression. Une d\u00e9marche qui prendra effet d\u00e8s juin 2026.<\/p>\n<p class=\"small font-weight-bold text-gray3 \"> publi\u00e9 le 8 d\u00e9cembre \u00e0 14h47, S\u00e9bastien Salpietro, 6Medias<\/p>\n<p>                             Partager<\/p>\n","protected":false},"excerpt":{"rendered":"Lundi 8 d\u00e9cembre, les pays de l\u2019Union europ\u00e9enne ont donn\u00e9 leur accord sur trois textes qui durcissent la&hellip;\n","protected":false},"author":2,"featured_media":586451,"comment_status":"","ping_status":"","sticky":false,"template":"","format":"standard","meta":{"footnotes":""},"categories":[1586],"tags":[11,1777,674,1779,1011,27,12,25,1778,364],"class_list":{"0":"post-586450","1":"post","2":"type-post","3":"status-publish","4":"format-standard","5":"has-post-thumbnail","7":"category-europe","8":"tag-actualites","9":"tag-eu","10":"tag-europe","11":"tag-european-union","12":"tag-fr","13":"tag-france","14":"tag-news","15":"tag-republique-francaise","16":"tag-ue","17":"tag-union-europeenne"},"share_on_mastodon":{"url":"https:\/\/pubeurope.com\/@fr\/115684289086038338","error":""},"_links":{"self":[{"href":"https:\/\/www.europesays.com\/fr\/wp-json\/wp\/v2\/posts\/586450","targetHints":{"allow":["GET"]}}],"collection":[{"href":"https:\/\/www.europesays.com\/fr\/wp-json\/wp\/v2\/posts"}],"about":[{"href":"https:\/\/www.europesays.com\/fr\/wp-json\/wp\/v2\/types\/post"}],"author":[{"embeddable":true,"href":"https:\/\/www.europesays.com\/fr\/wp-json\/wp\/v2\/users\/2"}],"replies":[{"embeddable":true,"href":"https:\/\/www.europesays.com\/fr\/wp-json\/wp\/v2\/comments?post=586450"}],"version-history":[{"count":0,"href":"https:\/\/www.europesays.com\/fr\/wp-json\/wp\/v2\/posts\/586450\/revisions"}],"wp:featuredmedia":[{"embeddable":true,"href":"https:\/\/www.europesays.com\/fr\/wp-json\/wp\/v2\/media\/586451"}],"wp:attachment":[{"href":"https:\/\/www.europesays.com\/fr\/wp-json\/wp\/v2\/media?parent=586450"}],"wp:term":[{"taxonomy":"category","embeddable":true,"href":"https:\/\/www.europesays.com\/fr\/wp-json\/wp\/v2\/categories?post=586450"},{"taxonomy":"post_tag","embeddable":true,"href":"https:\/\/www.europesays.com\/fr\/wp-json\/wp\/v2\/tags?post=586450"}],"curies":[{"name":"wp","href":"https:\/\/api.w.org\/{rel}","templated":true}]}}