{"id":586452,"date":"2025-12-08T13:55:13","date_gmt":"2025-12-08T13:55:13","guid":{"rendered":"https:\/\/www.europesays.com\/fr\/586452\/"},"modified":"2025-12-08T13:55:13","modified_gmt":"2025-12-08T13:55:13","slug":"la-guerre-agricole-se-prepare-alerte-la-ministre-annie-genevard","status":"publish","type":"post","link":"https:\/\/www.europesays.com\/fr\/586452\/","title":{"rendered":"\u00abLa guerre agricole se pr\u00e9pare\u00bb, alerte la ministre Annie Genevard"},"content":{"rendered":"<p>\n    La ministre de l\u2019agriculture a pr\u00e9sent\u00e9 lundi \u00e0 Rungis une strat\u00e9gie nationale sur dix ans en soulignant les pressions internationales et environnementales qui mettent en p\u00e9ril la production agricole.<\/p>\n<p class=\"fig-paragraph\">\u00abSi nous sommes r\u00e9unis ici, c&rsquo;est que la guerre agricole se pr\u00e9pare\u00bb, a d\u00e9clar\u00e9 lundi 8 d\u00e9cembre la ministre de l&rsquo;Agriculture,\u00a0<a href=\"http:\/\/www.lefigaro.fr\/politique\/annie-genevard-lr-ministre-de-l-agriculture-demissionnaire-compte-rester-au-gouvernement-lecornu-2-20251012\" data-fig-type=\"NewsFlash\" data-gtm-custom-categorie=\"navigation\" data-gtm-custom-action=\"crossclick\" data-gtm-custom-label=\"Contextuel\" data-gtm-event=\"customEventSPE\" data-fig-domain=\"LEFIGARO\" target=\"_blank\" rel=\"noopener\">Annie Genevard<\/a>, en lan\u00e7ant les \u00abconf\u00e9rences de la souverainet\u00e9 alimentaire\u00bb destin\u00e9es \u00e0 d\u00e9finir une strat\u00e9gie agricole nationale sur dix ans.<\/p>\n<p class=\"fig-paragraph\">\u00abLa guerre agricole menace chaque jour un peu plus et il est temps d&rsquo;agir\u00bb, a martel\u00e9 la ministre, estimant que l&rsquo;actualit\u00e9 mondiale, avec la guerre en Ukraine, la politique douani\u00e8re am\u00e9ricaine ou les taxes chinoises, dissipe \u00abl&rsquo;illusion\u00bb d&rsquo;une prosp\u00e9rit\u00e9 durable, sur fond de pressions climatiques ou encore d\u00e9mographiques, dans un discours appelant \u00e0 un \u00abgrand r\u00e9veil alimentaire\u00bb, depuis le march\u00e9 de gros de Rungis.<\/p>\n","protected":false},"excerpt":{"rendered":"La ministre de l\u2019agriculture a pr\u00e9sent\u00e9 lundi \u00e0 Rungis une strat\u00e9gie nationale sur dix ans en soulignant les&hellip;\n","protected":false},"author":2,"featured_media":586453,"comment_status":"","ping_status":"","sticky":false,"template":"","format":"standard","meta":{"footnotes":""},"categories":[2],"tags":[11,327,40857,1011,27,12,25],"class_list":{"0":"post-586452","1":"post","2":"type-post","3":"status-publish","4":"format-standard","5":"has-post-thumbnail","7":"category-actualites","8":"tag-actualites","9":"tag-agriculture","10":"tag-annie-genevard","11":"tag-fr","12":"tag-france","13":"tag-news","14":"tag-republique-francaise"},"share_on_mastodon":{"url":"https:\/\/pubeurope.com\/@fr\/115684293266449300","error":""},"_links":{"self":[{"href":"https:\/\/www.europesays.com\/fr\/wp-json\/wp\/v2\/posts\/586452","targetHints":{"allow":["GET"]}}],"collection":[{"href":"https:\/\/www.europesays.com\/fr\/wp-json\/wp\/v2\/posts"}],"about":[{"href":"https:\/\/www.europesays.com\/fr\/wp-json\/wp\/v2\/types\/post"}],"author":[{"embeddable":true,"href":"https:\/\/www.europesays.com\/fr\/wp-json\/wp\/v2\/users\/2"}],"replies":[{"embeddable":true,"href":"https:\/\/www.europesays.com\/fr\/wp-json\/wp\/v2\/comments?post=586452"}],"version-history":[{"count":0,"href":"https:\/\/www.europesays.com\/fr\/wp-json\/wp\/v2\/posts\/586452\/revisions"}],"wp:featuredmedia":[{"embeddable":true,"href":"https:\/\/www.europesays.com\/fr\/wp-json\/wp\/v2\/media\/586453"}],"wp:attachment":[{"href":"https:\/\/www.europesays.com\/fr\/wp-json\/wp\/v2\/media?parent=586452"}],"wp:term":[{"taxonomy":"category","embeddable":true,"href":"https:\/\/www.europesays.com\/fr\/wp-json\/wp\/v2\/categories?post=586452"},{"taxonomy":"post_tag","embeddable":true,"href":"https:\/\/www.europesays.com\/fr\/wp-json\/wp\/v2\/tags?post=586452"}],"curies":[{"name":"wp","href":"https:\/\/api.w.org\/{rel}","templated":true}]}}